{"id":124336,"date":"2020-12-19T13:53:45","date_gmt":"2020-12-19T16:53:45","guid":{"rendered":"https:\/\/grandepremio.com\/br\/noticias\/lewis-hamilton-celebra-mudanca-e-preve-red-bull-mais-forte-com-sergio-perez-foi-incrivel-neste-ano\/"},"modified":"2020-12-19T13:53:49","modified_gmt":"2020-12-19T16:53:49","slug":"lewis-hamilton-celebra-mudanca-e-preve-red-bull-mais-forte-com-sergio-perez-foi-incrivel-neste-ano","status":"publish","type":"post","link":"https:\/\/grandepremio.com\/br\/f1\/lewis-hamilton-celebra-mudanca-e-preve-red-bull-mais-forte-com-sergio-perez-foi-incrivel-neste-ano\/","title":{"rendered":"Hamilton celebra mudan\u00e7a e prev\u00ea Red Bull mais forte com P\u00e9rez: \u201cFoi incr\u00edvel neste ano\u201d"},"content":{"rendered":"\n<p class=\"wp-block-paragraph\">Lewis Hamilton j\u00e1 espera encarar uma briga dif\u00edcil com a Red Bull por conta da chegada de Sergio P\u00e9rez. O ingl\u00eas comemorou a <a href=\"https:\/\/www.grandepremio.com\/br\/f1\/noticias\/red-bull-traz-sergio-perez-como-titular-e-rebaixa-alexander-albon-a-reserva-em-2021\/\">ida do mexicano para a equipe taurina<\/a> e apontou que o time vai ser bastante beneficiado pela experi\u00eancia e competitividade do competidor.<\/p>\n\n\n\n<p class=\"wp-block-paragraph\">A temporada 2021 marca a 11\u00aa de Checo na F\u00f3rmula 1. Em 2020, teve sua campanha mais forte na categoria e ao alcan\u00e7ar sua primeira vit\u00f3ria ap\u00f3s 191 corridas disputas e mais outro p\u00f3dio, somou 125 pontos e encerrou a classifica\u00e7\u00e3o na quarta coloca\u00e7\u00e3o, atr\u00e1s apenas da dupla da Mercedes e Max Verstappen.<\/p>\n\n\n\n<p class=\"wp-block-paragraph\">\u201cNaturalmente, vai fazer a Red Bull mais forte, especialmente da maneira que Sergio tem pilotado. Acredito que foi incr\u00edvel neste ano e realmente mereceu a vaga. Fiquei muito, muito feliz que conseguiu ir para uma das equipes de ponta e recebeu a oportunidade. Acredito que vai ser uma briga animadora de assistir contra Max\u201d, opinou Hamilton.<\/p>\n\n\n\n<figure class=\"wp-block-image size-large\"><img decoding=\"async\" src=\"https:\/\/www.grandepremio.com\/br\/wp-content\/uploads\/2020\/12\/Epj5SRWW4AIO4Nj.jpg\" alt=\"\" class=\"wp-image-443506\"\/><figcaption>Hamilton cr\u00ea que a Red Bull tomou decis\u00e3o certa ao assinar com P\u00e9rez (Foto: Reprodu\u00e7\u00e3o)<\/figcaption><\/figure>\n\n\n\n<p class=\"wp-block-paragraph\"><strong><br>Conhe\u00e7a o canal do Grande Pr\u00eamio no YouTube! Clique\u00a0<a rel=\"noreferrer noopener\" href=\"https:\/\/youtube.com\/GrandePremioTV\" target=\"_blank\">aqui<\/a>.<br>Siga o Grande Pr\u00eamio no\u00a0<a rel=\"noreferrer noopener\" href=\"https:\/\/twitter.com\/grandepremio\" target=\"_blank\">Twitter\u00a0<\/a>e no\u00a0<a rel=\"noreferrer noopener\" href=\"https:\/\/instagram.com\/grandepremio\" target=\"_blank\">Instagram<\/a>!<\/strong><\/p>\n\n\n\n<p class=\"wp-block-paragraph\">\u201cIsso vai tornar as coisas muito mais dif\u00edceis para n\u00f3s como equipe, teremos de melhorar nosso jogo, pois vai ser uma briga que n\u00e3o temos visto faz um tempo, ter dois pilotos brigando contra n\u00f3s. Mas gostamos disso como equipe, \u00e9 para isso que trabalhamos, amamos o desafio e isso torna as coisas muito mais animadoras\u201d, seguiu.<\/p>\n\n\n\n<p class=\"wp-block-paragraph\">\u201cCom todo respeito a Alex [Albon], nas corridas que tivemos em 2020 tem sido Valtteri [Bottas] e eu contra Max. J\u00e1 estive na posi\u00e7\u00e3o que Max est\u00e1, quando estava na McLaren, eu liderava e o segundo carro n\u00e3o estava na briga. Quando brig\u00e1vamos contra a Ferrari, podiam jogar, usar diferentes estrat\u00e9gias e dificultar muito para n\u00f3s\u201d, encerrou.<\/p>\n\n\n\n<p class=\"wp-block-paragraph\">P\u00e9rez chega \u00e0 Red Bull para substituir Albon, <a href=\"https:\/\/www.grandepremio.com\/br\/f1\/noticias\/rebaixado-para-reserva-albon-segue-membro-importante-da-red-bull-diz-chefe\/\">que \u00e9 colocado como piloto reserva para 2021<\/a>. O tailand\u00eas subiu ao time principal para substituir o rebaixado Pierre Gasly na metade do \u00faltimo ano e desde ent\u00e3o, teve dois p\u00f3dios em 2020 como melhores resultados. No mesmo per\u00edodo, Max terminou 15 vezes no top-3, tr\u00eas delas com vit\u00f3rias.<\/p>\n\n\n\n<p class=\"wp-block-paragraph\">Durante sua r\u00e1pida passagem pela equipe taurina, o franc\u00eas tamb\u00e9m n\u00e3o conseguiu fazer frente ao companheiro e conseguiu apenas um quarto lugar como melhor chegada. Desde que voltou \u00e0 AlphaTauri subiu duas vezes ao p\u00f3dio, uma com triunfo.<\/p>\n\n\n\n<figure class=\"wp-block-embed is-type-rich is-provider-spotify wp-block-embed-spotify wp-embed-aspect-21-9 wp-has-aspect-ratio\"><div class=\"wp-block-embed__wrapper\">\nhttps:\/\/open.spotify.com\/episode\/5yVXGoyHY6J0lRF4E8kO49\n<\/div><\/figure>\n\n\n\n<figure class=\"wp-block-embed is-type-video is-provider-youtube wp-block-embed-youtube wp-embed-aspect-16-9 wp-has-aspect-ratio\"><div class=\"wp-block-embed__wrapper\">\n<iframe loading=\"lazy\" title=\"RED BULL escolhe Sergio PEREZ para F1 2021: o que esperar? | GP \u00e0s 10\" width=\"500\" height=\"281\" src=\"https:\/\/www.youtube.com\/embed\/PajiC24ZP08?feature=oembed\" frameborder=\"0\" allow=\"accelerometer; autoplay; clipboard-write; encrypted-media; gyroscope; picture-in-picture; web-share\" referrerpolicy=\"strict-origin-when-cross-origin\" allowfullscreen><\/iframe>\n<\/div><\/figure>\n","protected":false},"excerpt":{"rendered":"<p>O heptacampe\u00e3o exaltou a nova casa do mexicano e j\u00e1 espera que a equipe taurina vai dar trabalho para a Mercedes, pois ser\u00e3o dois pilotos brigando diretamente<\/p>\n","protected":false},"author":0,"featured_media":1000443505,"comment_status":"closed","ping_status":"closed","sticky":false,"template":"","format":"standard","meta":{"42wp_featured_image_caption":"","42wp_featured_image_credits":"","42wp_featured_video":"","42wp_featured_image_hidden":false,"42wp_authors_list":[],"footnotes":""},"categories":[2],"tags":[147,118,24837,24860,24859,24861,87,204,24863],"42wp_author":[47123],"class_list":["post-124336","post","type-post","status-publish","format-standard","has-post-thumbnail","hentry","category-f1","tag-f1","tag-f1-2020","tag-formula-1-2","tag-formula-1-2020-2","tag-horario-f1-2020","tag-horario-formula-1-2020","tag-lewis-hamilton","tag-red-bull","tag-sergio-perez-2","42wp_author-nathalia-de-vivo"],"_links":{"self":[{"href":"https:\/\/grandepremio.com\/br\/wp-json\/wp\/v2\/posts\/124336","targetHints":{"allow":["GET"]}}],"collection":[{"href":"https:\/\/grandepremio.com\/br\/wp-json\/wp\/v2\/posts"}],"about":[{"href":"https:\/\/grandepremio.com\/br\/wp-json\/wp\/v2\/types\/post"}],"replies":[{"embeddable":true,"href":"https:\/\/grandepremio.com\/br\/wp-json\/wp\/v2\/comments?post=124336"}],"version-history":[{"count":0,"href":"https:\/\/grandepremio.com\/br\/wp-json\/wp\/v2\/posts\/124336\/revisions"}],"wp:featuredmedia":[{"embeddable":true,"href":"https:\/\/grandepremio.com\/br\/wp-json\/wp\/v2\/media\/1000443505"}],"wp:attachment":[{"href":"https:\/\/grandepremio.com\/br\/wp-json\/wp\/v2\/media?parent=124336"}],"wp:term":[{"taxonomy":"category","embeddable":true,"href":"https:\/\/grandepremio.com\/br\/wp-json\/wp\/v2\/categories?post=124336"},{"taxonomy":"post_tag","embeddable":true,"href":"https:\/\/grandepremio.com\/br\/wp-json\/wp\/v2\/tags?post=124336"},{"taxonomy":"42wp_author","embeddable":true,"href":"https:\/\/grandepremio.com\/br\/wp-json\/wp\/v2\/42wp_author?post=124336"}],"curies":[{"name":"wp","href":"https:\/\/api.w.org\/{rel}","templated":true}]}}