{"id":124338,"date":"2020-12-19T10:38:13","date_gmt":"2020-12-19T13:38:13","guid":{"rendered":"https:\/\/grandepremio.com\/br\/noticias\/charles-leclerc-recebe-carlos-sainz-na-ferrari-e-diz-que-tenho-certeza-que-posso-aprender-muito\/"},"modified":"2020-12-19T10:38:16","modified_gmt":"2020-12-19T13:38:16","slug":"charles-leclerc-recebe-carlos-sainz-na-ferrari-e-diz-que-tenho-certeza-que-posso-aprender-muito","status":"publish","type":"post","link":"https:\/\/grandepremio.com\/br\/f1\/charles-leclerc-recebe-carlos-sainz-na-ferrari-e-diz-que-tenho-certeza-que-posso-aprender-muito\/","title":{"rendered":"Leclerc recebe Sainz na Ferrari e diz que \u201ctenho certeza que posso aprender muito\u201d"},"content":{"rendered":"\n<p class=\"wp-block-paragraph\">Charles Leclerc recebeu Carlos Sainz Jr em seu primeiro dia como piloto oficial da Ferrari. O monegasco mostrou anima\u00e7\u00e3o com a chegada do espanhol na equipe e j\u00e1 prev\u00ea aprender muito com o novo companheiro.<\/p>\n\n\n\n<p class=\"wp-block-paragraph\">Ap\u00f3s dois anos na McLaren e partindo para sua s\u00e9tima temporada na F\u00f3rmula 1, o competidor de 26 anos parte para a escuderia de Maranello em 2021. O competidor se torna o terceiro espanhol a defender o time, ao lado de Fernando Alonso e Marquis Alfonso de Portago.<\/p>\n\n\n\n<p class=\"wp-block-paragraph\">Na \u00faltima-sexta, <a href=\"https:\/\/www.grandepremio.com\/br\/f1\/noticias\/carlos-sainz-visita-maranello-e-faz-primeiro-molde-do-assento-da-ferrari-como-preparacao-para-2021\/\">Carlos foi a Maranello pela primeira vez<\/a> onde conheceu mec\u00e2nicos, fez o primeiro molde do carro para a temporada 2021 e participou de um almo\u00e7o virtual com a imprensa com Leclerc e \u00a0Mattia Binotto.<\/p>\n\n\n\n<figure class=\"wp-block-image size-large\"><img decoding=\"async\" src=\"https:\/\/www.grandepremio.com\/br\/wp-content\/uploads\/2020\/12\/EpmHXJyXYAAs5jE-1024x576.jpg\" alt=\"\" class=\"wp-image-443473\"\/><figcaption>Leclerc recebeu Sainz em seu primeiro dia na Ferrari (Foto: Ferrari)<\/figcaption><\/figure>\n\n\n\n<p class=\"wp-block-paragraph\"><strong>Conhe\u00e7a o canal do Grande Pr\u00eamio no YouTube! Clique\u00a0<a rel=\"noreferrer noopener\" href=\"https:\/\/youtube.com\/GrandePremioTV\" target=\"_blank\">aqui<\/a>.<br>Siga o Grande Pr\u00eamio no\u00a0<a rel=\"noreferrer noopener\" href=\"https:\/\/twitter.com\/grandepremio\" target=\"_blank\">Twitter\u00a0<\/a>e no\u00a0<a rel=\"noreferrer noopener\" href=\"https:\/\/instagram.com\/grandepremio\" target=\"_blank\">Instagram<\/a>!<\/strong><\/p>\n\n\n\n<p class=\"wp-block-paragraph\">\u201cCarlos est\u00e1 tendo seu primeiro vestido de vermelho e gosto de dar as boas-vindas a ele ao time. J\u00e1 estou animado para trabalhar com Carlos em 2021. Tenho certeza de que posso aprender muito com ele. \u00c9 muito competitivo, est\u00e1 muito motivado\u201d, disse o monegasco.<\/p>\n\n\n\n<p class=\"wp-block-paragraph\">O chefe da Ferrari tamb\u00e9m comentou sobre a chegada do espanhol. <a href=\"https:\/\/www.grandepremio.com\/br\/f1\/noticias\/ferrari-nega-favorecimento-de-charles-leclerc-a-carlos-sainz-em-2021-terao-as-mesmas-oportunidades\/\">O dirigente afirmou que no in\u00edcio do pr\u00f3ximo campeonato nenhum dos competidores ter\u00e1 prefer\u00eancia<\/a>, priorizando apenas os interesses da equipe.<\/p>\n\n\n\n<p class=\"wp-block-paragraph\">Com a dupla formada por Sainz e Leclerc, a escuderia do cavalo rampante vai ter a dupla mais jovem desde 1968, com m\u00e9dia de idade de 24,5 anos. Na \u00e9poca, Jack Ickx e Chris Amon eram os competidores e tinham m\u00e9dia de 24 anos.<\/p>\n\n\n\n<figure class=\"wp-block-embed is-type-rich is-provider-spotify wp-block-embed-spotify wp-embed-aspect-21-9 wp-has-aspect-ratio\"><div class=\"wp-block-embed__wrapper\">\nhttps:\/\/open.spotify.com\/episode\/5yVXGoyHY6J0lRF4E8kO49\n<\/div><\/figure>\n\n\n\n<figure class=\"wp-block-embed is-type-video is-provider-youtube wp-block-embed-youtube wp-embed-aspect-16-9 wp-has-aspect-ratio\"><div class=\"wp-block-embed__wrapper\">\n<iframe loading=\"lazy\" title=\"RED BULL escolhe Sergio PEREZ para F1 2021: o que esperar? | GP \u00e0s 10\" width=\"500\" height=\"281\" src=\"https:\/\/www.youtube.com\/embed\/PajiC24ZP08?feature=oembed\" frameborder=\"0\" allow=\"accelerometer; autoplay; clipboard-write; encrypted-media; gyroscope; picture-in-picture; web-share\" referrerpolicy=\"strict-origin-when-cross-origin\" allowfullscreen><\/iframe>\n<\/div><\/figure>\n","protected":false},"excerpt":{"rendered":"<p>O monegasco mostrou anima\u00e7\u00e3o com a chegada do novo companheiro de equipe, destacando a motiva\u00e7\u00e3o e competitividade do espanhol<\/p>\n","protected":false},"author":0,"featured_media":1000443477,"comment_status":"closed","ping_status":"closed","sticky":false,"template":"","format":"standard","meta":{"42wp_featured_image_caption":"","42wp_featured_image_credits":"","42wp_featured_video":"","42wp_featured_image_hidden":false,"42wp_authors_list":[],"footnotes":""},"categories":[2],"tags":[563,209,147,118,207,24837,24860,24859,24861,886],"42wp_author":[47123],"class_list":["post-124338","post","type-post","status-publish","format-standard","has-post-thumbnail","hentry","category-f1","tag-carlos-sainz-jr","tag-charles-leclerc","tag-f1","tag-f1-2020","tag-ferrari","tag-formula-1-2","tag-formula-1-2020-2","tag-horario-f1-2020","tag-horario-formula-1-2020","tag-maranello","42wp_author-nathalia-de-vivo"],"_links":{"self":[{"href":"https:\/\/grandepremio.com\/br\/wp-json\/wp\/v2\/posts\/124338","targetHints":{"allow":["GET"]}}],"collection":[{"href":"https:\/\/grandepremio.com\/br\/wp-json\/wp\/v2\/posts"}],"about":[{"href":"https:\/\/grandepremio.com\/br\/wp-json\/wp\/v2\/types\/post"}],"replies":[{"embeddable":true,"href":"https:\/\/grandepremio.com\/br\/wp-json\/wp\/v2\/comments?post=124338"}],"version-history":[{"count":0,"href":"https:\/\/grandepremio.com\/br\/wp-json\/wp\/v2\/posts\/124338\/revisions"}],"wp:featuredmedia":[{"embeddable":true,"href":"https:\/\/grandepremio.com\/br\/wp-json\/wp\/v2\/media\/1000443477"}],"wp:attachment":[{"href":"https:\/\/grandepremio.com\/br\/wp-json\/wp\/v2\/media?parent=124338"}],"wp:term":[{"taxonomy":"category","embeddable":true,"href":"https:\/\/grandepremio.com\/br\/wp-json\/wp\/v2\/categories?post=124338"},{"taxonomy":"post_tag","embeddable":true,"href":"https:\/\/grandepremio.com\/br\/wp-json\/wp\/v2\/tags?post=124338"},{"taxonomy":"42wp_author","embeddable":true,"href":"https:\/\/grandepremio.com\/br\/wp-json\/wp\/v2\/42wp_author?post=124338"}],"curies":[{"name":"wp","href":"https:\/\/api.w.org\/{rel}","templated":true}]}}