{"id":124346,"date":"2020-12-19T04:15:00","date_gmt":"2020-12-19T07:15:00","guid":{"rendered":"https:\/\/grandepremio.com\/br\/noticias\/mercedes-nao-teme-novo-regulamento-e-diz-que-2022-sera-so-uma-questao-de-adaptacao\/"},"modified":"2020-12-18T20:11:44","modified_gmt":"2020-12-18T23:11:44","slug":"mercedes-nao-teme-novo-regulamento-e-diz-que-2022-sera-so-uma-questao-de-adaptacao","status":"publish","type":"post","link":"https:\/\/grandepremio.com\/br\/f1\/mercedes-nao-teme-novo-regulamento-e-diz-que-2022-sera-so-uma-questao-de-adaptacao\/","title":{"rendered":"Mercedes n\u00e3o teme novo regulamento e diz que \u201c2022 ser\u00e1 s\u00f3 uma quest\u00e3o de adapta\u00e7\u00e3o\u201d"},"content":{"rendered":"\n<p class=\"wp-block-paragraph\">A <a href=\"https:\/\/www.grandepremio.com\/br\/f1\/noticias\/f1-adia-novo-regulamento-para-2022-mas-mantem-teto-orcamentario-para-2021\/\">partir de 2022, a F\u00f3rmula 1 vai passar por uma enorme mudan\u00e7a de regulamento<\/a>. E isso abrange n\u00e3o s\u00f3 a parte t\u00e9cnica, mas tamb\u00e9m esportiva e tudo que diz respeito aos acordos financeiros e comerciais. A ideia dos chefes da maior categoria do esporte a motor \u00e9 tornar a disputa mais equilibrada e reduzir os custos do campeonato. Diante desse cen\u00e1rio, tamb\u00e9m existe uma expectativa de que alguma equipe seja capaz de fazer frente \u00e0 Mercedes, dentro de uma nova realidade. O chef\u00e3o da poderosa esquadra alem\u00e3 tem consci\u00eancia das altera\u00e7\u00f5es, mas n\u00e3o teme perder o posto de lideran\u00e7a que o time possui. Na verdade, o austr\u00edaco v\u00ea esse momento como uma grande oportunidade.<\/p>\n\n\n\n<p class=\"wp-block-paragraph\">Originalmente, o <a href=\"https:\/\/www.grandepremio.com\/br\/f1\/noticias\/como-vao-ser-os-carros-da-formula-1-a-partir-de-2021\/\">conjunto de mudan\u00e7as nas regras<\/a> seria imposto no pr\u00f3ximo ano. Por\u00e9m, diante dos efeitos da pandemia do novo coronav\u00edrus ao longo dessa temporada, a F\u00f3rmula 1, a Federa\u00e7\u00e3o Internacional de Automobilismo e as equipes decidiram por adiar a introdu\u00e7\u00e3o do regulamento. Assim, as novas normas ter\u00e3o de esperar mais um ano.<\/p>\n\n\n\n<p class=\"wp-block-paragraph\">A hist\u00f3ria da F1 conta que toda grande mudan\u00e7a de regulamento vem acompanhada tamb\u00e9m de um novo cen\u00e1rio em termos de hierarquia de for\u00e7as. E \u00e9 o que vive a Mercedes desde 2014, quando o Mundial adotou os motores h\u00edbridos e V6. Ningu\u00e9m interpretou melhor as regras do que o time de Brackley, que domina desde ent\u00e3o. Ao ser questionado sobre a F\u00f3rmula 1 de 2022, durante um evento da parceira Petronas, do qual tamb\u00e9m participou o <strong>GRANDE PR\u00caMIO<\/strong>, Wolff falou em \u201cgrandes expectativas\u201d.<\/p>\n\n\n\n<figure class=\"wp-block-image size-large is-style-default\"><img decoding=\"async\" src=\"https:\/\/www.grandepremio.com\/br\/wp-content\/uploads\/2020\/09\/M231947-e1600262780748-1024x715.jpg\" alt=\"TOTO WOLFF; MERCEDES\" class=\"wp-image-413321\"\/><figcaption>Toto Wolff, chefe de equipe da Mercedes,  disse que novo regulamento \u00e9 uma quest\u00e3o de adapta\u00e7\u00e3o (Foto: Mercedes)<\/figcaption><\/figure>\n\n\n\n<p class=\"wp-block-paragraph\"><strong>Conhe\u00e7a o canal do Grande Pr\u00eamio no YouTube! Clique&nbsp;<a rel=\"noreferrer noopener\" href=\"https:\/\/youtube.com\/GrandePremioTV\" target=\"_blank\">aqui<\/a>.<br>Siga o Grande Pr\u00eamio no&nbsp;<a rel=\"noreferrer noopener\" href=\"https:\/\/twitter.com\/grandepremio\" target=\"_blank\">Twitter&nbsp;<\/a>e no&nbsp;<a rel=\"noreferrer noopener\" href=\"https:\/\/instagram.com\/grandepremio\" target=\"_blank\">Instagram<\/a>!<\/strong><\/p>\n\n\n\n<p class=\"wp-block-paragraph\">\u201cToda a mudan\u00e7a de regulamento \u00e9 uma grande oportunidade de fazer melhor e \u00e9 uma grande motiva\u00e7\u00e3o\u201d, afirmou aos jornalistas. \u201cN\u00f3s conversamos como a equipe pode desempenhar com o mesmo n\u00edvel e parte disso \u00e9 por causa do regulamento e o quanto isso nos desafia. Em 2022, ser\u00e1 uma grande mudan\u00e7a. Os carros ser\u00e3o bem distintos, a aerodin\u00e2mica ser\u00e1 fundamental diferente e ainda termos pneus de 18 polegadas, ser\u00e1 interessante\u201d, completou.<\/p>\n\n\n\n<p class=\"wp-block-paragraph\">Mas o austr\u00edaco disse tamb\u00e9m que a nova ordem de for\u00e7as ser\u00e1 pautada por quem melhor se adaptar a tudo que envolve o novo ambiente da F1. \u201cNa verdade, \u00e9 uma quest\u00e3o de adapta\u00e7\u00e3o mesmo. Qual equipe vai se adaptar mais r\u00e1pido? Qual equipe vai entender melhor o teto or\u00e7ament\u00e1rio&#8230; Ent\u00e3o, que venha 2022\u201d, encerrou.<\/p>\n\n\n\n<p class=\"wp-block-paragraph\">Nesta sexta-feira (18), <a href=\"https:\/\/www.grandepremio.com\/br\/f1\/noticias\/toto-wolff-renova-com-mercedes-por-mais-3-anos-e-ineos-garante-1-3-das-acoes-da-equipe\/\">a Mercedes anunciou a renova\u00e7\u00e3o do contrato de Toto. O dirigente assinou por mais tr\u00eas temporadas<\/a>, o que o coloca tamb\u00e9m nesse cen\u00e1rio de mudan\u00e7a nas regras. Ainda, de acordo com a nota da equipe alem\u00e3, Wolff adquiriu mais a\u00e7\u00f5es e agora conta com 33% de participa\u00e7\u00e3o no time. As outras partes est\u00e3o com a Daimler e a Ineos, empresa do ramo qu\u00edmico.<\/p>\n\n\n\n<figure class=\"wp-block-embed is-type-video is-provider-youtube wp-block-embed-youtube wp-embed-aspect-16-9 wp-has-aspect-ratio\"><div class=\"wp-block-embed__wrapper\">\n<iframe loading=\"lazy\" title=\"RED BULL escolhe Sergio PEREZ para F1 2021: o que esperar? | GP \u00e0s 10\" width=\"500\" height=\"281\" src=\"https:\/\/www.youtube.com\/embed\/PajiC24ZP08?start=5&amp;feature=oembed\" frameborder=\"0\" allow=\"accelerometer; autoplay; clipboard-write; encrypted-media; gyroscope; picture-in-picture; web-share\" referrerpolicy=\"strict-origin-when-cross-origin\" allowfullscreen><\/iframe>\n<\/div><\/figure>\n","protected":false},"excerpt":{"rendered":"<p>Chefe da Mercedes, Toto Wolff n\u00e3o acha que a mudan\u00e7a dr\u00e1stica de regulamento pela qual a F\u00f3rmula 1 vai passar 2022 \u00e9 motivo de preocupa\u00e7\u00e3o. Ao contr\u00e1rio, para o dirigente, \u00e9 uma nova oportunidade que se abre para seguir dominando o esporte<\/p>\n","protected":false},"author":0,"featured_media":1000432116,"comment_status":"closed","ping_status":"closed","sticky":false,"template":"","format":"standard","meta":{"42wp_featured_image_caption":"","42wp_featured_image_credits":"","42wp_featured_video":"","42wp_featured_image_hidden":false,"42wp_authors_list":[],"footnotes":""},"categories":[2],"tags":[147,118,1357,82,562,150],"42wp_author":[47115],"class_list":["post-124346","post","type-post","status-publish","format-standard","has-post-thumbnail","hentry","category-f1","tag-f1","tag-f1-2020","tag-f1-2022","tag-mercedes","tag-novo-regulamento","tag-toto-wolff","42wp_author-evelyn-guimaraes"],"_links":{"self":[{"href":"https:\/\/grandepremio.com\/br\/wp-json\/wp\/v2\/posts\/124346","targetHints":{"allow":["GET"]}}],"collection":[{"href":"https:\/\/grandepremio.com\/br\/wp-json\/wp\/v2\/posts"}],"about":[{"href":"https:\/\/grandepremio.com\/br\/wp-json\/wp\/v2\/types\/post"}],"replies":[{"embeddable":true,"href":"https:\/\/grandepremio.com\/br\/wp-json\/wp\/v2\/comments?post=124346"}],"version-history":[{"count":0,"href":"https:\/\/grandepremio.com\/br\/wp-json\/wp\/v2\/posts\/124346\/revisions"}],"wp:featuredmedia":[{"embeddable":true,"href":"https:\/\/grandepremio.com\/br\/wp-json\/wp\/v2\/media\/1000432116"}],"wp:attachment":[{"href":"https:\/\/grandepremio.com\/br\/wp-json\/wp\/v2\/media?parent=124346"}],"wp:term":[{"taxonomy":"category","embeddable":true,"href":"https:\/\/grandepremio.com\/br\/wp-json\/wp\/v2\/categories?post=124346"},{"taxonomy":"post_tag","embeddable":true,"href":"https:\/\/grandepremio.com\/br\/wp-json\/wp\/v2\/tags?post=124346"},{"taxonomy":"42wp_author","embeddable":true,"href":"https:\/\/grandepremio.com\/br\/wp-json\/wp\/v2\/42wp_author?post=124346"}],"curies":[{"name":"wp","href":"https:\/\/api.w.org\/{rel}","templated":true}]}}