{"id":124359,"date":"2020-12-18T11:00:00","date_gmt":"2020-12-18T14:00:00","guid":{"rendered":"https:\/\/grandepremio.com\/br\/noticias\/red-bull-traz-sergio-perez-como-titular-e-rebaixa-alexander-albon-a-reserva-em-2021\/"},"modified":"2020-12-18T18:37:59","modified_gmt":"2020-12-18T21:37:59","slug":"red-bull-traz-sergio-perez-como-titular-e-rebaixa-alexander-albon-a-reserva-em-2021","status":"publish","type":"post","link":"https:\/\/grandepremio.com\/br\/f1\/red-bull-traz-sergio-perez-como-titular-e-rebaixa-alexander-albon-a-reserva-em-2021\/","title":{"rendered":"Red Bull muda filosofia, traz P\u00e9rez como titular e rebaixa Albon a reserva em 2021"},"content":{"rendered":"\n<figure class=\"wp-block-embed is-type-video is-provider-youtube wp-block-embed-youtube wp-embed-aspect-16-9 wp-has-aspect-ratio\"><div class=\"wp-block-embed__wrapper\">\n<iframe loading=\"lazy\" title=\"RED BULL escolhe Sergio PEREZ para F1 2021: o que esperar? | GP \u00e0s 10\" width=\"500\" height=\"281\" src=\"https:\/\/www.youtube.com\/embed\/PajiC24ZP08?feature=oembed\" frameborder=\"0\" allow=\"accelerometer; autoplay; clipboard-write; encrypted-media; gyroscope; picture-in-picture; web-share\" referrerpolicy=\"strict-origin-when-cross-origin\" allowfullscreen><\/iframe>\n<\/div><\/figure>\n\n\n\n<p class=\"wp-block-paragraph\">O suspense acabou. Ap\u00f3s meses de mist\u00e9rio, de esconder o jogo e sem dar a menor sinaliza\u00e7\u00e3o poss\u00edvel sobre quem seria o companheiro de equipe de Max Verstappen na temporada 2021 da F\u00f3rmula 1, a Red Bull confirmou, na manh\u00e3 desta sexta-feira (18), que Sergio P\u00e9rez foi escolhido como titular. <\/p>\n\n\n\n<p class=\"wp-block-paragraph\">A indica\u00e7\u00e3o mais evidente de que o an\u00fancio estava por vir deu-se na noite de quinta-feira, quando a revista <a href=\"https:\/\/www.speedweek.com\/formel1\/news\/169528\/Red-Bull-Racing-2021-mit-Verstappen-und-Sergio-Perez.html\" target=\"_blank\" rel=\"noreferrer noopener\">Speed Week<\/a> publicou a not\u00edcia em seu site. A publica\u00e7\u00e3o \u00e9 de propriedade do grupo de m\u00eddia da Red Bull.<\/p>\n\n\n\n<figure class=\"wp-block-image size-large\"><img decoding=\"async\" src=\"https:\/\/www.grandepremio.com\/br\/wp-content\/uploads\/2020\/12\/racingpoint-sergioperez-01-2-1024x683.jpg\" alt=\"\" class=\"wp-image-440734\"\/><figcaption>Sergio P\u00e9rez foi um dos grandes nomes de 2020 na F1 (Foto: Racing Point)<\/figcaption><\/figure>\n\n\n\n<p class=\"wp-block-paragraph\">O acordo de P\u00e9rez, confirmado \u00e0s 11h (em Bras\u00edlia) e 8h no hor\u00e1rio mexicano \u00e9 v\u00e1lido apenas para a temporada 2021.<\/p>\n\n\n\n<p class=\"wp-block-paragraph\">A escolha da Red Bull \u00e9 uma recompensa pela temporada fort\u00edssima do mexicano. No \u00faltimo fim de semana, P\u00e9rez ratificou o quarto lugar do Mundial de Pilotos, atr\u00e1s somente da dupla da Mercedes e de Verstappen. O ex-Racing Point foi aos pontos em todas as corridas nas quais recebeu a bandeirada em 2020: ficou fora nos GPs da Inglaterra e dos 70 Anos, por ter testado positivo para Covid-19, Bahrein, onde estava a duas voltas do p\u00f3dio quando o motor estourou, e Abu Dhabi, onde um problema de c\u00e2mbio custou a corrida logo no in\u00edcio.<\/p>\n\n\n\n<figure class=\"wp-block-embed is-type-rich is-provider-spotify wp-block-embed-spotify wp-embed-aspect-21-9 wp-has-aspect-ratio\"><div class=\"wp-block-embed__wrapper\">\nhttps:\/\/open.spotify.com\/episode\/5yVXGoyHY6J0lRF4E8kO49\n<\/div><\/figure>\n\n\n\n<p class=\"wp-block-paragraph\">Al\u00e9m de tudo isso, P\u00e9rez <a href=\"https:\/\/www.grandepremio.com\/br\/f1\/noticias\/sergio-perez-vence-apos-cair-para-ultimo-e-george-russell-perde-por-problema-no-pneu-em-sakhir\/\">venceu pela primeira vez na carreira<\/a>. No GP de Sakhir, pen\u00faltima etapa do ano, chegou a cair para a \u00faltima posi\u00e7\u00e3o ap\u00f3s ter sido envolvido num acidente causado por Charles Leclerc. A recupera\u00e7\u00e3o rendeu vit\u00f3ria memor\u00e1vel.<\/p>\n\n\n\n<figure class=\"wp-block-image size-large\"><img decoding=\"async\" src=\"https:\/\/www.grandepremio.com\/br\/wp-content\/uploads\/2020\/11\/redbull-alexanderalbon-02-4-1024x683.jpg\" alt=\"\" class=\"wp-image-438508\"\/><figcaption>Albon ser\u00e1 apenas reserva da Red Bull em 2021 (Foto: Red Bull Content Pool)<\/figcaption><\/figure>\n\n\n\n<p class=\"wp-block-paragraph\">J\u00e1 a Red Bull muda sua abordagem hist\u00f3rica de desenvolvimento. \u00c9 a primeira vez desde Mark Webber, em 2007, que um piloto chega \u00e0 equipe principal da marca de energ\u00e9ticos sem ter passado antes pela equipe B, a AlphaTauri\/Toro Rosso. No per\u00edodo, foram promovidos Sebastian Vettel, Daniel Ricciardo, Daniil Kvyat, Verstappen, Pierre Gasly e Alexander Albon, todos com hist\u00f3rico ligado \u00e0 marca desde antes.<\/p>\n\n\n\n<p class=\"wp-block-paragraph\">Albon, por outro lado, fica fora do grid ap\u00f3s um come\u00e7o promissor na AlphaTauri e na pr\u00f3pria Red Bull, para onde fez a transi\u00e7\u00e3o em meados de 2019. Com Gasly de contrato renovado e Yuki Tsunoda escolhido, o que sobra para Albon \u00e9 ser piloto reserva da equipe em 2021.<\/p>\n\n\n\n<p class=\"wp-block-paragraph\">Corria por fora pela vaga Nico H\u00fclkenberg. O bom desempenho como substituto nas provas em que teve de entrar no lugar do pr\u00f3prio P\u00e9rez \u2014 os GPs da Inglaterra e dos 70 Anos, ambos em Silverstone \u2014 e de Lance Stroll \u2014 em Eifel \u2014 aproximaram o alem\u00e3o da F\u00f3rmula 1 novamente. O piloto chegou a frequentar as transmiss\u00f5es da Servus TV, emissora austr\u00edaca de propriedade da Red Bull, e foi visto at\u00e9 como favorito em um determinado momento pela liga\u00e7\u00e3o que criou com Helmut Marko. No fim das contas, acabou esquecido.<\/p>\n\n\n\n<p class=\"wp-block-paragraph\">P\u00e9rez e Stroll, os dois pilotos da Racing Point em 2020, deram lugar a H\u00fclkenberg por terem pegado coronav\u00edrus. <\/p>\n\n\n\n\n\n<figure class=\"wp-block-embed is-type-video is-provider-youtube wp-block-embed-youtube wp-embed-aspect-16-9 wp-has-aspect-ratio\"><div class=\"wp-block-embed__wrapper\">\n<iframe loading=\"lazy\" title=\"LEWIS HAMILTON: document\u00e1rio AINDA ASSIM ME LEVANTO, Parte 3 | Doc. GP F1\" width=\"500\" height=\"281\" src=\"https:\/\/www.youtube.com\/embed\/tkeFQ-mJ0Vs?feature=oembed\" frameborder=\"0\" allow=\"accelerometer; autoplay; clipboard-write; encrypted-media; gyroscope; picture-in-picture; web-share\" referrerpolicy=\"strict-origin-when-cross-origin\" allowfullscreen><\/iframe>\n<\/div><\/figure>\n","protected":false},"excerpt":{"rendered":"<p>A equipe escolheu o mexicano Sergio P\u00e9rez para formar dupla com Max Verstappen na temporada 2021 do Mundial de F\u00f3rmula 1<\/p>\n","protected":false},"author":0,"featured_media":1000442046,"comment_status":"closed","ping_status":"closed","sticky":false,"template":"","format":"standard","meta":{"42wp_featured_image_caption":"","42wp_featured_image_credits":"","42wp_featured_video":"","42wp_featured_image_hidden":false,"42wp_authors_list":[],"footnotes":""},"categories":[2],"tags":[654,118,24860,203,310,204,3132,1901],"42wp_author":[47120],"class_list":["post-124359","post","type-post","status-publish","format-standard","has-post-thumbnail","hentry","category-f1","tag-alexander-albon","tag-f1-2020","tag-formula-1-2020-2","tag-max-verstappen","tag-racing-point","tag-red-bull","tag-sergio-perez","tag-yas-marina","42wp_author-pedro-henrique-marum"],"_links":{"self":[{"href":"https:\/\/grandepremio.com\/br\/wp-json\/wp\/v2\/posts\/124359","targetHints":{"allow":["GET"]}}],"collection":[{"href":"https:\/\/grandepremio.com\/br\/wp-json\/wp\/v2\/posts"}],"about":[{"href":"https:\/\/grandepremio.com\/br\/wp-json\/wp\/v2\/types\/post"}],"replies":[{"embeddable":true,"href":"https:\/\/grandepremio.com\/br\/wp-json\/wp\/v2\/comments?post=124359"}],"version-history":[{"count":0,"href":"https:\/\/grandepremio.com\/br\/wp-json\/wp\/v2\/posts\/124359\/revisions"}],"wp:featuredmedia":[{"embeddable":true,"href":"https:\/\/grandepremio.com\/br\/wp-json\/wp\/v2\/media\/1000442046"}],"wp:attachment":[{"href":"https:\/\/grandepremio.com\/br\/wp-json\/wp\/v2\/media?parent=124359"}],"wp:term":[{"taxonomy":"category","embeddable":true,"href":"https:\/\/grandepremio.com\/br\/wp-json\/wp\/v2\/categories?post=124359"},{"taxonomy":"post_tag","embeddable":true,"href":"https:\/\/grandepremio.com\/br\/wp-json\/wp\/v2\/tags?post=124359"},{"taxonomy":"42wp_author","embeddable":true,"href":"https:\/\/grandepremio.com\/br\/wp-json\/wp\/v2\/42wp_author?post=124359"}],"curies":[{"name":"wp","href":"https:\/\/api.w.org\/{rel}","templated":true}]}}