{"id":124399,"date":"2020-12-16T08:54:00","date_gmt":"2020-12-16T11:54:00","guid":{"rendered":"https:\/\/grandepremio.com\/br\/noticias\/muito-orgulhoso-brawn-comemora-tarefa-impossivel-de-realizar-temporada-2020-da-f1\/"},"modified":"2020-12-16T09:47:29","modified_gmt":"2020-12-16T12:47:29","slug":"muito-orgulhoso-brawn-comemora-tarefa-impossivel-de-realizar-temporada-2020-da-f1","status":"publish","type":"post","link":"https:\/\/grandepremio.com\/br\/f1\/muito-orgulhoso-brawn-comemora-tarefa-impossivel-de-realizar-temporada-2020-da-f1\/","title":{"rendered":"&#8220;Muito orgulhoso&#8221;: Brawn comemora tarefa imposs\u00edvel de realizar temporada 2020"},"content":{"rendered":"\n<figure class=\"wp-block-embed is-type-video is-provider-youtube wp-block-embed-youtube wp-embed-aspect-16-9 wp-has-aspect-ratio\"><div class=\"wp-block-embed__wrapper\">\n<iframe loading=\"lazy\" title=\"F1: VETTEL deixa FERRARI e emociona por CARINHO, diz Flavio Gomes | GP \u00e0s 10\" width=\"500\" height=\"281\" src=\"https:\/\/www.youtube.com\/embed\/gfYrchVEkfI?feature=oembed\" frameborder=\"0\" allow=\"accelerometer; autoplay; clipboard-write; encrypted-media; gyroscope; picture-in-picture; web-share\" referrerpolicy=\"strict-origin-when-cross-origin\" allowfullscreen><\/iframe>\n<\/div><\/figure>\n\n\n\n<p class=\"wp-block-paragraph\">Paralisada por meses, com palcos in\u00e9ditos e um calend\u00e1rio montado durante a disputa: a F1 em 2020 n\u00e3o foi f\u00e1cil de ser realizada, e por isso Ross Brawn, diretor-esportivo da categoria, <strong><a href=\"https:\/\/www.grandepremio.com\/br\/f1\/noticias\/mais-graca-fora-do-que-dentro-da-pista-como-foi-o-pessimo-gp-de-abu-dhabi\/\">est\u00e1 orgulhoso do que foi alcan\u00e7ado<\/a><\/strong>.<\/p>\n\n\n\n<p class=\"wp-block-paragraph\">Foi o que ele disse durante participa\u00e7\u00e3o no podcast &#8216;F1 Nation&#8217;, nesta semana, ap\u00f3s o <strong><a href=\"https:\/\/grandepremium.com.br\/ranking-gp\/f1\/materias\/as-notas-do-gp-de-abu-dhabi-2020\/\">encerramento da temporada<\/a><\/strong> em Abu Dhabi. Segundo Brawn, o que foi realizado mostra como a F1 \u00e9 uma fam\u00edlia, mesmo que viva brigando &#8211; dentro das pistas, \u00e9 claro.<\/p>\n\n\n\n<p class=\"wp-block-paragraph\"><strong>Conhe\u00e7a o canal do Grande Pr\u00eamio no YouTube! Clique&nbsp;<a rel=\"noreferrer noopener\" href=\"https:\/\/youtube.com\/GrandePremioTV\" target=\"_blank\">aqui<\/a>.<br>Siga o Grande Pr\u00eamio no&nbsp;<a rel=\"noreferrer noopener\" href=\"https:\/\/twitter.com\/grandepremio\" target=\"_blank\">Twitter&nbsp;<\/a>e no&nbsp;<a rel=\"noreferrer noopener\" href=\"https:\/\/instagram.com\/grandepremio\" target=\"_blank\">Instagram<\/a>!<\/strong><\/p>\n\n\n\n<figure class=\"wp-block-image size-large\"><img decoding=\"async\" src=\"https:\/\/www.grandepremio.com\/br\/wp-content\/uploads\/2020\/03\/20181192016147_IMG_6770_DMa-1.jpg\" alt=\"\" class=\"wp-image-351717\"\/><figcaption>Ross Brawn (Foto: Rodrigo Berton\/Grande Pr\u00eamio)<\/figcaption><\/figure>\n\n\n\n<p class=\"wp-block-paragraph\">&#8220;Acho que \u00e9 um exemplo perfeito de como nos tornamos uma fam\u00edlia em tempos de crise. Passamos a maior parte de nossas vidas tentando destruir uns aos outros, mas quando vem uma situa\u00e7\u00e3o dessa nos unimos e tudo d\u00e1 certo&#8221;, disse.<\/p>\n\n\n\n<p class=\"wp-block-paragraph\">&#8220;Estou muito orgulhoso do que todos puderam fazer neste ano, porque parecia uma tarefa imposs\u00edvel quando relembro como as coisas estavam no come\u00e7o dessa aventura. Estou muito orgulhoso&#8221;, seguiu.<\/p>\n\n\n\n<p class=\"wp-block-paragraph\">Para Brawn, a maior dificuldade da F1 foi entender o que teria de fazer caso uma explos\u00e3o de casos de Covid-19 surgisse no paddock: &#8220;Teria como controlar? Teria como lidar?&#8221;<\/p>\n\n\n\n<p class=\"wp-block-paragraph\">&#8220;A gente n\u00e3o sabia a din\u00e2mica dessa doen\u00e7a, como ela se espalha. Tudo era incerto. Quando apareceram os primeiros casos, ficamos ansiosos. Tivemos de descobrir se poder\u00edamos evitar que se espalhassem, descobrir se os protocolos funcionavam. E funcionaram. Acho que todos na F1 foram aplicados. Fomos rigorosos e, assim, a doen\u00e7a n\u00e3o se tornou incontrol\u00e1vel&#8221;, finalizou o dirigente.<\/p>\n\n\n\n<figure class=\"wp-block-embed is-type-video is-provider-youtube wp-block-embed-youtube wp-embed-aspect-16-9 wp-has-aspect-ratio\"><div class=\"wp-block-embed__wrapper\">\n<iframe loading=\"lazy\" title=\"F1 termina em Abu Dhabi + MELHORES DO ANO de 2020 | Paddock GP #227\" width=\"500\" height=\"281\" src=\"https:\/\/www.youtube.com\/embed\/mc0KC2uTz2Y?feature=oembed\" frameborder=\"0\" allow=\"accelerometer; autoplay; clipboard-write; encrypted-media; gyroscope; picture-in-picture; web-share\" referrerpolicy=\"strict-origin-when-cross-origin\" allowfullscreen><\/iframe>\n<\/div><\/figure>\n","protected":false},"excerpt":{"rendered":"<p>Para Ross Brawn, diretor-esportivo da F\u00f3rmula 1, a categoria fez tudo que podia fazer neste maluco ano de 2020<\/p>\n","protected":false},"author":0,"featured_media":0,"comment_status":"closed","ping_status":"closed","sticky":false,"template":"","format":"standard","meta":{"42wp_featured_image_caption":"","42wp_featured_image_credits":"","42wp_featured_video":"","42wp_featured_image_hidden":false,"42wp_authors_list":[],"footnotes":""},"categories":[2],"tags":[24858,147,118,24837,24846,24830,145],"42wp_author":[47129],"class_list":["post-124399","post","type-post","status-publish","format-standard","hentry","category-f1","tag-covid-19","tag-f1","tag-f1-2020","tag-formula-1-2","tag-formula-um-2","tag-pandemia","tag-ross-brawn","42wp_author-felipe-noronha"],"_links":{"self":[{"href":"https:\/\/grandepremio.com\/br\/wp-json\/wp\/v2\/posts\/124399","targetHints":{"allow":["GET"]}}],"collection":[{"href":"https:\/\/grandepremio.com\/br\/wp-json\/wp\/v2\/posts"}],"about":[{"href":"https:\/\/grandepremio.com\/br\/wp-json\/wp\/v2\/types\/post"}],"replies":[{"embeddable":true,"href":"https:\/\/grandepremio.com\/br\/wp-json\/wp\/v2\/comments?post=124399"}],"version-history":[{"count":0,"href":"https:\/\/grandepremio.com\/br\/wp-json\/wp\/v2\/posts\/124399\/revisions"}],"wp:attachment":[{"href":"https:\/\/grandepremio.com\/br\/wp-json\/wp\/v2\/media?parent=124399"}],"wp:term":[{"taxonomy":"category","embeddable":true,"href":"https:\/\/grandepremio.com\/br\/wp-json\/wp\/v2\/categories?post=124399"},{"taxonomy":"post_tag","embeddable":true,"href":"https:\/\/grandepremio.com\/br\/wp-json\/wp\/v2\/tags?post=124399"},{"taxonomy":"42wp_author","embeddable":true,"href":"https:\/\/grandepremio.com\/br\/wp-json\/wp\/v2\/42wp_author?post=124399"}],"curies":[{"name":"wp","href":"https:\/\/api.w.org\/{rel}","templated":true}]}}