{"id":124476,"date":"2020-12-14T05:30:00","date_gmt":"2020-12-14T08:30:00","guid":{"rendered":"https:\/\/grandepremio.com\/br\/noticias\/lewis-hamilton-mira-renovar-com-mercedes-antes-do-natal-temos-mais-para-conquistar\/"},"modified":"2020-12-13T22:08:48","modified_gmt":"2020-12-14T01:08:48","slug":"lewis-hamilton-mira-renovar-com-mercedes-antes-do-natal-temos-mais-para-conquistar","status":"publish","type":"post","link":"https:\/\/grandepremio.com\/br\/f1\/lewis-hamilton-mira-renovar-com-mercedes-antes-do-natal-temos-mais-para-conquistar\/","title":{"rendered":"Hamilton mira renovar com Mercedes antes do Natal: \u201cTemos mais para conquistar\u201d"},"content":{"rendered":"\n<p class=\"wp-block-paragraph\">Lewis Hamilton quer renovar o contrato com a Mercedes antes do Natal. Heptacampe\u00e3o da F\u00f3rmula 1, o brit\u00e2nico segue sem contrato para 2021, mas garante que quer seguir com o time comandado por Toto Wolff, j\u00e1 que entende que eles ainda t\u00eam mais coisas a conquistar.<\/p>\n\n\n\n<p class=\"wp-block-paragraph\">Questionado sobre quando sentaria para negociar um novo contrato com a Mercedes, Hamilton respondeu: \u201cEspero que nas pr\u00f3ximas semanas\u201d.<\/p>\n\n\n\n<figure class=\"wp-block-image size-large\"><img decoding=\"async\" src=\"https:\/\/www.grandepremio.com\/br\/wp-content\/uploads\/2020\/12\/M255408-1024x683.jpg\" alt=\"\" class=\"wp-image-442086\"\/><figcaption>Lewis Hamilton quer acertar novo contrato ainda neste ano (Foto: Mercedes)<\/figcaption><\/figure>\n\n\n\n<p class=\"wp-block-paragraph\"><strong>Conhe\u00e7a o canal do Grande Pr\u00eamio no YouTube! Clique\u00a0<a rel=\"noreferrer noopener\" href=\"https:\/\/youtube.com\/GrandePremioTV\" target=\"_blank\">aqui<\/a>.<br>Siga o Grande Pr\u00eamio no\u00a0<a rel=\"noreferrer noopener\" href=\"https:\/\/twitter.com\/grandepremio\" target=\"_blank\">Twitter\u00a0<\/a>e no\u00a0<a rel=\"noreferrer noopener\" href=\"https:\/\/instagram.com\/grandepremio\" target=\"_blank\">Instagram<\/a>!<\/strong><\/p>\n\n\n\n<p class=\"wp-block-paragraph\">\u201cN\u00f3s adorar\u00edamos resolver isso antes do Natal. Planejo estar aqui no pr\u00f3ximo ano, quero estar aqui no pr\u00f3ximo ano e acho que, como equipe, ainda temos mais a fazer juntos, mais para conquistar tanto dentro, mas tamb\u00e9m ainda mais fora do esporte\u201d, ponderou. \u201cEspero que possamos come\u00e7ar a conversar nesta semana e fechar antes do Natal\u201d, concluiu.<\/p>\n\n\n\n<p class=\"wp-block-paragraph\">Na noite de s\u00e1bado, a <a href=\"https:\/\/www.grandepremio.com\/br\/f1\/noticias\/com-hamilton-e-duas-vagas-abertas-fia-divulga-inscritos-para-temporada-2021-da-f1\/\" target=\"_blank\" rel=\"noreferrer noopener\">FIA (Federa\u00e7\u00e3o Internacional de Automobilismo) divulgou a lista de inscritos no campeonato do pr\u00f3ximo ano e j\u00e1 trouxe Hamilton como titular da Mercedes<\/a>. As \u00fanicas vagas em aberto s\u00e3o justamente as de Red Bull e AlphaTauri.<\/p>\n\n\n\n<p class=\"wp-block-paragraph\">\u00c0 publica\u00e7\u00e3o alem\u00e3 Suddeutsche Zeitung, Wollf reconheceu que a quest\u00e3o financeira era \u201csempre uma parte da discuss\u00e3o\u201d, mas negou que era a causa da demora para a assinatura do novo v\u00ednculo.<\/p>\n\n\n\n<p class=\"wp-block-paragraph\">\u201cNeste caso, n\u00e3o \u00e9 um par\u00e2metro essencial. \u00c9 mais uma quest\u00e3o de como ele se v\u00ea no mundo e como seus processos de pensamento est\u00e3o funcionando\u201d, explicou, indicando que o importante para a Mercedes \u00e9 saber \u201ccomo podemos us\u00e1-lo como embaixador, quantos dias ele estar\u00e1 dispon\u00edvel fora das pistas\u201d.<\/p>\n\n\n\n<p class=\"wp-block-paragraph\">Por fim, o dirigente explicou que o fato de Lewis ter se isolado na semana passada por causa da Covid-19 tamb\u00e9m adiou as negocia\u00e7\u00f5es.<\/p>\n\n\n\n<p class=\"wp-block-paragraph\">\u201cLevo a sa\u00fade dele em conta, mas estamos absolutamente em acordo nas condi\u00e7\u00f5es gerais. Agora vamos esperar que ele se recupere e conversaremos\u201d, garantiu. \u201cN\u00e3o acho que Lewis queira guiar em outro lugar. Acho que ele tem neg\u00f3cios inacabados\u201d, concluiu.<\/p>\n\n\n\n\n\n<figure class=\"wp-block-embed-youtube wp-block-embed is-type-video is-provider-youtube wp-embed-aspect-16-9 wp-has-aspect-ratio\"><div class=\"wp-block-embed__wrapper\">\n<iframe loading=\"lazy\" title=\"F1 2020: VERSTAPPEN vence em Abu Dhabi... mas vamos falar de coisa boa | Briefing\" width=\"500\" height=\"281\" src=\"https:\/\/www.youtube.com\/embed\/WZbcImQBPhA?feature=oembed\" frameborder=\"0\" allow=\"accelerometer; autoplay; clipboard-write; encrypted-media; gyroscope; picture-in-picture; web-share\" referrerpolicy=\"strict-origin-when-cross-origin\" allowfullscreen><\/iframe>\n<\/div><\/figure>\n","protected":false},"excerpt":{"rendered":"<p>Heptacampe\u00e3o da F\u00f3rmula 1 ainda n\u00e3o tem contrato com a Mercedes para a temporada 2021, mas j\u00e1 apareceu como piloto da equipe na lista de inscritos da FIA (Federa\u00e7\u00e3o Internacional de Autmobilismo)<\/p>\n","protected":false},"author":0,"featured_media":1000442402,"comment_status":"closed","ping_status":"closed","sticky":false,"template":"","format":"standard","meta":{"42wp_featured_image_caption":"","42wp_featured_image_credits":"","42wp_featured_video":"","42wp_featured_image_hidden":false,"42wp_authors_list":[],"footnotes":""},"categories":[2],"tags":[147,118,24837,24860,26867,26868],"42wp_author":[47113],"class_list":["post-124476","post","type-post","status-publish","format-standard","has-post-thumbnail","hentry","category-f1","tag-f1","tag-f1-2020","tag-formula-1-2","tag-formula-1-2020-2","tag-formula-1-ao-vivo-2020","tag-formula-1-classificacao-2020","42wp_author-juliana-tesser"],"_links":{"self":[{"href":"https:\/\/grandepremio.com\/br\/wp-json\/wp\/v2\/posts\/124476","targetHints":{"allow":["GET"]}}],"collection":[{"href":"https:\/\/grandepremio.com\/br\/wp-json\/wp\/v2\/posts"}],"about":[{"href":"https:\/\/grandepremio.com\/br\/wp-json\/wp\/v2\/types\/post"}],"replies":[{"embeddable":true,"href":"https:\/\/grandepremio.com\/br\/wp-json\/wp\/v2\/comments?post=124476"}],"version-history":[{"count":0,"href":"https:\/\/grandepremio.com\/br\/wp-json\/wp\/v2\/posts\/124476\/revisions"}],"wp:featuredmedia":[{"embeddable":true,"href":"https:\/\/grandepremio.com\/br\/wp-json\/wp\/v2\/media\/1000442402"}],"wp:attachment":[{"href":"https:\/\/grandepremio.com\/br\/wp-json\/wp\/v2\/media?parent=124476"}],"wp:term":[{"taxonomy":"category","embeddable":true,"href":"https:\/\/grandepremio.com\/br\/wp-json\/wp\/v2\/categories?post=124476"},{"taxonomy":"post_tag","embeddable":true,"href":"https:\/\/grandepremio.com\/br\/wp-json\/wp\/v2\/tags?post=124476"},{"taxonomy":"42wp_author","embeddable":true,"href":"https:\/\/grandepremio.com\/br\/wp-json\/wp\/v2\/42wp_author?post=124476"}],"curies":[{"name":"wp","href":"https:\/\/api.w.org\/{rel}","templated":true}]}}