{"id":12449,"date":"2026-02-03T15:30:50","date_gmt":"2026-02-03T18:30:50","guid":{"rendered":"https:\/\/grandepremio.com\/br\/noticias\/pascal-wehrlein-expoe-irritacao-problemas-porsche-pede-fim-de-semana-limpo\/"},"modified":"2026-02-03T15:32:57","modified_gmt":"2026-02-03T18:32:57","slug":"pascal-wehrlein-expoe-irritacao-problemas-porsche-pede-fim-de-semana-limpo","status":"publish","type":"post","link":"https:\/\/grandepremio.com\/br\/formula-e\/pascal-wehrlein-expoe-irritacao-problemas-porsche-pede-fim-de-semana-limpo\/","title":{"rendered":"Wehrlein exp\u00f5e irrita\u00e7\u00e3o com problemas da Porsche e pede &#8220;fim de semana limpo&#8221;"},"content":{"rendered":"\n<p class=\"wp-block-paragraph\"><strong>Pascal Wehrlein<\/strong> terminou o <strong>eP de Miami<\/strong>, <a href=\"https:\/\/www.grandepremio.com\/br\/formula-e\/noticias\/mitch-evans-bate-porsche-miami-vence-15a-vez-formula-e-felipe-drugovich-18o\/\">realizado no \u00faltimo s\u00e1bado (31)<\/a>, na terceira posi\u00e7\u00e3o e subiu no p\u00f3dio pela primeira vez na temporada 2025\/26 da <strong>F\u00f3rmula E<\/strong>. Al\u00e9m disso, cortou a vantagem do l\u00edder do campeonato, <strong>Nick Cassidy<\/strong>, para apenas 2 pontos. Mesmo assim, o alem\u00e3o sente que poderia estar em uma posi\u00e7\u00e3o ainda melhor e lamentou os muitos &#8216;e se&#8217; que tem enfrentado nas \u00faltimas provas. <\/p>\n\n\n\n<p class=\"wp-block-paragraph\">Na abertura da temporada, em <strong>S\u00e3o Paulo<\/strong>, Wehrlein conquistou a pole-position, mas recebeu uma puni\u00e7\u00e3o de tr\u00eas posi\u00e7\u00f5es no grid de largada. Com isso, largou da quarta coloca\u00e7\u00e3o e n\u00e3o conseguiu ir al\u00e9m na corrida, perdendo a chance de brigar pela vit\u00f3ria. <\/p>\n\n\n\n<p class=\"wp-block-paragraph\">Depois, na <strong>Cidade do M\u00e9xico<\/strong>, o piloto da <strong>Porsche <\/strong>cometeu um raro erro na classifica\u00e7\u00e3o no <strong>Aut\u00f3dromo Hermanos Rodr\u00edguez<\/strong> e come\u00e7ou a prova apenas da 11\u00aa posi\u00e7\u00e3o. Na corrida, cruzou a linha de chegada em sexto. <\/p>\n\n\n\n<p class=\"wp-block-paragraph\">Em Miami, o primeiro p\u00f3dio do ano veio, mas os problemas para Wehrlein come\u00e7aram ainda no treino livre, quando sentiu que estava com um problema no carro logo na primeira volta. Com isso, se classificou em 11\u00ba mais uma vez e teve de fazer uma nova prova de recupera\u00e7\u00e3o. Mesmo chegando em terceiro e vendo Cassidy n\u00e3o pontuar, o alem\u00e3o segue frustrado com tantos momentos complicados neste ano. <\/p>\n\n\n\n<figure class=\"wp-block-image size-large\"><img decoding=\"async\" src=\"https:\/\/www.grandepremio.com\/br\/wp-content\/uploads\/2026\/02\/img_16-1200x800.jpg\" alt=\"\" class=\"wp-image-1054790\"\/><figcaption class=\"wp-element-caption\">Pascal Wehrlein subiu no p\u00f3dio em Miami (Foto: Porsche)<\/figcaption><\/figure>\n\n\n\n<p class=\"wp-block-paragraph\">\u201cFoi um bom resultado \u2014 mas exigiu muito trabalho. Encontramos um problema no carro, o que nos colocou em desvantagem em termos de acerto e de toda a prepara\u00e7\u00e3o para o fim de semana. Por um lado, obviamente fico feliz por termos encontrado isso. Por outro, tamb\u00e9m acho que, se o fim de semana tivesse sido diferente, poderia ter sido outro resultado\u201d, lamentou Wehrlein ao portal <em>RacingNews365<\/em>. <\/p>\n\n\n\n<p class=\"wp-block-paragraph\">\u201cSinceramente, sinto que ainda n\u00e3o tive um fim de semana limpo. Sempre ficam esses \u2018e se\u2019 depois da corrida, depois do fim de semana, o que \u00e9 um pouco frustrante\u201d, continuou. <\/p>\n\n\n\n<p class=\"wp-block-paragraph\">\u201cMas, sim, meus parab\u00e9ns \u00e0 equipe e um grande obrigado, porque desde a primeira volta de sexta-feira eu dizia que algo parecia estranho no carro. Eles se empenharam muito para encontrar o problema, e \u00e9 bom sair disso com um p\u00f3dio. Agora seguimos em frente. Ainda \u00e9 muito cedo na temporada, e estamos somando pontos, o que \u00e9 importante para o campeonato\u201d, completou Wehrlein. <\/p>\n\n\n\n<p class=\"wp-block-paragraph\">De momento, Cassidy lidera o <strong>Mundial de Pilotos<\/strong>, com 40 pontos somados, enquanto Werhlein vem logo atr\u00e1s, com 38. <strong>Jake Dennis<\/strong>, que somou apenas 1 tento em Miami, completa o top-3, com 37 totais. <\/p>\n\n\n\n<p class=\"wp-block-paragraph\">Com o t\u00e9rmino da perna americana do calend\u00e1rio, a&nbsp;<strong>F\u00f3rmula E<\/strong>&nbsp;agora parte para a&nbsp;<strong>Ar\u00e1bia Saudita<\/strong>, onde realiza a primeira rodada dupla da temporada no&nbsp;<strong>eP de Jed\u00e1<\/strong>, entre os dias&nbsp;<strong>12 e 14 de fevereiro<\/strong>. Emissora oficial no Brasil, o&nbsp;<strong>GRANDE PR\u00caMIO&nbsp;<\/strong>transmite todas as atividades de pista&nbsp;<strong>AO VIVO<\/strong>&nbsp;e&nbsp;<strong>COM IMAGENS<\/strong>&nbsp;no&nbsp;<strong><a href=\"https:\/\/www.youtube.com\/@GrandePremio1\">YouTube<\/a>&nbsp;<\/strong>e na&nbsp;<strong>GPTV<\/strong>.<\/p>\n\n\n\n<p class=\"wp-block-paragraph\">\u25b6\ufe0f&nbsp;<strong>Inscreva-se nos dois canais do GRANDE PR\u00caMIO no YouTube:&nbsp;<a href=\"https:\/\/www.youtube.com\/channel\/UC9OlHEgxoaY6QY6nWPoiqQg?sub_confirmation=1\" target=\"_blank\" rel=\"noreferrer noopener\">GP<\/a>&nbsp;|&nbsp;<a href=\"https:\/\/www.youtube.com\/channel\/UC9csiS6q_C3C0FYhyr1rnFA?sub_confirmation=1\" target=\"_blank\" rel=\"noreferrer noopener\">GP2<\/a><\/strong><\/p>\n\n\n\n<h2 class=\"wp-block-heading\" id=\"h-formula-e-hoje-saiba-aqui-as-noticias-mais-importantes-do-dia\"><strong>F\u00f3rmula E hoje: saiba aqui as not\u00edcias mais importantes do dia<\/strong><\/h2>\n\n\n\n<p class=\"wp-block-paragraph\"><strong>\u25b6\ufe0f\u00a0<a href=\"https:\/\/www.grandepremio.com\/br\/formula-e\/noticias\/porsche-demonstra-alivio-podio-duplo-miami-finalmente-conseguimos-pontos\/\">Porsche demonstra al\u00edvio ap\u00f3s p\u00f3dio duplo em Miami: \u201cFinalmente conseguimos os pontos\u201d<\/a><br>\u25b6\ufe0f\u00a0<a href=\"https:\/\/www.grandepremio.com\/br\/formula-e\/noticias\/lucas-di-grassi-fala-progresso-ep-miami-anima-carro-melhor-cada-corrida\/\"><\/a><a href=\"https:\/\/www.grandepremio.com\/br\/formula-e\/noticias\/formula-e-leva-gen3-evo-pista-barcelona-evento-inovacao-conectividade\/\">F\u00f3rmula E leva Gen3 Evo \u00e0 pista de Barcelona em evento de inova\u00e7\u00e3o e conectividade<\/a><br>\u25b6\ufe0f\u00a0<a href=\"https:\/\/www.grandepremio.com\/br\/formula-e\/noticias\/oliver-rowland-admite-nissan-errou-estrategia-sair-zerado-ep-miami\/\"><\/a><a href=\"https:\/\/www.grandepremio.com\/br\/formula-e\/noticias\/felipe-drugovich-erra-perde-oportunidade-miami-batida-recorte\/\">Drugovich erra e perde oportunidade em Miami, mas batida n\u00e3o pode ser \u00fanico recorte<\/a><\/strong><br><strong>\u25b6\ufe0f\u00a0<\/strong><a href=\"https:\/\/www.grandepremio.com\/br\/formula-e\/noticias\/pepe-marti-expoe-insatisfacao-aponta-fator-impediu-resultado-melhor-miami\/\"><strong>Mart\u00ed exp\u00f5e insatisfa\u00e7\u00e3o e aponta fator que impediu resultado melhor em Miami<\/strong><\/a><\/p>\n\n\n\n<figure class=\"wp-block-embed is-type-video is-provider-youtube wp-block-embed-youtube wp-embed-aspect-16-9 wp-has-aspect-ratio\"><div class=\"wp-block-embed__wrapper\">\n<iframe loading=\"lazy\" title=\"\ud83d\udd34eP DE MIAMI: CORRIDA DA F\u00d3RMULA E 2025\/26 AO VIVO COM IMAGENS E DRUGOVICH | 3\u00aa ETAPA\" width=\"500\" height=\"281\" src=\"https:\/\/www.youtube.com\/embed\/_qex4KIdG6Q?feature=oembed\" frameborder=\"0\" allow=\"accelerometer; autoplay; clipboard-write; encrypted-media; gyroscope; picture-in-picture; web-share\" referrerpolicy=\"strict-origin-when-cross-origin\" allowfullscreen><\/iframe>\n<\/div><\/figure>\n","protected":false},"excerpt":{"rendered":"<p>Apesar do p\u00f3dio conquistado no eP de Miami, Pascal Wehrlein segue incomodado com os muitos obst\u00e1culos que tem enfrentado ao longo da temporada 2025\/26 da F\u00f3rmula E<\/p>\n","protected":false},"author":0,"featured_media":1001041061,"comment_status":"closed","ping_status":"closed","sticky":false,"template":"","format":"standard","meta":{"42wp_featured_image_caption":"","42wp_featured_image_credits":"","42wp_featured_video":"","42wp_featured_image_hidden":false,"42wp_authors_list":[],"footnotes":""},"categories":[19],"tags":[28679,6853,24173,840,43531,45540,1491,28285,35442,36219,1194,736,43530],"42wp_author":[47162],"class_list":["post-12449","post","type-post","status-publish","format-standard","has-post-thumbnail","hentry","category-formula-e","tag-calendario-formula-e","tag-classificacao-formula-e","tag-ep-de-miami","tag-formula-e","tag-formula-e-2026","tag-formula-e-hoje","tag-grande-premio","tag-grandepremio","tag-horarios-formula-e","tag-onde-assistir-formula-e","tag-pascal-wehrlein","tag-porsche","tag-temporada-2026-da-formula-e","42wp_author-giovani-danjo"],"_links":{"self":[{"href":"https:\/\/grandepremio.com\/br\/wp-json\/wp\/v2\/posts\/12449","targetHints":{"allow":["GET"]}}],"collection":[{"href":"https:\/\/grandepremio.com\/br\/wp-json\/wp\/v2\/posts"}],"about":[{"href":"https:\/\/grandepremio.com\/br\/wp-json\/wp\/v2\/types\/post"}],"replies":[{"embeddable":true,"href":"https:\/\/grandepremio.com\/br\/wp-json\/wp\/v2\/comments?post=12449"}],"version-history":[{"count":0,"href":"https:\/\/grandepremio.com\/br\/wp-json\/wp\/v2\/posts\/12449\/revisions"}],"wp:featuredmedia":[{"embeddable":true,"href":"https:\/\/grandepremio.com\/br\/wp-json\/wp\/v2\/media\/1001041061"}],"wp:attachment":[{"href":"https:\/\/grandepremio.com\/br\/wp-json\/wp\/v2\/media?parent=12449"}],"wp:term":[{"taxonomy":"category","embeddable":true,"href":"https:\/\/grandepremio.com\/br\/wp-json\/wp\/v2\/categories?post=12449"},{"taxonomy":"post_tag","embeddable":true,"href":"https:\/\/grandepremio.com\/br\/wp-json\/wp\/v2\/tags?post=12449"},{"taxonomy":"42wp_author","embeddable":true,"href":"https:\/\/grandepremio.com\/br\/wp-json\/wp\/v2\/42wp_author?post=12449"}],"curies":[{"name":"wp","href":"https:\/\/api.w.org\/{rel}","templated":true}]}}