{"id":124497,"date":"2020-12-13T13:30:53","date_gmt":"2020-12-13T16:30:53","guid":{"rendered":"https:\/\/grandepremio.com\/br\/noticias\/4o-em-abu-dhabi-alex-albon-sente-que-fez-o-suficiente-para-garantir-renovacao-com-red-bull\/"},"modified":"2020-12-13T13:34:10","modified_gmt":"2020-12-13T16:34:10","slug":"4o-em-abu-dhabi-alex-albon-sente-que-fez-o-suficiente-para-garantir-renovacao-com-red-bull","status":"publish","type":"post","link":"https:\/\/grandepremio.com\/br\/f1\/4o-em-abu-dhabi-alex-albon-sente-que-fez-o-suficiente-para-garantir-renovacao-com-red-bull\/","title":{"rendered":"4\u00ba, Albon sente que &#8220;fez o suficiente&#8221; para garantir renova\u00e7\u00e3o com Red Bull"},"content":{"rendered":"\n<p class=\"wp-block-paragraph\">Alexander Albon teve uma de suas melhores performances de 2020 ao completar o GP de Abu Dhabi, <a href=\"https:\/\/www.grandepremio.com\/br\/f1\/noticias\/de-ponta-a-ponta-max-verstappen-fecha-f1-2020-com-vitoria-no-sofrivel-gp-de-abu-dhabi\/\">disputado neste domingo<\/a> (13), no quarto lugar. O anglo-tailand\u00eas ultrapassou Lando Norris ainda nas voltas iniciais da corrida e caminhou para somar 12 pontos.<\/p>\n\n\n\n<p class=\"wp-block-paragraph\">Albon ainda n\u00e3o sabe se corre na F\u00f3rmula 1 em 2021. A Red Bull ainda n\u00e3o renovou o contrato do piloto, que anda sob press\u00e3o ap\u00f3s uma temporada bastante irregular. Apesar disso, Alex est\u00e1 satisfeito com o desempenho em Yas Marina.<\/p>\n\n\n\n<p class=\"wp-block-paragraph\">&#8220;Sinto que foi meu melhor fim de semana em termos de performance. Quero agradecer a todos pelo apoio na f\u00e1brica e aqui. N\u00e3o desistimos, seguimos tentando achar solu\u00e7\u00f5es para me deixar mais confort\u00e1veis com o carro, e \u00e9 um carro complicado de pilotar&#8221;, declarou o piloto do carro #23.<\/p>\n\n\n\n<figure class=\"wp-block-image size-large\"><img decoding=\"async\" src=\"https:\/\/www.grandepremio.com\/br\/wp-content\/uploads\/2020\/12\/redbull-alexanderalbon-01-4-1024x700.jpg\" alt=\"\" class=\"wp-image-441940\"\/><figcaption>Alex Albon com a Red Bull em Abu Dhabi. (Foto: Red Bull Content Pool)<\/figcaption><\/figure>\n\n\n\n<p class=\"wp-block-paragraph\"><strong>Conhe\u00e7a o canal do Grande Pr\u00eamio no YouTube! Clique&nbsp;<a rel=\"noreferrer noopener\" href=\"https:\/\/youtube.com\/GrandePremioTV\" target=\"_blank\">aqui<\/a>.<br>Siga o Grande Pr\u00eamio no&nbsp;<a rel=\"noreferrer noopener\" href=\"https:\/\/twitter.com\/grandepremio\" target=\"_blank\">Twitter&nbsp;<\/a>e no&nbsp;<a rel=\"noreferrer noopener\" href=\"https:\/\/instagram.com\/grandepremio\" target=\"_blank\">Instagram<\/a>!<\/strong><\/p>\n\n\n\n<p class=\"wp-block-paragraph\">Nomes como Sergio P\u00e9rez e Nico H\u00fclkenberg surgiram como nomes especulados para fazer companhia a Max Verstappen na Red Bull. Albon cr\u00ea que fez o suficiente para garantir a renova\u00e7\u00e3o de contrato.<\/p>\n\n\n\n<p class=\"wp-block-paragraph\">&#8220;Mas por continuar me esfor\u00e7ando e ter o melhor resultado, mesmo com toda a press\u00e3o do fim de semana e pelo que vem acontecendo, estou orgulhoso, sinto que foi um bom encerramento para o ano. Se foi suficiente, n\u00e3o cabe a mim. Mas \u00e9 claro, eu sinto que fiz de tudo, e vou deixar na m\u00e3o dos outros para decidir&#8221;, completou.<\/p>\n\n\n\n<p class=\"wp-block-paragraph\">Com 105 pontos, Albon terminou a temporada na s\u00e9tima posi\u00e7\u00e3o no Mundial de Pilotos.<\/p>\n\n\n\n<figure class=\"wp-block-embed-youtube wp-block-embed is-type-video is-provider-youtube wp-embed-aspect-16-9 wp-has-aspect-ratio\"><div class=\"wp-block-embed__wrapper\">\n<iframe loading=\"lazy\" title=\"F1 2020: VERSTAPPEN vence em Abu Dhabi... mas vamos falar de coisa boa | Briefing\" width=\"500\" height=\"281\" src=\"https:\/\/www.youtube.com\/embed\/WZbcImQBPhA?feature=oembed\" frameborder=\"0\" allow=\"accelerometer; autoplay; clipboard-write; encrypted-media; gyroscope; picture-in-picture; web-share\" referrerpolicy=\"strict-origin-when-cross-origin\" allowfullscreen><\/iframe>\n<\/div><\/figure>\n","protected":false},"excerpt":{"rendered":"<p>Quarto colocado em Abu Dhabi, Alex Albon sente que fez o suficiente para garantir a renova\u00e7\u00e3o de contrato com a Red Bull para 2021. Piloto terminou 2020 com a 7\u00aa posi\u00e7\u00e3o<\/p>\n","protected":false},"author":0,"featured_media":1000441941,"comment_status":"closed","ping_status":"closed","sticky":false,"template":"","format":"standard","meta":{"42wp_featured_image_caption":"","42wp_featured_image_credits":"","42wp_featured_video":"","42wp_featured_image_hidden":false,"42wp_authors_list":[],"footnotes":""},"categories":[2],"tags":[1417,655,147,118,24860,26877,204],"42wp_author":[47119],"class_list":["post-124497","post","type-post","status-publish","format-standard","has-post-thumbnail","hentry","category-f1","tag-alex-albon","tag-christian-horner","tag-f1","tag-f1-2020","tag-formula-1-2020-2","tag-gp-de-yas-marina","tag-red-bull","42wp_author-gabriel-carvalho"],"_links":{"self":[{"href":"https:\/\/grandepremio.com\/br\/wp-json\/wp\/v2\/posts\/124497","targetHints":{"allow":["GET"]}}],"collection":[{"href":"https:\/\/grandepremio.com\/br\/wp-json\/wp\/v2\/posts"}],"about":[{"href":"https:\/\/grandepremio.com\/br\/wp-json\/wp\/v2\/types\/post"}],"replies":[{"embeddable":true,"href":"https:\/\/grandepremio.com\/br\/wp-json\/wp\/v2\/comments?post=124497"}],"version-history":[{"count":0,"href":"https:\/\/grandepremio.com\/br\/wp-json\/wp\/v2\/posts\/124497\/revisions"}],"wp:featuredmedia":[{"embeddable":true,"href":"https:\/\/grandepremio.com\/br\/wp-json\/wp\/v2\/media\/1000441941"}],"wp:attachment":[{"href":"https:\/\/grandepremio.com\/br\/wp-json\/wp\/v2\/media?parent=124497"}],"wp:term":[{"taxonomy":"category","embeddable":true,"href":"https:\/\/grandepremio.com\/br\/wp-json\/wp\/v2\/categories?post=124497"},{"taxonomy":"post_tag","embeddable":true,"href":"https:\/\/grandepremio.com\/br\/wp-json\/wp\/v2\/tags?post=124497"},{"taxonomy":"42wp_author","embeddable":true,"href":"https:\/\/grandepremio.com\/br\/wp-json\/wp\/v2\/42wp_author?post=124497"}],"curies":[{"name":"wp","href":"https:\/\/api.w.org\/{rel}","templated":true}]}}