{"id":124554,"date":"2020-12-12T09:04:23","date_gmt":"2020-12-12T12:04:23","guid":{"rendered":"https:\/\/grandepremio.com\/br\/noticias\/diretor-revela-que-saida-repentina-de-ceo-da-ferrari-envolve-luta-contra-covid-19\/"},"modified":"2020-12-12T09:04:28","modified_gmt":"2020-12-12T12:04:28","slug":"diretor-revela-que-saida-repentina-de-ceo-da-ferrari-envolve-luta-contra-covid-19","status":"publish","type":"post","link":"https:\/\/grandepremio.com\/br\/f1\/diretor-revela-que-saida-repentina-de-ceo-da-ferrari-envolve-luta-contra-covid-19\/","title":{"rendered":"Diretor revela que sa\u00edda repentina de CEO da Ferrari envolve luta contra Covid-19"},"content":{"rendered":"\n<figure class=\"wp-block-embed-youtube wp-block-embed is-type-video is-provider-youtube wp-embed-aspect-16-9 wp-has-aspect-ratio\"><div class=\"wp-block-embed__wrapper\">\n<iframe loading=\"lazy\" title=\"F1 na GLOBO ou SBT + DISNEY em 2021? O que ser\u00e1 do GP de ABU DHABI? | GP \u00e0s 10\" width=\"500\" height=\"281\" src=\"https:\/\/www.youtube.com\/embed\/y0DJi06jPhw?feature=oembed\" frameborder=\"0\" allow=\"accelerometer; autoplay; clipboard-write; encrypted-media; gyroscope; picture-in-picture; web-share\" referrerpolicy=\"strict-origin-when-cross-origin\" allowfullscreen><\/iframe>\n<\/div><\/figure>\n\n\n\n<p class=\"wp-block-paragraph\">O paddock da F\u00f3rmula 1 foi pego de surpresa com <a href=\"https:\/\/www.grandepremio.com\/br\/f1\/noticias\/louis-camilleri-alega-razoes-pessoais-e-pede-demissao-da-ferrari-apos-2-anos-no-cargo\/\">o pedido de demiss\u00e3o de Louis Camilleri, diretor-executivo da Ferrari<\/a>, ap\u00f3s pouco mais de dois anos no cargo. A sa\u00edda imediata teve a justificativa de &#8220;tratar de assuntos pessoais&#8221;. Neste s\u00e1bado (12), por\u00e9m, novidades sobre o assunto surgiram.<\/p>\n\n\n\n<p class=\"wp-block-paragraph\">Diretor-esportivo da Ferrari, Laurent Mekies revelou que a sa\u00edda de Camilleri foi mesmo uma surpresa para todos dentro da escuderia, por isso ainda n\u00e3o foi divulgado o nome do substituto. E que as raz\u00f5es pessoais do ex-CEO envolvem o novo coronav\u00edrus.<\/p>\n\n\n\n<p class=\"wp-block-paragraph\">&#8220;Foi uma surpresa para todos n\u00f3s quando recebemos o comunicado de nosso presidente [John Elkann]. Estamos cientes de que esse \u00e9 o padr\u00e3o neste tipo de situa\u00e7\u00e3o&#8221;, afirmou o dirigente ao site GP Fans.<\/p>\n\n\n\n<figure class=\"wp-block-image size-large\"><img decoding=\"async\" src=\"https:\/\/www.grandepremio.com\/br\/wp-content\/uploads\/2020\/12\/Louis-Camilleri-e1607638922925-1024x637.png\" alt=\"\" class=\"wp-image-441422\"\/><figcaption>O diretor-executivo Louis Camilleri deixou o comando da Ferrari por motivos pessoais (Foto: Ferrari)<\/figcaption><\/figure>\n\n\n\n<p class=\"wp-block-paragraph\"><strong>Conhe\u00e7a o canal do Grande Pr\u00eamio no YouTube! Clique\u00a0<a rel=\"noreferrer noopener\" href=\"https:\/\/youtube.com\/GrandePremioTV\" target=\"_blank\">aqui<\/a>.<br>Siga o Grande Pr\u00eamio no\u00a0<a rel=\"noreferrer noopener\" href=\"https:\/\/twitter.com\/grandepremio\" target=\"_blank\">Twitter\u00a0<\/a>e no\u00a0<a rel=\"noreferrer noopener\" href=\"https:\/\/instagram.com\/grandepremio\" target=\"_blank\">Instagram<\/a>!<\/strong><\/p>\n\n\n\n<p class=\"wp-block-paragraph\">&#8220;\u00c9 compreens\u00edvel que Louis foi aparentemente atingido de maneira pesada pela Covid-19. N\u00e3o \u00e9 nada de &#8216;vida ou morte&#8217;, mas tem sido bem duro. Estou certo de que n\u00e3o \u00e9 a \u00fanica raz\u00e3o, mas certamente \u00e9 algo que, pelo passado e conquistas, o fez pensar nas prioridades&#8221;, completou Mekies.<\/p>\n\n\n\n<p class=\"wp-block-paragraph\">A sa\u00edda de Camilleri deixa um espa\u00e7o na lideran\u00e7a da Ferrari. Sem o diretor-executivo, que tinha assumido o cargo em julho de 2018, John Elkann, presidente da marca, ocupa a posi\u00e7\u00e3o de forma provis\u00f3ria. Ainda n\u00e3o est\u00e1 claro quais ser\u00e3o as consequ\u00eancias da mudan\u00e7a sobre a equipe de F\u00f3rmula 1.<\/p>\n\n\n\n\n","protected":false},"excerpt":{"rendered":"<p>A sa\u00edda de Louis Camilleri do posto de diretor-executivo da Ferrari surpreendeu a todos. Agora, dias depois, foi revelado que o dirigente luta contra a Covid-19<\/p>\n","protected":false},"author":0,"featured_media":1000419075,"comment_status":"closed","ping_status":"closed","sticky":false,"template":"","format":"standard","meta":{"42wp_featured_image_caption":"","42wp_featured_image_credits":"","42wp_featured_video":"","42wp_featured_image_hidden":false,"42wp_authors_list":[],"footnotes":""},"categories":[2],"tags":[24858,147,118,207,24837,24860,1968,10753],"42wp_author":[47135],"class_list":["post-124554","post","type-post","status-publish","format-standard","has-post-thumbnail","hentry","category-f1","tag-covid-19","tag-f1","tag-f1-2020","tag-ferrari","tag-formula-1-2","tag-formula-1-2020-2","tag-john-elkann","tag-laurent-mekies","42wp_author-pedro-luis-cuenca"],"_links":{"self":[{"href":"https:\/\/grandepremio.com\/br\/wp-json\/wp\/v2\/posts\/124554","targetHints":{"allow":["GET"]}}],"collection":[{"href":"https:\/\/grandepremio.com\/br\/wp-json\/wp\/v2\/posts"}],"about":[{"href":"https:\/\/grandepremio.com\/br\/wp-json\/wp\/v2\/types\/post"}],"replies":[{"embeddable":true,"href":"https:\/\/grandepremio.com\/br\/wp-json\/wp\/v2\/comments?post=124554"}],"version-history":[{"count":0,"href":"https:\/\/grandepremio.com\/br\/wp-json\/wp\/v2\/posts\/124554\/revisions"}],"wp:featuredmedia":[{"embeddable":true,"href":"https:\/\/grandepremio.com\/br\/wp-json\/wp\/v2\/media\/1000419075"}],"wp:attachment":[{"href":"https:\/\/grandepremio.com\/br\/wp-json\/wp\/v2\/media?parent=124554"}],"wp:term":[{"taxonomy":"category","embeddable":true,"href":"https:\/\/grandepremio.com\/br\/wp-json\/wp\/v2\/categories?post=124554"},{"taxonomy":"post_tag","embeddable":true,"href":"https:\/\/grandepremio.com\/br\/wp-json\/wp\/v2\/tags?post=124554"},{"taxonomy":"42wp_author","embeddable":true,"href":"https:\/\/grandepremio.com\/br\/wp-json\/wp\/v2\/42wp_author?post=124554"}],"curies":[{"name":"wp","href":"https:\/\/api.w.org\/{rel}","templated":true}]}}