{"id":124557,"date":"2020-12-12T06:21:11","date_gmt":"2020-12-12T09:21:11","guid":{"rendered":"https:\/\/grandepremio.com\/br\/noticias\/abu-dhabi-mantem-tempo-bom-para-sabado-de-ultima-classificacao-da-f1-em-2020\/"},"modified":"2020-12-12T06:21:16","modified_gmt":"2020-12-12T09:21:16","slug":"abu-dhabi-mantem-tempo-bom-para-sabado-de-ultima-classificacao-da-f1-em-2020","status":"publish","type":"post","link":"https:\/\/grandepremio.com\/br\/f1\/abu-dhabi-mantem-tempo-bom-para-sabado-de-ultima-classificacao-da-f1-em-2020\/","title":{"rendered":"Abu Dhabi mant\u00e9m tempo bom para s\u00e1bado de \u00faltima classifica\u00e7\u00e3o da F1 em 2020"},"content":{"rendered":"\n<figure class=\"wp-block-embed-youtube wp-block-embed is-type-video is-provider-youtube wp-embed-aspect-16-9 wp-has-aspect-ratio\"><div class=\"wp-block-embed__wrapper\">\n<iframe loading=\"lazy\" title=\"F1 na GLOBO ou SBT + DISNEY em 2021? O que ser\u00e1 do GP de ABU DHABI? | GP \u00e0s 10\" width=\"500\" height=\"281\" src=\"https:\/\/www.youtube.com\/embed\/y0DJi06jPhw?feature=oembed\" frameborder=\"0\" allow=\"accelerometer; autoplay; clipboard-write; encrypted-media; gyroscope; picture-in-picture; web-share\" referrerpolicy=\"strict-origin-when-cross-origin\" allowfullscreen><\/iframe>\n<\/div><\/figure>\n\n\n\n<p class=\"wp-block-paragraph\">O cen\u00e1rio clim\u00e1tico do GP de Abu Dhabi, prova que fecha a temporada 2020 do Mundial de F\u00f3rmula 1, permanece neste s\u00e1bado (12). O dia amanheceu com sol entre nuvens e at\u00e9 parcialmente nublado, mas continua com tempo bom, tem c\u00e9u limpo para a sequ\u00eancia da tarde e vai ter uma noite agrad\u00e1vel e sem previs\u00e3o de chuva.<\/p>\n\n\n\n<p class=\"wp-block-paragraph\">Segundo o site especializado Weather Channel, no momento, pouco depois de 13h locais (6h de Bras\u00edlia), o c\u00e9u \u00e9 parcialmente nublado, mas tende a ficar ensolarado at\u00e9 o p\u00f4r do sol, com temperatura ambiente m\u00e1xima variando entre 24\u00baC e 23\u00baC no fim do dia.<\/p>\n\n\n\n<figure class=\"wp-block-image size-large\"><img decoding=\"async\" src=\"https:\/\/www.grandepremio.com\/br\/wp-content\/uploads\/2020\/12\/williams-nicholaslatifi-02-3-1024x683.jpg\" alt=\"\" class=\"wp-image-441627\"\/><figcaption>Tempo vai seguir muito bom neste s\u00e1bado em Yas Marina (Foto: Williams)<\/figcaption><\/figure>\n\n\n\n<p class=\"wp-block-paragraph\"><strong><br>Conhe\u00e7a o canal do Grande Pr\u00eamio no YouTube! Clique\u00a0<a rel=\"noreferrer noopener\" href=\"https:\/\/youtube.com\/GrandePremioTV\" target=\"_blank\">aqui<\/a>.<br>Siga o Grande Pr\u00eamio no\u00a0<a rel=\"noreferrer noopener\" href=\"https:\/\/twitter.com\/grandepremio\" target=\"_blank\">Twitter\u00a0<\/a>e no\u00a0<a rel=\"noreferrer noopener\" href=\"https:\/\/instagram.com\/grandepremio\" target=\"_blank\">Instagram<\/a>!<\/strong><\/p>\n\n\n\n<p class=\"wp-block-paragraph\">J\u00e1 no per\u00edodo noturno, a partir de 18h locais, a temperatura ambiente m\u00e1xima deve cair para 23\u00baC.<\/p>\n\n\n\n<p class=\"wp-block-paragraph\">A umidade relativa do ar vai ser baixa no per\u00edodo da tarde, girando perto de 47%, e sobe \u00e0 noite para um percentual de 54%. J\u00e1 a velocidade dos ventos vai variar entre 13 e 15 km\/h.<\/p>\n\n\n\n<p class=\"wp-block-paragraph\">O primeiro dia de treinos livres em Yas Marina teve a lideran\u00e7a de Max Verstappen no treino da tarde, pouco significativo para as equipes porque o TL2 \u00e9 a sess\u00e3o que acontece no mesmo hor\u00e1rio da defini\u00e7\u00e3o do grid de largada. E, neste per\u00edodo, a <a href=\"https:\/\/www.grandepremio.com\/br\/f1\/noticias\/valtteri-bottas-comanda-1-2-da-mercedes-e-lidera-sexta-feira-de-treinos-da-formula-1-em-abu-dhabi\/\">Mercedes nadou de bra\u00e7ada com Valtteri Bottas sendo o mais r\u00e1pido do dia e Lewis Hamilton em segundo lugar<\/a>.<\/p>\n\n\n\n<p class=\"wp-block-paragraph\">O primeiro treino livre est\u00e1 marcado para 6h (de Bras\u00edlia), enquanto a segunda sess\u00e3o no circuito de\u00a0<a href=\"https:\/\/www.grandepremio.com\/br\/etapa\/f1\/gp-de-abu-dhabi-formula-1-2020\/\" target=\"_blank\" rel=\"noreferrer noopener\">Yas Marina<\/a>\u00a0acontece \u00e0s 10h. O\u00a0<strong>GRANDE PR\u00caMIO<\/strong>\u00a0acompanha todas as atividades do fim de semana do<a href=\"https:\/\/www.grandepremio.com\/br\/ao-vivo\/f1\/gp-de-abu-dhabi-2020-treinos-livres\/\">\u00a0GP de Abu Dhabi AO VIVO e em TEMPO REAL<\/a>.<\/p>\n\n\n\n<figure class=\"wp-block-embed-youtube wp-block-embed is-type-video is-provider-youtube wp-embed-aspect-16-9 wp-has-aspect-ratio\"><div class=\"wp-block-embed__wrapper\">\n<iframe loading=\"lazy\" title=\"F1 2020, P\u00c9REZ e VETTEL: um fim de semana de DESPEDIDAS em Abu Dhabi | GP \u00e0s 10\" width=\"500\" height=\"281\" src=\"https:\/\/www.youtube.com\/embed\/zsy2S3EDxlE?feature=oembed\" frameborder=\"0\" allow=\"accelerometer; autoplay; clipboard-write; encrypted-media; gyroscope; picture-in-picture; web-share\" referrerpolicy=\"strict-origin-when-cross-origin\" allowfullscreen><\/iframe>\n<\/div><\/figure>\n","protected":false},"excerpt":{"rendered":"<p>Em clima de despedida da temporada 2020 da F\u00f3rmula 1, Abu Dhabi segue com clima agrad\u00e1vel. Neste s\u00e1bado, a meteorologia prev\u00ea um dia de c\u00e9u claro e chance zero de chuva<\/p>\n","protected":false},"author":0,"featured_media":1000441621,"comment_status":"closed","ping_status":"closed","sticky":false,"template":"","format":"standard","meta":{"42wp_featured_image_caption":"","42wp_featured_image_credits":"","42wp_featured_video":"","42wp_featured_image_hidden":false,"42wp_authors_list":[],"footnotes":""},"categories":[2],"tags":[147,118,24837,25424,24836,2326,25333],"42wp_author":[47110],"class_list":["post-124557","post","type-post","status-publish","format-standard","has-post-thumbnail","hentry","category-f1","tag-f1","tag-f1-2020","tag-formula-1-2","tag-gp-de-abu-dhabi","tag-grande-premio-2","tag-meteorologia","tag-previsao-do-tempo","42wp_author-fernando-silva"],"_links":{"self":[{"href":"https:\/\/grandepremio.com\/br\/wp-json\/wp\/v2\/posts\/124557","targetHints":{"allow":["GET"]}}],"collection":[{"href":"https:\/\/grandepremio.com\/br\/wp-json\/wp\/v2\/posts"}],"about":[{"href":"https:\/\/grandepremio.com\/br\/wp-json\/wp\/v2\/types\/post"}],"replies":[{"embeddable":true,"href":"https:\/\/grandepremio.com\/br\/wp-json\/wp\/v2\/comments?post=124557"}],"version-history":[{"count":0,"href":"https:\/\/grandepremio.com\/br\/wp-json\/wp\/v2\/posts\/124557\/revisions"}],"wp:featuredmedia":[{"embeddable":true,"href":"https:\/\/grandepremio.com\/br\/wp-json\/wp\/v2\/media\/1000441621"}],"wp:attachment":[{"href":"https:\/\/grandepremio.com\/br\/wp-json\/wp\/v2\/media?parent=124557"}],"wp:term":[{"taxonomy":"category","embeddable":true,"href":"https:\/\/grandepremio.com\/br\/wp-json\/wp\/v2\/categories?post=124557"},{"taxonomy":"post_tag","embeddable":true,"href":"https:\/\/grandepremio.com\/br\/wp-json\/wp\/v2\/tags?post=124557"},{"taxonomy":"42wp_author","embeddable":true,"href":"https:\/\/grandepremio.com\/br\/wp-json\/wp\/v2\/42wp_author?post=124557"}],"curies":[{"name":"wp","href":"https:\/\/api.w.org\/{rel}","templated":true}]}}