{"id":124559,"date":"2020-12-12T05:00:00","date_gmt":"2020-12-12T08:00:00","guid":{"rendered":"https:\/\/grandepremio.com\/br\/noticias\/embaixador-e-lider-chefe-reconhece-impacto-de-daniel-ricciardo-no-crescimento-da-renault\/"},"modified":"2020-12-11T16:59:57","modified_gmt":"2020-12-11T19:59:57","slug":"embaixador-e-lider-chefe-reconhece-impacto-de-daniel-ricciardo-no-crescimento-da-renault","status":"publish","type":"post","link":"https:\/\/grandepremio.com\/br\/f1\/embaixador-e-lider-chefe-reconhece-impacto-de-daniel-ricciardo-no-crescimento-da-renault\/","title":{"rendered":"Embaixador e l\u00edder: chefe reconhece impacto de Ricciardo no crescimento da Renault"},"content":{"rendered":"\n<p class=\"wp-block-paragraph\">A Renault reconheceu o papel fundamental de Daniel Ricciardo em duas temporadas com a equipe na F\u00f3rmula 1. O australiano de 31 anos vai se despedir da montadora francesa neste fim de semana, no GP de Abu Dhabi, e vai se juntar a Lando Norris na McLaren a partir de 2021. Fernando Alonso volta ao time \u2015 e ao Mundial \u2015 para formar dupla com Esteban Ocon.<\/p>\n\n\n\n<p class=\"wp-block-paragraph\">\u00c0s v\u00e9speras do adeus, Cyril Abiteboul exaltou o papel de Ricciardo no crescimento da equipe, que somou s\u00f3 91 pontos no ano passado e pode fechar a conta em 2020 em Yas Marina perto do dobro da pontua\u00e7\u00e3o.<\/p>\n\n\n\n<figure class=\"wp-block-image size-large\"><img decoding=\"async\" src=\"https:\/\/www.grandepremio.com\/br\/wp-content\/uploads\/2020\/12\/renault-danielricciardo-01-3-1024x684.jpg\" alt=\"\" class=\"wp-image-441615\"\/><figcaption>O capacete de Daniel Ricciardo. (Foto: Renault)<\/figcaption><\/figure>\n\n\n\n<p class=\"wp-block-paragraph\"><strong>Conhe\u00e7a o canal do Grande Pr\u00eamio no YouTube! Clique\u00a0<a rel=\"noreferrer noopener\" href=\"https:\/\/youtube.com\/GrandePremioTV\" target=\"_blank\">aqui<\/a>.<br>Siga o Grande Pr\u00eamio no\u00a0<a rel=\"noreferrer noopener\" href=\"https:\/\/twitter.com\/grandepremio\" target=\"_blank\">Twitter\u00a0<\/a>e no\u00a0<a rel=\"noreferrer noopener\" href=\"https:\/\/instagram.com\/grandepremio\" target=\"_blank\">Instagram<\/a>!<\/strong><\/p>\n\n\n\n<p class=\"wp-block-paragraph\">Questionado sobre a contribui\u00e7\u00e3o de Ricciardo com o progresso da Renault nesses dois anos, Abiteboul respondeu: \u201cO que ele deu, em primeiro lugar como piloto, \u00e9 que ele foi not\u00e1vel, especialmente neste ano\u201d.<\/p>\n\n\n\n<p class=\"wp-block-paragraph\">\u201cAcho que n\u00e3o h\u00e1 d\u00favidas em rela\u00e7\u00e3o ao progresso do time neste ano. E isso \u00e9 muito cr\u00e9dito de Daniel, que claramente liderou a equipe e tem por tr\u00e1s dele um grupo de pessoas e de mec\u00e2nicos e engenheiros que est\u00e3o fazendo um trabalho extraordin\u00e1rio\u201d, elogiou.<\/p>\n\n\n\n<p class=\"wp-block-paragraph\">Quinta colocada na classifica\u00e7\u00e3o do Mundial de Construtores, a Renault ainda esta na briga pelo terceiro lugar. A marca francesa soma 172 pontos, 22 a menos que a Racing Point, ocupante da cobi\u00e7ada posi\u00e7\u00e3o. A McLaren tem o quarto posto na tabela de 2020.<\/p>\n\n\n\n<p class=\"wp-block-paragraph\">\u201cDaniel \u00e9 um grande embaixador, um l\u00edder para a equipe. Ele, claramente, foi instrumental para as mudan\u00e7as que fizemos no ano passado, quando tivemos um ano desapontador\u201d, admitiu Abiteboul. \u201cEle teve impacto e somos muito diferentes hoje do que \u00e9ramos h\u00e1 dois anos e meio, quando decidimos fazer uma parceria. Assim, nesse sentido, deu resultado\u201d, resumiu.<\/p>\n\n\n\n<p class=\"wp-block-paragraph\">\u201cA ironia de tudo isso \u00e9 que acredito que somos agora um time muito mais forte e ele ter\u00e1 de correr conta uma equipe muito mais forte no pr\u00f3ximo ano\u201d, encerrou.<\/p>\n\n\n\n<p class=\"wp-block-paragraph\">Com apenas mais uma corrida pela frente, Ricciardo soma dois p\u00f3dios com a equipe comandada por Abiteboul, ambos em 2020: um terceiro lugar no GP de Eifel e outro no GP de Em\u00edlia-Romanha.<\/p>\n\n\n\n<p class=\"wp-block-paragraph\">A\u00a0<a href=\"https:\/\/www.grandepremio.com\/br\/f1\/\" target=\"_blank\" rel=\"noreferrer noopener\">F\u00f3rmula 1<\/a>\u00a0volta a acelerar neste s\u00e1bado, a partir de 7h (de Bras\u00edlia), com o terceiro treino livre em\u00a0<a href=\"https:\/\/www.grandepremio.com\/br\/etapa\/f1\/gp-de-abu-dhabi-formula-1-2020\/\" target=\"_blank\" rel=\"noreferrer noopener\">Yas Marina<\/a>. O\u00a0<strong>GRANDE PR\u00caMIO<\/strong>\u00a0acompanha todas as atividades do fim de semana do GP de Abu Dhabi\u00a0<strong><a href=\"https:\/\/www.grandepremio.com\/br\/ao-vivo\/f1\/gp-de-abu-dhabi-2020-treinos-livres\/\">AO VIVO e em TEMPO REAL<\/a><\/strong>.<\/p>\n\n\n\n\n\n<figure class=\"wp-block-embed-youtube wp-block-embed is-type-video is-provider-youtube wp-embed-aspect-16-9 wp-has-aspect-ratio\"><div class=\"wp-block-embed__wrapper\">\n<iframe loading=\"lazy\" title=\"F1 2020, P\u00c9REZ e VETTEL: um fim de semana de DESPEDIDAS em Abu Dhabi | GP \u00e0s 10\" width=\"500\" height=\"281\" src=\"https:\/\/www.youtube.com\/embed\/zsy2S3EDxlE?feature=oembed\" frameborder=\"0\" allow=\"accelerometer; autoplay; clipboard-write; encrypted-media; gyroscope; picture-in-picture; web-share\" referrerpolicy=\"strict-origin-when-cross-origin\" allowfullscreen><\/iframe>\n<\/div><\/figure>\n","protected":false},"excerpt":{"rendered":"<p>Cyril Abiteboul considerou que o australiano desempenhou um papel fundamental no crescimento da equipe e, por isso, ter\u00e1 de enfrentar uma Renault bastante mais forte em 2021<\/p>\n","protected":false},"author":0,"featured_media":1000441617,"comment_status":"closed","ping_status":"closed","sticky":false,"template":"","format":"standard","meta":{"42wp_featured_image_caption":"","42wp_featured_image_credits":"","42wp_featured_video":"","42wp_featured_image_hidden":false,"42wp_authors_list":[],"footnotes":""},"categories":[2],"tags":[211,147,118,24837,24860,26867,26868,24859,24861,229],"42wp_author":[47113],"class_list":["post-124559","post","type-post","status-publish","format-standard","has-post-thumbnail","hentry","category-f1","tag-daniel-ricciardo","tag-f1","tag-f1-2020","tag-formula-1-2","tag-formula-1-2020-2","tag-formula-1-ao-vivo-2020","tag-formula-1-classificacao-2020","tag-horario-f1-2020","tag-horario-formula-1-2020","tag-renault","42wp_author-juliana-tesser"],"_links":{"self":[{"href":"https:\/\/grandepremio.com\/br\/wp-json\/wp\/v2\/posts\/124559","targetHints":{"allow":["GET"]}}],"collection":[{"href":"https:\/\/grandepremio.com\/br\/wp-json\/wp\/v2\/posts"}],"about":[{"href":"https:\/\/grandepremio.com\/br\/wp-json\/wp\/v2\/types\/post"}],"replies":[{"embeddable":true,"href":"https:\/\/grandepremio.com\/br\/wp-json\/wp\/v2\/comments?post=124559"}],"version-history":[{"count":0,"href":"https:\/\/grandepremio.com\/br\/wp-json\/wp\/v2\/posts\/124559\/revisions"}],"wp:featuredmedia":[{"embeddable":true,"href":"https:\/\/grandepremio.com\/br\/wp-json\/wp\/v2\/media\/1000441617"}],"wp:attachment":[{"href":"https:\/\/grandepremio.com\/br\/wp-json\/wp\/v2\/media?parent=124559"}],"wp:term":[{"taxonomy":"category","embeddable":true,"href":"https:\/\/grandepremio.com\/br\/wp-json\/wp\/v2\/categories?post=124559"},{"taxonomy":"post_tag","embeddable":true,"href":"https:\/\/grandepremio.com\/br\/wp-json\/wp\/v2\/tags?post=124559"},{"taxonomy":"42wp_author","embeddable":true,"href":"https:\/\/grandepremio.com\/br\/wp-json\/wp\/v2\/42wp_author?post=124559"}],"curies":[{"name":"wp","href":"https:\/\/api.w.org\/{rel}","templated":true}]}}