{"id":12456,"date":"2026-02-03T12:42:05","date_gmt":"2026-02-03T15:42:05","guid":{"rendered":"https:\/\/grandepremio.com\/br\/noticias\/aston-martin-admite-desvantagem-calcula-4-meses-atraso-projeto-f1\/"},"modified":"2026-02-03T12:48:33","modified_gmt":"2026-02-03T15:48:33","slug":"aston-martin-admite-desvantagem-calcula-4-meses-atraso-projeto-f1","status":"publish","type":"post","link":"https:\/\/grandepremio.com\/br\/f1\/aston-martin-admite-desvantagem-calcula-4-meses-atraso-projeto-f1\/","title":{"rendered":"Aston Martin admite desvantagem e calcula &#8220;4 meses de atraso&#8221; em projeto da F1"},"content":{"rendered":"\n<p class=\"wp-block-paragraph\">A <strong>Aston Martin<\/strong> come\u00e7ou 2026 um passo atr\u00e1s das demais rivais do grid da <strong>F\u00f3rmula 1<\/strong> ap\u00f3s sofrer um pequeno atraso no desenvolvimento do <strong><a href=\"https:\/\/www.grandepremio.com\/br\/f1\/noticias\/aston-martin-admite-foco-ter-carro-amigavel-fernando-alonso-lance-stroll-formula-1\/\">AMR26 <\/a><\/strong>e chegar de \u00faltima hora nos testes privados de <strong>Barcelona<\/strong>, na \u00faltima semana. Agora, <strong>Adrian Newey<\/strong> esclareceu a origem deste contratempo enfrentado pela equipe e explicou que o primeiro percal\u00e7o surgiu j\u00e1 na etapa do t\u00fanel de vento, ainda no primeiro semestre de 2025. <\/p>\n\n\n\n<p class=\"wp-block-paragraph\">De in\u00edcio, a Aston Martin havia revelado que o novo t\u00fanel de vento da equipe j\u00e1 estava operando normalmente no dia 13 de mar\u00e7o de 2025. Por\u00e9m, agora, o chefe de equipe explicou que o carro de 2026 s\u00f3 foi para esta etapa do desenvolvimento em abril, o que representou um atraso de quatro meses em rela\u00e7\u00e3o ao demais times do grid. <\/p>\n\n\n\n<p class=\"wp-block-paragraph\">De in\u00edcio, a <strong>F1 <\/strong>implementou um banimento de testes do carro de 2026 no t\u00fanel de vento at\u00e9 o in\u00edcio do ano passado. Por\u00e9m, com essa suspens\u00e3o encerrada no dia 1\u00ba de janeiro de 2025, muitas equipes come\u00e7aram esses testes logo de cara. Para a Aston Martin, por\u00e9m, a realidade era outra, como explicou Newey. <\/p>\n\n\n\n<p class=\"wp-block-paragraph\">\u201c2026 \u00e9 provavelmente a primeira vez na hist\u00f3ria da F1 em que os regulamentos das unidades de pot\u00eancia e do chassi mudam ao mesmo tempo. \u00c9 um conjunto completamente novo de regras, o que representa um grande desafio para todas as equipes, mas talvez ainda maior para n\u00f3s\u201d, iniciou o projetista brit\u00e2nico. <\/p>\n\n\n\n<figure class=\"wp-block-image size-large\"><img decoding=\"async\" src=\"https:\/\/www.grandepremio.com\/br\/wp-content\/uploads\/2026\/01\/G_8QIyTboAAJvHd-1200x675.jpg\" alt=\"\" class=\"wp-image-1054058\"\/><figcaption class=\"wp-element-caption\">Aston Martin durante testes privados em Barcelona (Foto: Aston Martin)<\/figcaption><\/figure>\n\n\n\n<p class=\"wp-block-paragraph\">\u201cO <strong>AMR Technology Campus<\/strong> ainda est\u00e1 em evolu\u00e7\u00e3o. O t\u00fanel de vento s\u00f3 passou a funcionar plenamente em abril, e s\u00f3 me juntei \u00e0 equipe em mar\u00e7o do ano passado, ent\u00e3o, na verdade, come\u00e7amos em desvantagem. Foi um cronograma muito apertado de dez meses extremamente intensos\u201d, descreveu.<\/p>\n\n\n\n<p class=\"wp-block-paragraph\">\u201cA realidade \u00e9 que s\u00f3 colocamos um modelo do carro de 2026 no t\u00fanel de vento em meados de abril, enquanto a maioria dos rivais j\u00e1 teria um modelo no t\u00fanel desde o momento em que a proibi\u00e7\u00e3o de testes aerodin\u00e2micos para 2026 terminou, no in\u00edcio de janeiro do ano passado. Isso nos colocou cerca de quatro meses atr\u00e1s, o que resultou em um ciclo de pesquisa e desenvolvimento extremamente apertado. O carro s\u00f3 ficou pronto no \u00faltimo minuto, e \u00e9 por isso que est\u00e1vamos lutando para chegar ao shakedown de Barcelona\u201d, explicou o chefe da equipe. <\/p>\n\n\n\n<p class=\"wp-block-paragraph\">A Aston Martin s\u00f3 conseguiu levar o AMR26 \u00e0 pista em dois dos cinco dias de testes em Barcelona. Na quinta-feira, a equipe fez apenas um shakedown com uma quilometragem bastante limitada. Depois, na sexta-feira, o trabalho foi mais completo, e o carro de <strong>Lance Stroll<\/strong> e <strong>Fernando Alonso<\/strong> deu mais voltas para coletar dados importantes no desenvolvimento cont\u00ednuo do b\u00f3lido, algo que Newey tamb\u00e9m salientou. <\/p>\n\n\n\n<p class=\"wp-block-paragraph\">\u201cO AMR26 que vai correr em <strong>Melbourne <\/strong>ser\u00e1 muito diferente daquele que as pessoas viram no shakedown de Barcelona, e o AMR26 com o qual vamos terminar a temporada em <strong>Abu Dhabi<\/strong> tamb\u00e9m ser\u00e1 muito diferente daquele com que come\u00e7aremos o campeonato. \u00c9 muito importante manter a mente aberta\u201d, encerrou o dirigente da Aston Martin. <\/p>\n\n\n\n<p class=\"wp-block-paragraph\">Ap\u00f3s os testes coletivos em&nbsp;<strong>Barcelona<\/strong>, as equipes ter\u00e3o duas semanas para retornar \u00e0s f\u00e1bricas e trabalhar com base nos dados coletados nos \u00faltimos dias. Dessa forma, os carros s\u00f3 voltam \u00e0 pista entre 11 e 13 de fevereiro, durante os testes de pr\u00e9-temporada no&nbsp;<strong>Bahrein<\/strong>.<\/p>\n\n\n\n<p class=\"wp-block-paragraph\">\u25b6\ufe0f&nbsp;<strong>Inscreva-se nos dois canais do GRANDE PR\u00caMIO no YouTube:&nbsp;<a href=\"https:\/\/www.youtube.com\/channel\/UC9OlHEgxoaY6QY6nWPoiqQg?sub_confirmation=1\" target=\"_blank\" rel=\"noreferrer noopener\">GP<\/a>&nbsp;|&nbsp;<a href=\"https:\/\/www.youtube.com\/channel\/UC9csiS6q_C3C0FYhyr1rnFA?sub_confirmation=1\" target=\"_blank\" rel=\"noreferrer noopener\">GP2<\/a><\/strong><\/p>\n\n\n\n<h2 class=\"wp-block-heading\" id=\"h-f1-hoje-saiba-aqui-as-noticias-mais-importantes-do-dia-da-formula-1\"><strong>F1 hoje: saiba aqui as not\u00edcias mais importantes do dia da F\u00f3rmula 1<\/strong><\/h2>\n\n\n\n<p class=\"wp-block-paragraph\">\u25b6\ufe0f&nbsp;<strong><a href=\"https:\/\/www.grandepremio.com\/br\/f1\/noticias\/andrea-kimi-antonelli-detalha-pilotagem-novo-carro-f1-sensacao-melhor-que-2025\/\">Antonelli detalha pilotagem de novo carro da F1: \u201cSensa\u00e7\u00e3o melhor do que em 2025\u201d<\/a><\/strong><br>\u25b6\ufe0f&nbsp;<strong><a href=\"https:\/\/www.grandepremio.com\/br\/grandepremium\/10\/f1\/materias\/podios-consecutivos-grands-chelems-recordes-podem-ser-batidos-f1-2026\/\">De p\u00f3dios consecutivos a Grands Chelems: recordes que podem ser batidos na F1 2026<\/a><\/strong><br>\u25b6\ufe0f&nbsp;<strong><a href=\"https:\/\/www.grandepremio.com\/br\/f1\/noticias\/mercedes-garante-motor-legal-para-f1-2026-cutuca-rivais-polemica-tomem-jeito\/\">Mercedes garante motor legal para F1 2026 e cutuca rivais ap\u00f3s pol\u00eamica: \u201cTomem jeito\u201d<\/a><\/strong><\/p>\n\n\n\n<figure class=\"wp-block-embed is-type-video is-provider-youtube wp-block-embed-youtube wp-embed-aspect-16-9 wp-has-aspect-ratio\"><div class=\"wp-block-embed__wrapper\">\n<iframe loading=\"lazy\" title=\"WILLIAMS APRESENTA FW48, PARA A F1 2026 | React\" width=\"500\" height=\"281\" src=\"https:\/\/www.youtube.com\/embed\/d2Glu0t2ARg?feature=oembed\" frameborder=\"0\" allow=\"accelerometer; autoplay; clipboard-write; encrypted-media; gyroscope; picture-in-picture; web-share\" referrerpolicy=\"strict-origin-when-cross-origin\" allowfullscreen><\/iframe>\n<\/div><\/figure>\n","protected":false},"excerpt":{"rendered":"<p>Adrian Newey, chefe da Aston Martin, revelou que a equipe s\u00f3 conseguiu colocar o carro de 2026 no t\u00fanel de vento em abril do ano passado. As demais rivais, por outro lado, come\u00e7aram essa etapa do desenvolvimento em janeiro de 2025<\/p>\n","protected":false},"author":0,"featured_media":1000984741,"comment_status":"closed","ping_status":"closed","sticky":false,"template":"","format":"standard","meta":{"42wp_featured_image_caption":"","42wp_featured_image_credits":"","42wp_featured_video":"","42wp_featured_image_hidden":false,"42wp_authors_list":[],"footnotes":""},"categories":[2],"tags":[3547,45840,309,304,26271,5273,147,29516,29148,176,180,31425,28995,1491,28285,30840,485,35129,31470,305],"42wp_author":[47162],"class_list":["post-12456","post","type-post","status-publish","format-standard","has-post-thumbnail","hentry","category-f1","tag-adrian-newey","tag-amr26","tag-aston-martin","tag-barcelona","tag-calendario-f1","tag-classificacao-f1","tag-f1","tag-f1-2026","tag-f1-hoje","tag-fernando-alonso","tag-formula-1","tag-formula-1-2026","tag-formula-1-hoje","tag-grande-premio","tag-grandepremio","tag-horarios-f1","tag-lance-stroll","tag-onde-assistir-f1","tag-temporada-2026-f1","tag-testes","42wp_author-giovani-danjo"],"_links":{"self":[{"href":"https:\/\/grandepremio.com\/br\/wp-json\/wp\/v2\/posts\/12456","targetHints":{"allow":["GET"]}}],"collection":[{"href":"https:\/\/grandepremio.com\/br\/wp-json\/wp\/v2\/posts"}],"about":[{"href":"https:\/\/grandepremio.com\/br\/wp-json\/wp\/v2\/types\/post"}],"replies":[{"embeddable":true,"href":"https:\/\/grandepremio.com\/br\/wp-json\/wp\/v2\/comments?post=12456"}],"version-history":[{"count":0,"href":"https:\/\/grandepremio.com\/br\/wp-json\/wp\/v2\/posts\/12456\/revisions"}],"wp:featuredmedia":[{"embeddable":true,"href":"https:\/\/grandepremio.com\/br\/wp-json\/wp\/v2\/media\/1000984741"}],"wp:attachment":[{"href":"https:\/\/grandepremio.com\/br\/wp-json\/wp\/v2\/media?parent=12456"}],"wp:term":[{"taxonomy":"category","embeddable":true,"href":"https:\/\/grandepremio.com\/br\/wp-json\/wp\/v2\/categories?post=12456"},{"taxonomy":"post_tag","embeddable":true,"href":"https:\/\/grandepremio.com\/br\/wp-json\/wp\/v2\/tags?post=12456"},{"taxonomy":"42wp_author","embeddable":true,"href":"https:\/\/grandepremio.com\/br\/wp-json\/wp\/v2\/42wp_author?post=12456"}],"curies":[{"name":"wp","href":"https:\/\/api.w.org\/{rel}","templated":true}]}}