{"id":124587,"date":"2020-12-11T09:15:50","date_gmt":"2020-12-11T12:15:50","guid":{"rendered":"https:\/\/grandepremio.com\/br\/noticias\/apos-1a-vitoria-sergio-perez-se-ve-no-auge-e-descarta-deixar-formula-1-quero-mais-no-esporte\/"},"modified":"2020-12-11T09:15:54","modified_gmt":"2020-12-11T12:15:54","slug":"apos-1a-vitoria-sergio-perez-se-ve-no-auge-e-descarta-deixar-formula-1-quero-mais-no-esporte","status":"publish","type":"post","link":"https:\/\/grandepremio.com\/br\/f1\/apos-1a-vitoria-sergio-perez-se-ve-no-auge-e-descarta-deixar-formula-1-quero-mais-no-esporte\/","title":{"rendered":"Ap\u00f3s 1\u00aa vit\u00f3ria, P\u00e9rez se v\u00ea no auge e descarta deixar F\u00f3rmula 1: \u201cQuero mais no esporte\u201d"},"content":{"rendered":"\n<figure class=\"wp-block-embed-youtube wp-block-embed is-type-video is-provider-youtube wp-embed-aspect-16-9 wp-has-aspect-ratio\"><div class=\"wp-block-embed__wrapper\">\n<iframe loading=\"lazy\" title=\"F1 2020, P\u00c9REZ e VETTEL: um fim de semana de DESPEDIDAS em Abu Dhabi | GP \u00e0s 10\" width=\"500\" height=\"281\" src=\"https:\/\/www.youtube.com\/embed\/zsy2S3EDxlE?feature=oembed\" frameborder=\"0\" allow=\"accelerometer; autoplay; clipboard-write; encrypted-media; gyroscope; picture-in-picture; web-share\" referrerpolicy=\"strict-origin-when-cross-origin\" allowfullscreen><\/iframe>\n<\/div><\/figure>\n\n\n\n<p class=\"wp-block-paragraph\">Nos \u00faltimos meses, em meio a toda a indefini\u00e7\u00e3o sobre seu futuro na F\u00f3rmula 1, Sergio P\u00e9rez chegou a assumir que poderia at\u00e9 <a href=\"https:\/\/www.grandepremio.com\/br\/f1\/noticias\/com-futuro-incerto-perez-diz-que-deixa-f1-com-orgulho-caso-fique-sem-vaga-em-2021\/\">deixar de vez a categoria se n\u00e3o conseguisse uma vaga para o ano que vem<\/a>. Dispensado da Racing Point\/Aston Martin para dar lugar a Sebastian Vettel em 2021, o mexicano de Guadalajara tem apenas uma op\u00e7\u00e3o para seguir no grid na pr\u00f3xima temporada: ser contratado pela Red Bull. Mas <a href=\"https:\/\/www.grandepremio.com\/br\/f1\/noticias\/sergio-perez-vence-apos-cair-para-ultimo-e-george-russell-perde-por-problema-no-pneu-em-sakhir\/\">a grande vit\u00f3ria lograda no \u00faltimo domingo do GP de Sakhir<\/a> faz P\u00e9rez ter certeza que, independente do que acontecer sobre a equipe taurina, <a href=\"https:\/\/www.grandepremio.com\/br\/f1\/noticias\/sergio-perez-diz-que-ficar-fora-da-f1-em-2021-nao-sera-desastre-e-mira-retorno-estou-em-paz\/\">sua hist\u00f3ria no Mundial est\u00e1 longe do fim<\/a>.<\/p>\n\n\n\n<p class=\"wp-block-paragraph\">\u201cAcredito que estou no auge da minha carreira, e os melhores anos est\u00e3o por vir. Quero mais no esporte\u201d, declarou \u2018Checo\u2019 em entrevista coletiva concedida na \u00faltima quinta-feira (10) em Yas Marina, palco do GP de Abu Dhabi de F\u00f3rmula 1.<\/p>\n\n\n\n<figure class=\"wp-block-image size-large\"><img decoding=\"async\" src=\"https:\/\/www.grandepremio.com\/br\/wp-content\/uploads\/2020\/12\/racingpoint-sergioperez-01-2-1024x683.jpg\" alt=\"\" class=\"wp-image-440734\"\/><figcaption>Sergio P\u00e9rez venceu pela primeira vez na F\u00f3rmula 1 (Foto: Racing Point)<\/figcaption><\/figure>\n\n\n\n<p class=\"wp-block-paragraph\"><strong>Conhe\u00e7a o canal do Grande Pr\u00eamio no YouTube! Clique\u00a0<a rel=\"noreferrer noopener\" href=\"https:\/\/youtube.com\/GrandePremioTV\" target=\"_blank\">aqui<\/a>.<br>Siga o Grande Pr\u00eamio no\u00a0<a rel=\"noreferrer noopener\" href=\"https:\/\/twitter.com\/grandepremio\" target=\"_blank\">Twitter\u00a0<\/a>e no\u00a0<a rel=\"noreferrer noopener\" href=\"https:\/\/instagram.com\/grandepremio\" target=\"_blank\">Instagram<\/a>!<\/strong><\/p>\n\n\n\n<p class=\"wp-block-paragraph\">P\u00e9rez entende que o triunfo obtido em Sakhir d\u00e1 a certeza que, se foi poss\u00edvel da primeira vez, ser\u00e1 poss\u00edvel conquistar outro na F\u00f3rmula 1. \u201cDepois que voc\u00ea consegue a primeira, voc\u00ea sabe o que tem de fazer de novo, e quero alcan\u00e7ar isso mais vezes novamente\u201d.<\/p>\n\n\n\n<p class=\"wp-block-paragraph\">Mas, por outro lado, por mais que se veja na grande fase da carreira, \u2018Checo\u2019 lamenta por n\u00e3o ter condi\u00e7\u00f5es de dizer algo sobre a sequ\u00eancia da sua trajet\u00f3ria na F1. \u201cN\u00e3o estou no controle do meu futuro no momento. E isso \u00e9 algo que incomoda muito, obviamente\u201d.<\/p>\n\n\n\n<p class=\"wp-block-paragraph\">Questionado sobre Lawrence Stroll e se a vit\u00f3ria no Bahrein foi uma resposta depois de uma dispensa inesperada da equipe, P\u00e9rez foi por outro caminho e falou em gratid\u00e3o ao empres\u00e1rio canadense.<\/p>\n\n\n\n<p class=\"wp-block-paragraph\">\u201cDou grande cr\u00e9dito ao Lawrence porque, quando ele veio para a equipe, gra\u00e7as a ele e de certa forma, foi que esta vit\u00f3ria veio. Ele levou toda a equipe a um n\u00edvel diferente com o n\u00edvel de investimento que fez, e eu pude tirar vantagem disso com essa vit\u00f3ria\u201d, concluiu.<\/p>\n\n\n\n<p class=\"wp-block-paragraph\">O GP de Abu Dhabi marca o desfecho da temporada 2020 do Mundial de F\u00f3rmula 1. O <strong>GRANDE PR\u00caMIO<\/strong> acompanha tudo <strong><a href=\"https:\/\/www.grandepremio.com\/br\/ao-vivo\/f1\/gp-de-abu-dhabi-2020-treinos-livres\/\">AO VIVO e em TEMPO REAL<\/a><\/strong>.<\/p>\n\n\n\n<figure class=\"wp-block-embed-youtube wp-block-embed is-type-video is-provider-youtube wp-embed-aspect-16-9 wp-has-aspect-ratio\"><div class=\"wp-block-embed__wrapper\">\n<iframe loading=\"lazy\" title=\"Da &amp;apos;COCA&amp;apos; Renault ao Porsche de FITTIPALDI: a hist\u00f3ria do piloto PABLO ESCOBAR\" width=\"500\" height=\"281\" src=\"https:\/\/www.youtube.com\/embed\/Ly6kKYUR8CA?feature=oembed\" frameborder=\"0\" allow=\"accelerometer; autoplay; clipboard-write; encrypted-media; gyroscope; picture-in-picture; web-share\" referrerpolicy=\"strict-origin-when-cross-origin\" allowfullscreen><\/iframe>\n<\/div><\/figure>\n","protected":false},"excerpt":{"rendered":"<p>Mesmo que n\u00e3o consiga a almejada vaga na Red Bull e fique fora do grid na pr\u00f3xima temporada, Sergio P\u00e9rez deixou claro que n\u00e3o ser\u00e1 o fim na F\u00f3rmula 1. A vit\u00f3ria incr\u00edvel lograda no \u00faltimo GP de Sakhir fez com que o mexicano mudasse seus planos para o futuro na carreira<\/p>\n","protected":false},"author":0,"featured_media":1000440737,"comment_status":"closed","ping_status":"closed","sticky":false,"template":"","format":"standard","meta":{"42wp_featured_image_caption":"","42wp_featured_image_credits":"","42wp_featured_video":"","42wp_featured_image_hidden":false,"42wp_authors_list":[],"footnotes":""},"categories":[2],"tags":[118,24837,25424,26042,24836,204,24863,24833],"42wp_author":[47110],"class_list":["post-124587","post","type-post","status-publish","format-standard","has-post-thumbnail","hentry","category-f1","tag-f1-2020","tag-formula-1-2","tag-gp-de-abu-dhabi","tag-gp-de-sakhir","tag-grande-premio-2","tag-red-bull","tag-sergio-perez-2","tag-vitoria-2","42wp_author-fernando-silva"],"_links":{"self":[{"href":"https:\/\/grandepremio.com\/br\/wp-json\/wp\/v2\/posts\/124587","targetHints":{"allow":["GET"]}}],"collection":[{"href":"https:\/\/grandepremio.com\/br\/wp-json\/wp\/v2\/posts"}],"about":[{"href":"https:\/\/grandepremio.com\/br\/wp-json\/wp\/v2\/types\/post"}],"replies":[{"embeddable":true,"href":"https:\/\/grandepremio.com\/br\/wp-json\/wp\/v2\/comments?post=124587"}],"version-history":[{"count":0,"href":"https:\/\/grandepremio.com\/br\/wp-json\/wp\/v2\/posts\/124587\/revisions"}],"wp:featuredmedia":[{"embeddable":true,"href":"https:\/\/grandepremio.com\/br\/wp-json\/wp\/v2\/media\/1000440737"}],"wp:attachment":[{"href":"https:\/\/grandepremio.com\/br\/wp-json\/wp\/v2\/media?parent=124587"}],"wp:term":[{"taxonomy":"category","embeddable":true,"href":"https:\/\/grandepremio.com\/br\/wp-json\/wp\/v2\/categories?post=124587"},{"taxonomy":"post_tag","embeddable":true,"href":"https:\/\/grandepremio.com\/br\/wp-json\/wp\/v2\/tags?post=124587"},{"taxonomy":"42wp_author","embeddable":true,"href":"https:\/\/grandepremio.com\/br\/wp-json\/wp\/v2\/42wp_author?post=124587"}],"curies":[{"name":"wp","href":"https:\/\/api.w.org\/{rel}","templated":true}]}}