{"id":124608,"date":"2020-12-10T09:18:20","date_gmt":"2020-12-10T12:18:20","guid":{"rendered":"https:\/\/grandepremio.com\/br\/noticias\/mercedes-presta-tributo-a-funcionarios-e-corre-em-abu-dhabi-com-pintura-diferente\/"},"modified":"2020-12-10T09:18:27","modified_gmt":"2020-12-10T12:18:27","slug":"mercedes-presta-tributo-a-funcionarios-e-corre-em-abu-dhabi-com-pintura-diferente","status":"publish","type":"post","link":"https:\/\/grandepremio.com\/br\/f1\/mercedes-presta-tributo-a-funcionarios-e-corre-em-abu-dhabi-com-pintura-diferente\/","title":{"rendered":"Mercedes presta tributo a funcion\u00e1rios e corre em Abu Dhabi com pintura diferente"},"content":{"rendered":"\n<figure class=\"wp-block-embed-youtube wp-block-embed is-type-video is-provider-youtube wp-embed-aspect-16-9 wp-has-aspect-ratio\"><div class=\"wp-block-embed__wrapper\">\n<iframe loading=\"lazy\" title=\"Da &amp;apos;COCA&amp;apos; Renault ao Porsche de FITTIPALDI: a hist\u00f3ria do piloto PABLO ESCOBAR\" width=\"500\" height=\"281\" src=\"https:\/\/www.youtube.com\/embed\/Ly6kKYUR8CA?feature=oembed\" frameborder=\"0\" allow=\"accelerometer; autoplay; clipboard-write; encrypted-media; gyroscope; picture-in-picture; web-share\" referrerpolicy=\"strict-origin-when-cross-origin\" allowfullscreen><\/iframe>\n<\/div><\/figure>\n\n\n\n<p class=\"wp-block-paragraph\">A Mercedes vai prestar um tributo aos funcion\u00e1rios no encerramento da temporada 2020 da F\u00f3rmula 1. Toto Wolff anunciou uma pintura especial no GP e Abu Dhabi para homenagear o \u201cenorme comprometimento e a determina\u00e7\u00e3o\u201d dos integrantes da equipe.<\/p>\n\n\n\n<p class=\"wp-block-paragraph\">A equipe de Lewis Hamilton e Valtteri Bottas usaria o tradicional prata no W11, mas acabou<a href=\"https:\/\/www.grandepremio.com\/br\/f1\/noticias\/em-luta-contra-racismo-mercedes-inova-e-troca-prata-pelo-preto-em-carro-para-2020\/\" target=\"_blank\" rel=\"noreferrer noopener\"> trocando para a cor preta em apoio aos protestos antirracistas<\/a>. Agora, o carro vai carregar os nomes dos integrantes da Mercedes na \u00faltima corrida do ano.<\/p>\n\n\n\n<figure class=\"wp-block-image size-large\"><img decoding=\"async\" src=\"https:\/\/www.grandepremio.com\/br\/wp-content\/uploads\/2020\/05\/Eok8zxRXEAUARNP-1024x682.jpg\" alt=\"VALTTERI BOTTAS; GEORGE RUSSELL; GP DE SAKHIR; F\u00d3RMULA 1; F1;\" class=\"wp-image-440689\"\/><figcaption>Mercedes vai usar um layout especial em Abu Dhabi (Foto: Mercedes)<\/figcaption><\/figure>\n\n\n\n<p class=\"wp-block-paragraph\"><strong>Conhe\u00e7a o canal do Grande Pr\u00eamio no YouTube! Clique\u00a0<a rel=\"noreferrer noopener\" href=\"https:\/\/youtube.com\/GrandePremioTV\" target=\"_blank\">aqui<\/a>.<br>Siga o Grande Pr\u00eamio no\u00a0<a rel=\"noreferrer noopener\" href=\"https:\/\/twitter.com\/grandepremio\" target=\"_blank\">Twitter\u00a0<\/a>e no\u00a0<a rel=\"noreferrer noopener\" href=\"https:\/\/instagram.com\/grandepremio\" target=\"_blank\">Instagram<\/a>!<\/strong><\/p>\n\n\n\n<p class=\"wp-block-paragraph\">\u201cTemos uma surpresa muito especial para os membros da nossa equipe em Abu Dhabi neste fim de semana. No s\u00e1bado e no domingo, vamos usar uma pintura um pouco diferente, com os nomes de todos no carro para honrar o enorme comprometimento e a determina\u00e7\u00e3o de todos em Brixworth e Brackley\u201d, anunciou Wolff. \u201cTodos trabalharam duro neste ano para levantar o sarrafo nesta temporada incrivelmente intensa e esperamos que este gesto mostre o apre\u00e7o que temos por todos envolvidos\u201d, seguiu.<\/p>\n\n\n\n<p class=\"wp-block-paragraph\">Com os Mundiais de Pilotos e Construtores j\u00e1 garantidos, Wolff destacou que a corrida em Yas Marina tem um certo clima de despedida, mas tamb\u00e9m reserva desafios.<\/p>\n\n\n\n<p class=\"wp-block-paragraph\">\u201cAbu Dhabi \u00e9 sempre um bom fim de semana com a sensa\u00e7\u00e3o de fim de ano e um circuito interessante para os engenheiros trabalharem. A atmosfera ser\u00e1 um pouco diferente neste ano, com as medidas de controle de Covid-19, mas estamos t\u00e3o motivados quanto sempre para terminar esta temporada com um resultado forte e entrar nas f\u00e9rias de inverno do jeito certo\u201d, encerrou.<\/p>\n\n\n\n<p class=\"wp-block-paragraph\"><strong>LEIA TAMB\u00c9M<\/strong><br><strong>+\u00a0<a href=\"https:\/\/www.grandepremio.com\/br\/f1\/noticias\/entre-ascensao-queda-e-recomeco-sergio-perez-coroa-carreira-persistente-com-vitoria-historica\/\" target=\"_blank\" rel=\"noreferrer noopener\">Entre ascens\u00e3o, queda e recome\u00e7o, P\u00e9rez coroa carreira persistente com vit\u00f3ria hist\u00f3rica<\/a><\/strong><br><strong>+\u00a0<a href=\"https:\/\/www.grandepremio.com\/br\/f1\/noticias\/reves-no-gp-de-sakhir-deixa-claro-falta-cacife-para-bottas-ser-um-piloto-de-ponta-real\/\" target=\"_blank\" rel=\"noreferrer noopener\">Rev\u00e9s no GP de Sakhir deixa claro: falta cacife para Bottas ser um piloto de ponta real<\/a><\/strong><\/p>\n\n\n\n\n\n<figure class=\"wp-block-embed-youtube wp-block-embed is-type-video is-provider-youtube wp-embed-aspect-16-9 wp-has-aspect-ratio\"><div class=\"wp-block-embed__wrapper\">\n<iframe loading=\"lazy\" title=\"F1: RUSSELL brilha, mas dizer que qualquer um vence com Mercedes \u00e9 BOBAGEM | GP \u00e0s 10\" width=\"500\" height=\"281\" src=\"https:\/\/www.youtube.com\/embed\/XAmDf4elCoo?feature=oembed\" frameborder=\"0\" allow=\"accelerometer; autoplay; clipboard-write; encrypted-media; gyroscope; picture-in-picture; web-share\" referrerpolicy=\"strict-origin-when-cross-origin\" allowfullscreen><\/iframe>\n<\/div><\/figure>\n","protected":false},"excerpt":{"rendered":"<p>A equipe comandada por Toto Wolff quis mostrar apre\u00e7o pelos trabalhadores de Brackley e Brixworth e, por isso, vai estampar nos carros os nomes dos funcion\u00e1rios <\/p>\n","protected":false},"author":0,"featured_media":1000440419,"comment_status":"closed","ping_status":"closed","sticky":false,"template":"","format":"standard","meta":{"42wp_featured_image_caption":"","42wp_featured_image_credits":"","42wp_featured_video":"","42wp_featured_image_hidden":false,"42wp_authors_list":[],"footnotes":""},"categories":[2],"tags":[147,118,24837,24860,24859,24861,82],"42wp_author":[47113],"class_list":["post-124608","post","type-post","status-publish","format-standard","has-post-thumbnail","hentry","category-f1","tag-f1","tag-f1-2020","tag-formula-1-2","tag-formula-1-2020-2","tag-horario-f1-2020","tag-horario-formula-1-2020","tag-mercedes","42wp_author-juliana-tesser"],"_links":{"self":[{"href":"https:\/\/grandepremio.com\/br\/wp-json\/wp\/v2\/posts\/124608","targetHints":{"allow":["GET"]}}],"collection":[{"href":"https:\/\/grandepremio.com\/br\/wp-json\/wp\/v2\/posts"}],"about":[{"href":"https:\/\/grandepremio.com\/br\/wp-json\/wp\/v2\/types\/post"}],"replies":[{"embeddable":true,"href":"https:\/\/grandepremio.com\/br\/wp-json\/wp\/v2\/comments?post=124608"}],"version-history":[{"count":0,"href":"https:\/\/grandepremio.com\/br\/wp-json\/wp\/v2\/posts\/124608\/revisions"}],"wp:featuredmedia":[{"embeddable":true,"href":"https:\/\/grandepremio.com\/br\/wp-json\/wp\/v2\/media\/1000440419"}],"wp:attachment":[{"href":"https:\/\/grandepremio.com\/br\/wp-json\/wp\/v2\/media?parent=124608"}],"wp:term":[{"taxonomy":"category","embeddable":true,"href":"https:\/\/grandepremio.com\/br\/wp-json\/wp\/v2\/categories?post=124608"},{"taxonomy":"post_tag","embeddable":true,"href":"https:\/\/grandepremio.com\/br\/wp-json\/wp\/v2\/tags?post=124608"},{"taxonomy":"42wp_author","embeddable":true,"href":"https:\/\/grandepremio.com\/br\/wp-json\/wp\/v2\/42wp_author?post=124608"}],"curies":[{"name":"wp","href":"https:\/\/api.w.org\/{rel}","templated":true}]}}