{"id":124609,"date":"2020-12-10T08:23:00","date_gmt":"2020-12-10T11:23:00","guid":{"rendered":"https:\/\/grandepremio.com\/br\/noticias\/com-atraso-formula-1-apoia-haas-e-condena-acoes-inapropriadas-de-mazepin\/"},"modified":"2020-12-10T11:36:22","modified_gmt":"2020-12-10T14:36:22","slug":"com-atraso-formula-1-apoia-haas-e-condena-acoes-inapropriadas-de-mazepin","status":"publish","type":"post","link":"https:\/\/grandepremio.com\/br\/f1\/com-atraso-formula-1-apoia-haas-e-condena-acoes-inapropriadas-de-mazepin\/","title":{"rendered":"Com atraso, F\u00f3rmula 1 apoia Haas e condena \u201ca\u00e7\u00f5es inapropriadas\u201d de Mazepin"},"content":{"rendered":"\n<figure class=\"wp-block-embed-youtube wp-block-embed is-type-video is-provider-youtube wp-embed-aspect-16-9 wp-has-aspect-ratio\"><div class=\"wp-block-embed__wrapper\">\n<iframe loading=\"lazy\" title=\"Da &amp;apos;COCA&amp;apos; Renault ao Porsche de FITTIPALDI: a hist\u00f3ria do piloto PABLO ESCOBAR\" width=\"500\" height=\"281\" src=\"https:\/\/www.youtube.com\/embed\/Ly6kKYUR8CA?feature=oembed\" frameborder=\"0\" allow=\"accelerometer; autoplay; clipboard-write; encrypted-media; gyroscope; picture-in-picture; web-share\" referrerpolicy=\"strict-origin-when-cross-origin\" allowfullscreen><\/iframe>\n<\/div><\/figure>\n\n\n\n<p class=\"wp-block-paragraph\">Com mais de 24 horas de atraso, a F\u00f3rmula 1 e a FIA (Federa\u00e7\u00e3o Internacional de Automobilismo) quebraram o sil\u00eancio e condenaram o que consideraram <a rel=\"noreferrer noopener\" href=\"https:\/\/www.grandepremio.com\/br\/f1\/noticias\/nikita-mazepin-se-envolve-em-nova-polemica-ao-postar-video-assediando-modelo-em-carro\/\" target=\"_blank\">\u201ca\u00e7\u00f5es inapropriadas\u201d de Nikita Mazepin<\/a>. A categoria manifestou apoio \u00e0 Haas e disse que princ\u00edpios \u00e9ticos e diversidade s\u00e3o de \u201cm\u00e1xima import\u00e2ncia\u201d para ela e a entidade m\u00e1xima do esporte.<\/p>\n\n\n\n<p class=\"wp-block-paragraph\"><a href=\"https:\/\/www.grandepremio.com\/br\/f1\/noticias\/haas-confirma-mazepin-na-formula-1-em-acordo-plurianual-a-partir-de-2021\/\" target=\"_blank\" rel=\"noreferrer noopener\">Confirmado titular da Haas em 2021<\/a>, Mazepin postou na noite de ter\u00e7a-feira (9) um v\u00eddeo em que apalpava o seio de uma mulher sem consentimento. O russo era passageiro de um carro e estava filmando um amigo ao volante quando vira para tr\u00e1s, mostra a mulher e coloca a m\u00e3o nela. A mo\u00e7a, ent\u00e3o, afasta a m\u00e3o do piloto da F\u00f3rmula 2 e mostra o dedo do meio para a c\u00e2mera.<\/p>\n\n\n\n<figure class=\"wp-block-image size-large\"><img decoding=\"async\" src=\"https:\/\/www.grandepremio.com\/br\/wp-content\/uploads\/2020\/12\/EoIzU9AXUAg0Ue5-1024x758.jpg\" alt=\"\" class=\"wp-image-439471\"\/><figcaption>Nikita Mazepin teve o comportamento reprovado tamb\u00e9m pela F\u00f3rmula 1 (Foto: Divulga\u00e7\u00e3o)<\/figcaption><\/figure>\n\n\n\n<p class=\"wp-block-paragraph\"><strong>Conhe\u00e7a o canal do Grande Pr\u00eamio no YouTube! Clique&nbsp;<a rel=\"noreferrer noopener\" href=\"https:\/\/youtube.com\/GrandePremioTV\" target=\"_blank\">aqui<\/a>.<br>Siga o Grande Pr\u00eamio no&nbsp;<a rel=\"noreferrer noopener\" href=\"https:\/\/twitter.com\/grandepremio\" target=\"_blank\">Twitter&nbsp;<\/a>e no&nbsp;<a rel=\"noreferrer noopener\" href=\"https:\/\/instagram.com\/grandepremio\" target=\"_blank\">Instagram<\/a>!<\/strong><\/p>\n\n\n\n<p class=\"wp-block-paragraph\">Mazepin ainda fez quest\u00e3o de marcar a mo\u00e7a na postagem e completou com a frase \u201cela \u00e9 a melhor\u201d. O v\u00eddeo foi apagado pouco depois.<\/p>\n\n\n\n<p class=\"wp-block-paragraph\">Na quarta-feira, cobrada nas redes sociais por um movimento que subiu a hashtag \u2018#WeSayNotoMazepin\u2019 [\u2018Dizemos n\u00e3o a Mazepin\u2019, no portugu\u00eas], <a rel=\"noreferrer noopener\" href=\"https:\/\/www.grandepremio.com\/br\/f1\/noticias\/haas-condena-atitude-abominavel-de-nikita-mazepin-e-diz-que-trata-caso-internamente\/\" target=\"_blank\">a equipe norte-americana condenou o comportamento do piloto que tem um enorme hist\u00f3rico de pol\u00eamicas dentro e fora das pistas<\/a>.<\/p>\n\n\n\n<p class=\"wp-block-paragraph\">\u201cA Haas n\u00e3o tolera o comportamento de Nikita Mazepin no v\u00eddeo recentemente postado na rede social. Ainda, o fato de que a grava\u00e7\u00e3o foi colocada em seu perfil tamb\u00e9m \u00e9 abomin\u00e1vel para o time. A quest\u00e3o est\u00e1 sendo lidada internamente\u201d, escreveu.<\/p>\n\n\n\n<p class=\"wp-block-paragraph\">Ap\u00f3s a declara\u00e7\u00e3o da Haas, Nikita se desculpou publicamente e disse que precisa \u201cmanter um alto n\u00edvel como piloto de F1\u201d. O russo, por\u00e9m, n\u00e3o se dirigiu \u00e0 mulher exposta no v\u00eddeo.<\/p>\n\n\n\n<p class=\"wp-block-paragraph\">\u201cGostaria de me desculpar por minhas recentes a\u00e7\u00f5es tanto em termos de um comportamento inapropriado quanto ao fato de ter postado nas redes sociais. Lamento pela ofensa que causei e a vergonha que trouxe para a Haas\u201d, disse. \u201cPreciso me segurar e me manter em um alto n\u00edvel como um piloto de F\u00f3rmula 1 e sei que deixei muitas pessoas na m\u00e3o. Prometo que irei aprender com isso\u201d, completou.<\/p>\n\n\n\n<p class=\"wp-block-paragraph\">Nesta manh\u00e3, foi a vez de a F\u00f3rmula 1 e a FIA condenarem o ato do russo, mas, assim como a Haas, tampouco anunciaram alguma medida repreensiva contra Mazepin.<\/p>\n\n\n\n<p class=\"wp-block-paragraph\">\u201cN\u00f3s fortemente apoiamos a Haas na resposta \u00e0s recentes a\u00e7\u00f5es inapropriadas de seu piloto Nikita Mazepin\u201d, disse a F\u00f3rmula 1 em um comunicado nas redes sociais assinado em conjunto com a FIA. \u201cMazepin fez um pedido p\u00fablico de desculpas pela m\u00e1 conduta e essa quest\u00e3o seguir\u00e1 sendo tratada internamento pela Haas\u201d, seguiu.<\/p>\n\n\n\n<p class=\"wp-block-paragraph\">\u201cOs princ\u00edpios \u00e9ticos e a cultura diversa e inclusiva de nosso esporte s\u00e3o de m\u00e1xima import\u00e2ncia para a FIA e a F\u00f3rmula 1\u201d, completou.<\/p>\n\n\n\n<figure class=\"wp-block-embed-twitter wp-block-embed is-type-rich is-provider-twitter\"><div class=\"wp-block-embed__wrapper\">\n<blockquote class=\"twitter-tweet\" data-width=\"500\" data-dnt=\"true\"><p lang=\"en\" dir=\"ltr\">FIA and Formula 1 joint statement on Nikita Mazepin:<br><br>&quot;We strongly support the Haas F1 Team in its response to the recent inappropriate actions of its driver, Nikita Mazepin.<\/p>&mdash; F1 Media (@F1Media) <a href=\"https:\/\/x.com\/F1Media\/status\/1336982869068156930?ref_src=twsrc%5Etfw\">December 10, 2020<\/a><\/blockquote><script async src=\"https:\/\/platform.x.com\/widgets.js\" charset=\"utf-8\"><\/script>\n<\/div><\/figure>\n\n\n\n<p class=\"wp-block-paragraph\"><strong>LEIA TAMB\u00c9M<\/strong><br><strong>+ <a href=\"https:\/\/www.grandepremio.com\/br\/f1\/noticias\/nikita-mazepin-so-se-desculpa-por-caso-de-assedio-ter-vazado-haas-precisa-dar-exemplo-e-demiti-lo\/\" target=\"_blank\" rel=\"noreferrer noopener\">Mazepin s\u00f3 se desculpa por caso de ass\u00e9dio ter vazado. Haas precisa dar exemplo e demiti-lo<\/a><\/strong><\/p>\n\n\n\n<h3 class=\"wp-block-heading\"><strong>Russo tem hist\u00f3rico de pol\u00eamicas dentro e fora das pistas<\/strong><\/h3>\n\n\n\n<p class=\"wp-block-paragraph\">Na etapa final da temporada 2020 da F\u00f3rmula 2, Mazepin <a href=\"https:\/\/www.grandepremio.com\/br\/f2\/noticias\/nikita-mazepin-punido-felipe-drugovich-3-corrida-formula-2-sakhir\/\" target=\"_blank\" rel=\"noreferrer noopener\">empurrou Yuki Tsunoda para fora da pista e teve atitude antidesportiva em briga com Felipe Drugovich<\/a>. O competidor, que havia terminado no p\u00f3dio, recebeu duas puni\u00e7\u00f5es de 5s e caiu para nono, dando o top-3 para o brasileiro.<\/p>\n\n\n\n<p class=\"wp-block-paragraph\">Na corrida 2 da rodada dupla em S\u00f3chi, se envolveu em um acidente com Jack Aitken e Noburo Matsushita, sendo penalizado em 15 posi\u00e7\u00f5es no grid por uma <a href=\"https:\/\/www.grandepremio.com\/br\/f2\/noticias\/mazepin-perde-15-posicoes-no-grid-em-abu-dhabi-apos-causar-acidente-em-sochi\/\" target=\"_blank\" rel=\"noreferrer noopener\">\u201ctotal falta de preocupa\u00e7\u00e3o com seus companheiros\u201d<\/a>. Na \u00e9poca, escapou da pista e retornou de forma negligente, causando a confus\u00e3o.<\/p>\n\n\n\n<p class=\"wp-block-paragraph\">A lista ainda conta com <a href=\"https:\/\/imgur.com\/a\/lV0PLMt\/\" target=\"_blank\" rel=\"noreferrer noopener\">pedidos de nudes<\/a> [foto sem roupas] para uma garota para conseguir acesso ao paddock, foi proibido de correr a primeira corrida da temporada 2016 da F3 Europeia ap\u00f3s um soco no rosto de Callum Ilot, <a href=\"https:\/\/imgur.com\/gallery\/J9ZRMeM\" target=\"_blank\" rel=\"noreferrer noopener\">coment\u00e1rios ofensivos por conta da pandemia do coronav\u00edrus<\/a>, entre tantas outras coisas.<\/p>\n\n\n\n<p class=\"wp-block-paragraph\"><strong>LEIA TAMB\u00c9M<\/strong><br><strong>+&nbsp;<a href=\"https:\/\/www.grandepremio.com\/br\/f1\/noticias\/entre-ascensao-queda-e-recomeco-sergio-perez-coroa-carreira-persistente-com-vitoria-historica\/\" target=\"_blank\" rel=\"noreferrer noopener\">Entre ascens\u00e3o, queda e recome\u00e7o, P\u00e9rez coroa carreira persistente com vit\u00f3ria hist\u00f3rica<\/a><\/strong><br><strong>+&nbsp;<a href=\"https:\/\/www.grandepremio.com\/br\/f1\/noticias\/reves-no-gp-de-sakhir-deixa-claro-falta-cacife-para-bottas-ser-um-piloto-de-ponta-real\/\" target=\"_blank\" rel=\"noreferrer noopener\">Rev\u00e9s no GP de Sakhir deixa claro: falta cacife para Bottas ser um piloto de ponta real<\/a><\/strong><br>+&nbsp;<strong><a href=\"https:\/\/grandepremium.com.br\/lado-a-lado\/f1\/materias\/checo-perez-x-hermanos-rodriguez-quem-foi-o-melhor-mexicano-na-f1\/\" target=\"_blank\" rel=\"noreferrer noopener\">Checo P\u00e9rez x&nbsp;Hermanos Rodr\u00edguez: quem foi o melhor mexicano na F\u00f3rmula 1?<\/a><\/strong><\/p>\n\n\n\n\n\n<figure class=\"wp-block-embed-youtube wp-block-embed is-type-video is-provider-youtube wp-embed-aspect-16-9 wp-has-aspect-ratio\"><div class=\"wp-block-embed__wrapper\">\n<iframe loading=\"lazy\" title=\"F1: RUSSELL brilha, mas dizer que qualquer um vence com Mercedes \u00e9 BOBAGEM | GP \u00e0s 10\" width=\"500\" height=\"281\" src=\"https:\/\/www.youtube.com\/embed\/XAmDf4elCoo?feature=oembed\" frameborder=\"0\" allow=\"accelerometer; autoplay; clipboard-write; encrypted-media; gyroscope; picture-in-picture; web-share\" referrerpolicy=\"strict-origin-when-cross-origin\" allowfullscreen><\/iframe>\n<\/div><\/figure>\n","protected":false},"excerpt":{"rendered":"<p>Em um breve comunicado divulgado nas redes sociais, a categoria m\u00e1xima do automobilismo afirmou que \u201cos princ\u00edpios \u00e9ticos e a cultura diversa e inclusiva\u201d s\u00e3o prioridades dela e da FIA (Federa\u00e7\u00e3o Internacional de Automobilismo)<\/p>\n","protected":false},"author":0,"featured_media":1000440025,"comment_status":"closed","ping_status":"closed","sticky":false,"template":"","format":"standard","meta":{"42wp_featured_image_caption":"","42wp_featured_image_credits":"","42wp_featured_video":"","42wp_featured_image_hidden":false,"42wp_authors_list":[],"footnotes":""},"categories":[2],"tags":[147,118,24837,24860,24859,24861],"42wp_author":[47113],"class_list":["post-124609","post","type-post","status-publish","format-standard","has-post-thumbnail","hentry","category-f1","tag-f1","tag-f1-2020","tag-formula-1-2","tag-formula-1-2020-2","tag-horario-f1-2020","tag-horario-formula-1-2020","42wp_author-juliana-tesser"],"_links":{"self":[{"href":"https:\/\/grandepremio.com\/br\/wp-json\/wp\/v2\/posts\/124609","targetHints":{"allow":["GET"]}}],"collection":[{"href":"https:\/\/grandepremio.com\/br\/wp-json\/wp\/v2\/posts"}],"about":[{"href":"https:\/\/grandepremio.com\/br\/wp-json\/wp\/v2\/types\/post"}],"replies":[{"embeddable":true,"href":"https:\/\/grandepremio.com\/br\/wp-json\/wp\/v2\/comments?post=124609"}],"version-history":[{"count":0,"href":"https:\/\/grandepremio.com\/br\/wp-json\/wp\/v2\/posts\/124609\/revisions"}],"wp:featuredmedia":[{"embeddable":true,"href":"https:\/\/grandepremio.com\/br\/wp-json\/wp\/v2\/media\/1000440025"}],"wp:attachment":[{"href":"https:\/\/grandepremio.com\/br\/wp-json\/wp\/v2\/media?parent=124609"}],"wp:term":[{"taxonomy":"category","embeddable":true,"href":"https:\/\/grandepremio.com\/br\/wp-json\/wp\/v2\/categories?post=124609"},{"taxonomy":"post_tag","embeddable":true,"href":"https:\/\/grandepremio.com\/br\/wp-json\/wp\/v2\/tags?post=124609"},{"taxonomy":"42wp_author","embeddable":true,"href":"https:\/\/grandepremio.com\/br\/wp-json\/wp\/v2\/42wp_author?post=124609"}],"curies":[{"name":"wp","href":"https:\/\/api.w.org\/{rel}","templated":true}]}}