{"id":124648,"date":"2020-12-08T16:22:52","date_gmt":"2020-12-08T19:22:52","guid":{"rendered":"https:\/\/grandepremio.com\/br\/noticias\/gianluca-petecof-conversa-sobre-titulo-expectativas-para-2021-e-ate-ferrari-em-live-na-twitch\/"},"modified":"2020-12-08T16:22:59","modified_gmt":"2020-12-08T19:22:59","slug":"gianluca-petecof-conversa-sobre-titulo-expectativas-para-2021-e-ate-ferrari-em-live-na-twitch","status":"publish","type":"post","link":"https:\/\/grandepremio.com\/br\/automobilismo\/gianluca-petecof-conversa-sobre-titulo-expectativas-para-2021-e-ate-ferrari-em-live-na-twitch\/","title":{"rendered":"Petecof conversa sobre t\u00edtulo, expectativas para 2021 e at\u00e9 Ferrari em live na Twitch"},"content":{"rendered":"\n<p class=\"wp-block-paragraph\">Gianluca Petecof foi convidado do <strong>GRANDE PR\u00caMIO<\/strong> na live da Twitch. Nesta tarde de ter\u00e7a-feira (8), o competidor falou sobre sua temporada 2020 na F\u00f3rmula Regional Europeia e o <a href=\"https:\/\/www.grandepremio.com\/br\/outras\/noticias\/gianluca-petecof-e-campeao-da-formula-regional-europeia-com-5-lugar-na-final-em-vallelunga\/\">t\u00edtulo conquistado no \u00faltimo final de semana<\/a> em Vallelunga.<\/p>\n\n\n\n<p class=\"wp-block-paragraph\">Com participa\u00e7\u00e3o de Fernando Silva, Gabriel Carvalho, Gabriel Curty e Pedro Henrique Marum, a transmiss\u00e3o passou por diversos pontos como a rea\u00e7\u00e3o da Ferrari ap\u00f3s a conquista do caneco, a rela\u00e7\u00e3o com Arthur Leclerc, colega da Academia de Pilotos da escuderia de Maranello, expectativas para a temporada 2021 e tantos outros pontos.<\/p>\n\n\n\n<figure class=\"wp-block-image size-large\"><img decoding=\"async\" src=\"https:\/\/www.grandepremio.com\/br\/wp-content\/uploads\/2020\/12\/EojufefW8AI2Muv-1024x576.jpg\" alt=\"GIANLUCA PETECOF; PETECOF; F\u00d3RMULA REGIONAL EUROPEIA; CAMPE\u00c3O\" class=\"wp-image-440529\"\/><figcaption>Gianluca Petecof esteve em live com o <strong>GRANDE PR\u00caMIO<\/strong> (Foto: Reprodu\u00e7\u00e3o)<\/figcaption><\/figure>\n\n\n\n<p class=\"wp-block-paragraph\"><strong>Confira como foi a transmiss\u00e3o<\/strong><\/p>\n\n\n\n<figure class=\"wp-block-embed is-type-video is-provider-twitch\"><div class=\"wp-block-embed__wrapper\">\nhttps:\/\/www.twitch.tv\/videos\/830149217\n<\/div><\/figure>\n\n\n\n<p class=\"wp-block-paragraph\"><strong>Conhe\u00e7a o canal do Grande Pr\u00eamio no YouTube! Clique&nbsp;<a href=\"https:\/\/youtube.com\/GrandePremioTV\" target=\"_blank\" rel=\"noreferrer noopener\">aqui<\/a>.<br>Siga o Grande Pr\u00eamio no&nbsp;<a href=\"https:\/\/twitter.com\/grandepremio\" target=\"_blank\" rel=\"noreferrer noopener\">Twitter&nbsp;<\/a>e no&nbsp;<a href=\"https:\/\/instagram.com\/grandepremio\" target=\"_blank\" rel=\"noreferrer noopener\">Instagram<\/a>!<\/strong><\/p>\n\n\n","protected":false},"excerpt":{"rendered":"<p>Na tarde desta ter\u00e7a-feira (8), o atual campe\u00e3o da F\u00f3rmula Regional foi o convidado do GP em entrevista ao vivo onde respondeu perguntas de diversos t\u00f3picos da carreira<\/p>\n","protected":false},"author":0,"featured_media":1000440940,"comment_status":"closed","ping_status":"closed","sticky":false,"template":"","format":"standard","meta":{"42wp_featured_image_caption":"","42wp_featured_image_credits":"","42wp_featured_video":"","42wp_featured_image_hidden":false,"42wp_authors_list":[],"footnotes":""},"categories":[22],"tags":[25663,925,1093],"42wp_author":[47123],"class_list":["post-124648","post","type-post","status-publish","format-standard","has-post-thumbnail","hentry","category-automobilismo","tag-formula-regional-2","tag-gianluca-petecof","tag-live","42wp_author-nathalia-de-vivo"],"_links":{"self":[{"href":"https:\/\/grandepremio.com\/br\/wp-json\/wp\/v2\/posts\/124648","targetHints":{"allow":["GET"]}}],"collection":[{"href":"https:\/\/grandepremio.com\/br\/wp-json\/wp\/v2\/posts"}],"about":[{"href":"https:\/\/grandepremio.com\/br\/wp-json\/wp\/v2\/types\/post"}],"replies":[{"embeddable":true,"href":"https:\/\/grandepremio.com\/br\/wp-json\/wp\/v2\/comments?post=124648"}],"version-history":[{"count":0,"href":"https:\/\/grandepremio.com\/br\/wp-json\/wp\/v2\/posts\/124648\/revisions"}],"wp:featuredmedia":[{"embeddable":true,"href":"https:\/\/grandepremio.com\/br\/wp-json\/wp\/v2\/media\/1000440940"}],"wp:attachment":[{"href":"https:\/\/grandepremio.com\/br\/wp-json\/wp\/v2\/media?parent=124648"}],"wp:term":[{"taxonomy":"category","embeddable":true,"href":"https:\/\/grandepremio.com\/br\/wp-json\/wp\/v2\/categories?post=124648"},{"taxonomy":"post_tag","embeddable":true,"href":"https:\/\/grandepremio.com\/br\/wp-json\/wp\/v2\/tags?post=124648"},{"taxonomy":"42wp_author","embeddable":true,"href":"https:\/\/grandepremio.com\/br\/wp-json\/wp\/v2\/42wp_author?post=124648"}],"curies":[{"name":"wp","href":"https:\/\/api.w.org\/{rel}","templated":true}]}}