{"id":124675,"date":"2020-12-07T11:18:42","date_gmt":"2020-12-07T14:18:42","guid":{"rendered":"https:\/\/grandepremio.com\/br\/noticias\/ricardo-zonta-renova-com-shell-e-continua-na-rcm-em-2021-na-stock-car\/"},"modified":"2020-12-07T11:18:47","modified_gmt":"2020-12-07T14:18:47","slug":"ricardo-zonta-renova-com-shell-e-continua-na-rcm-em-2021-na-stock-car","status":"publish","type":"post","link":"https:\/\/grandepremio.com\/br\/stock-car\/ricardo-zonta-renova-com-shell-e-continua-na-rcm-em-2021-na-stock-car\/","title":{"rendered":"Zonta renova com Shell e continua na RCM para temporada 2021 da Stock Car"},"content":{"rendered":"\n<figure class=\"wp-block-embed-youtube wp-block-embed is-type-video is-provider-youtube wp-embed-aspect-16-9 wp-has-aspect-ratio\"><div class=\"wp-block-embed__wrapper\">\n<iframe loading=\"lazy\" title=\"RUSSELL se imp\u00f5e e prova que BOTTAS n\u00e3o merece MERCEDES na F1 | GP \u00e0s 10\" width=\"500\" height=\"281\" src=\"https:\/\/www.youtube.com\/embed\/hmbM7JGDSKQ?feature=oembed\" frameborder=\"0\" allow=\"accelerometer; autoplay; clipboard-write; encrypted-media; gyroscope; picture-in-picture; web-share\" referrerpolicy=\"strict-origin-when-cross-origin\" allowfullscreen><\/iframe>\n<\/div><\/figure>\n\n\n\n<p class=\"wp-block-paragraph\">A <a href=\"https:\/\/www.grandepremio.com\/br\/stock-car\/noticias\/almoco-dos-campeoes-com-band-stock-car-tem-horario-definido-para-final-em-interlagos\/\">semana que marca a disputa da Grande Final e a decis\u00e3o do t\u00edtulo da temporada 2020 da Stock Car<\/a> come\u00e7ou positiva para Ricardo Zonta. O curitibano de 44 anos, que \u00e9 patrocinado pela Shell desde 2015 e representa a marca em competi\u00e7\u00f5es como a Stock Car e a Porsche Endurance Series, vai seguir vinculado \u00e0 marca em 2021. Na esteira da renova\u00e7\u00e3o com a petrol\u00edfera, Zonta e a empresa acertaram a perman\u00eancia na equipe RCM na pr\u00f3xima temporada.<\/p>\n\n\n\n<p class=\"wp-block-paragraph\">A RCM \u00e9 chefiada por Marcel Campos, filho de Rosinei Campos, o \u2018Meinha\u2019, lenda da Stock Car. Pela equipe sediada em Curitiba, Zonta conquistou duas vit\u00f3rias a bordo do Toyota Corolla #10, sendo uma delas na prova de abertura do campeonato, no fim de julho, em Goi\u00e2nia, e a mais importante prova do calend\u00e1rio, a Corrida do Milh\u00e3o, em Interlagos.<\/p>\n\n\n\n<p class=\"wp-block-paragraph\">Tamb\u00e9m em Interlagos, <a href=\"https:\/\/www.grandepremio.com\/br\/stock-car\/noticias\/zonta-pontua-duas-vezes-em-goiania-e-mantem-shell-na-briga-pelo-titulo-da-stock-car\/\">Zonta chega \u00e0 Grande Final deste domingo na quarta posi\u00e7\u00e3o do campeonato, sendo um dos candidatos ao t\u00edtulo da principal categoria do automobilismo brasileiro<\/a>.<\/p>\n\n\n\n<figure class=\"wp-block-image size-large\"><img decoding=\"async\" src=\"https:\/\/www.grandepremio.com\/br\/wp-content\/uploads\/2020\/12\/Shell-8.Porsche-josemariodias-030006-1024x683.jpg\" alt=\"RICARDO ZONTA; MARCEL CAMPOS; STOCK CAR; RCM; SHELL;\" class=\"wp-image-440891\"\/><figcaption>Ricardo Zonta vai seguir trabalhando lado a lado de Marcel Campos na RCM em 2021 (Foto: Jos\u00e9 M\u00e1rio Dias\/Shell)<\/figcaption><\/figure>\n\n\n\n<p class=\"wp-block-paragraph\">\u00c9 a primeira vez em 13 temporadas da Stock Car que Ricardo vai para a \u00faltima prova do ano ainda com chances de faturar o t\u00edtulo. Ricardo soma 226 pontos e est\u00e1 a apenas 12 atr\u00e1s do l\u00edder, Thiago Camilo.<\/p>\n\n\n\n<p class=\"wp-block-paragraph\">O piloto mant\u00e9m assim o carro #10 na estrutura da equipe paranaense. Zonta comemorou a manuten\u00e7\u00e3o de uma alian\u00e7a que deu certo neste primeiro ano.<\/p>\n\n\n\n<p class=\"wp-block-paragraph\">\u201cTivemos um grande ano com poles e vit\u00f3rias e estamos na briga pelo t\u00edtulo da temporada 2020. Foi um grande trabalho, onde a RCM \u00e9 hoje uma das maiores for\u00e7as da Stock Car. Fico feliz em mais uma temporada poder defender as cores da Shell e seguirmos esse grande trabalho\u201d, disse o experiente piloto.<\/p>\n\n\n\n<p class=\"wp-block-paragraph\">Marcel Campos, chefe de Zonta na RCM, destacou o trabalho realizado pelo curitibano e exaltou a uni\u00e3o entre equipe, Ricardo e a Shell por mais uma temporada.<\/p>\n\n\n\n<figure class=\"wp-block-image size-large\"><img decoding=\"async\" src=\"https:\/\/www.grandepremio.com\/br\/wp-content\/uploads\/2020\/08\/JM7-6050-1-1024x684.jpg\" alt=\"\" class=\"wp-image-410557\"\/><figcaption>Ricardo Zonta venceu duas vezes neste ano na Stock Car, incluindo a Corrida do Milh\u00e3o (Foto: Jos\u00e9 M\u00e1rio Dias\/Shell)<\/figcaption><\/figure>\n\n\n\n<p class=\"wp-block-paragraph\"><strong>Conhe\u00e7a o canal do Grande Pr\u00eamio no YouTube! Clique\u00a0<a href=\"https:\/\/youtube.com\/GrandePremioTV\" target=\"_blank\" rel=\"noreferrer noopener\">aqui<\/a>.<br>Siga o Grande Pr\u00eamio no\u00a0<a href=\"https:\/\/twitter.com\/grandepremio\" target=\"_blank\" rel=\"noreferrer noopener\">Twitter\u00a0<\/a>e no\u00a0<a href=\"https:\/\/instagram.com\/grandepremio\" target=\"_blank\" rel=\"noreferrer noopener\">Instagram<\/a>!<\/strong><\/p>\n\n\n\n<p class=\"wp-block-paragraph\">\u201cO Ricardo, logo na estreia, j\u00e1 veio com vit\u00f3ria. Foi um entrosamento imediato com a equipe, algo que poderia levar algum tempo. Ent\u00e3o a gente espera que ano que vem seja ainda melhor. L\u00f3gico que vamos tentar buscar o t\u00edtulo neste domingo, e \u00e9 muito importante chegar para a etapa com a renova\u00e7\u00e3o pois isso nos permite focar totalmente no essencial, que \u00e9 a performance do carro. Se n\u00e3o vier, acredito que seremos mais fortes ainda em 2021\u201d, declarou.<\/p>\n\n\n\n<p class=\"wp-block-paragraph\">\u201cEstamos muito felizes com a renova\u00e7\u00e3o da Shell e do Ricardo Zonta em nossa equipe. \u00c9 uma grande marca, um \u00f3timo piloto. Agradecemos a confian\u00e7a e esperamos retribuir com \u00f3timos resultados para sermos ainda melhores e mais competitivos na pista\u201d, concluiu.<\/p>\n\n\n\n<p class=\"wp-block-paragraph\">Vicente Sfeir, gerente de motorsport e patroc\u00ednios da Ra\u00edzen, empresa respons\u00e1vel pela Shell no Brasil e na Argentina, lembrou que a continuidade da uni\u00e3o, levando em conta todas as conquistas logradas na pista neste ano, era o \u00fanico caminho a seguir.<\/p>\n\n\n\n<p class=\"wp-block-paragraph\">\u201cO entrosamento entre o Ricardo Zonta e a equipe RCM foi perfeito ao longo de 2020. Nossa meta era chegar \u00e0 final lutando pelo t\u00edtulo e isso foi atingido com louvor. Nossa chance n\u00e3o \u00e9 apenas matem\u00e1tica: temos realmente condi\u00e7\u00e3o de sair de Interlagos com o campeonato\u201d, salientou o executivo.<\/p>\n\n\n\n<p class=\"wp-block-paragraph\">\u201cO carro Shell #10 foi destaque na Stock Car a temporada toda e nada mais justo do que reconhecer o m\u00e9rito do bom trabalho realizado que garantir a manuten\u00e7\u00e3o do projeto para a pr\u00f3xima temporada\u201d, concluiu Sfeir.<\/p>\n\n\n\n<figure class=\"wp-block-embed-youtube wp-block-embed is-type-video is-provider-youtube wp-embed-aspect-16-9 wp-has-aspect-ratio\"><div class=\"wp-block-embed__wrapper\">\n<iframe loading=\"lazy\" title=\"LEWIS HAMILTON: document\u00e1rio AINDA ASSIM ME LEVANTO, Parte 3 | Doc. GP F1\" width=\"500\" height=\"281\" src=\"https:\/\/www.youtube.com\/embed\/tkeFQ-mJ0Vs?feature=oembed\" frameborder=\"0\" allow=\"accelerometer; autoplay; clipboard-write; encrypted-media; gyroscope; picture-in-picture; web-share\" referrerpolicy=\"strict-origin-when-cross-origin\" allowfullscreen><\/iframe>\n<\/div><\/figure>\n","protected":false},"excerpt":{"rendered":"<p>Quarto colocado da temporada 2020 e um dos postulantes ao t\u00edtulo neste pr\u00f3ximo domingo na Grande Final em Interlagos, Ricardo Zonta vai continuar com a Shell e com o carro #10 na RCM no ano que vem<\/p>\n","protected":false},"author":0,"featured_media":1000440890,"comment_status":"closed","ping_status":"closed","sticky":false,"template":"","format":"standard","meta":{"42wp_featured_image_caption":"","42wp_featured_image_credits":"","42wp_featured_video":"","42wp_featured_image_hidden":false,"42wp_authors_list":[],"footnotes":""},"categories":[11],"tags":[24836,395,529,444,443,69,71],"42wp_author":[47110],"class_list":["post-124675","post","type-post","status-publish","format-standard","has-post-thumbnail","hentry","category-stock-car","tag-grande-premio-2","tag-rcm","tag-ricardo-zonta","tag-shell","tag-shell-racing","tag-stock-car","tag-stock-car-2020","42wp_author-fernando-silva"],"_links":{"self":[{"href":"https:\/\/grandepremio.com\/br\/wp-json\/wp\/v2\/posts\/124675","targetHints":{"allow":["GET"]}}],"collection":[{"href":"https:\/\/grandepremio.com\/br\/wp-json\/wp\/v2\/posts"}],"about":[{"href":"https:\/\/grandepremio.com\/br\/wp-json\/wp\/v2\/types\/post"}],"replies":[{"embeddable":true,"href":"https:\/\/grandepremio.com\/br\/wp-json\/wp\/v2\/comments?post=124675"}],"version-history":[{"count":0,"href":"https:\/\/grandepremio.com\/br\/wp-json\/wp\/v2\/posts\/124675\/revisions"}],"wp:featuredmedia":[{"embeddable":true,"href":"https:\/\/grandepremio.com\/br\/wp-json\/wp\/v2\/media\/1000440890"}],"wp:attachment":[{"href":"https:\/\/grandepremio.com\/br\/wp-json\/wp\/v2\/media?parent=124675"}],"wp:term":[{"taxonomy":"category","embeddable":true,"href":"https:\/\/grandepremio.com\/br\/wp-json\/wp\/v2\/categories?post=124675"},{"taxonomy":"post_tag","embeddable":true,"href":"https:\/\/grandepremio.com\/br\/wp-json\/wp\/v2\/tags?post=124675"},{"taxonomy":"42wp_author","embeddable":true,"href":"https:\/\/grandepremio.com\/br\/wp-json\/wp\/v2\/42wp_author?post=124675"}],"curies":[{"name":"wp","href":"https:\/\/api.w.org\/{rel}","templated":true}]}}