{"id":124692,"date":"2020-12-07T05:00:58","date_gmt":"2020-12-07T08:00:58","guid":{"rendered":"https:\/\/grandepremio.com\/br\/noticias\/opiniao-gp-sergio-perez-tem-vitoria-merecida-que-expoe-irritante-condescendencia-da-f1\/"},"modified":"2020-12-07T00:40:18","modified_gmt":"2020-12-07T03:40:18","slug":"opiniao-gp-sergio-perez-tem-vitoria-merecida-que-expoe-irritante-condescendencia-da-f1","status":"publish","type":"post","link":"https:\/\/grandepremio.com\/br\/f1\/opiniao-gp-sergio-perez-tem-vitoria-merecida-que-expoe-irritante-condescendencia-da-f1\/","title":{"rendered":"Opini\u00e3o GP: P\u00e9rez tem vit\u00f3ria merecida que exp\u00f5e irritante condescend\u00eancia da F1"},"content":{"rendered":"\n<p class=\"wp-block-paragraph\"><strong>A F\u00d3RMULA 1 PODE SER<\/strong> especialmente atroz. Dura. Desumana at\u00e9. Tem um estranho modo de acabar com sonhos, de distorcer caminhos e n\u00e3o reconhecer os fortes em alguns momentos. E n\u00e3o, n\u00e3o estamos falando de George Russell e da maneira cruel com que a vit\u00f3ria lhe foi tirada das m\u00e3os em Sakhir. Estamos falando, sim, de <a href=\"https:\/\/www.grandepremio.com\/br\/f1\/noticias\/sergio-perez-vence-apos-cair-para-ultimo-e-george-russell-perde-por-problema-no-pneu-em-sakhir\/\">Sergio P\u00e9rez, o vencedor da etapa do anel externo \u00e1rabe<\/a>. O emocionante primeiro triunfo foi constru\u00eddo a partir de uma pilotagem assombrosa, combativa e precisa. Ainda que a Mercedes tenha dado alguma contribui\u00e7\u00e3o, foi a persist\u00eancia que levou \u2018Checo\u2019 ao lugar de honra do p\u00f3dio. S\u00f3 que a conquista surge exatamente no momento em que o mexicano lida com a possibilidade real de ficar fora do grid. E enfrenta esse cen\u00e1rio com as armas certas, mas que n\u00e3o t\u00eam qualquer efeito.<\/p>\n\n\n\n<p class=\"wp-block-paragraph\">Logo depois de cruzar a linha de chegada e pular nos bra\u00e7os de sua equipe, P\u00e9rez se disse merecidamente <a href=\"https:\/\/www.grandepremio.com\/br\/f1\/noticias\/em-paz-comigo-mesmo-sergio-perez-celebra-vitoria-apos-nunca-ter-desistido-em-sakhir\/\">&#8220;em paz consigo mesmo&#8221;<\/a>. Mas tamb\u00e9m admitiu que &#8220;o acontece agora n\u00e3o est\u00e1 mais em minhas m\u00e3os&#8221;. De fato, elas est\u00e3o bem atadas. Mesmo em uma temporada absurdamente forte, muito provavelmente a melhor de sua carreira de dez anos na principal categoria do esporte a motor, Sergio tem pouco espa\u00e7o de manobra e nada depende realmente dele. O piloto que carrega o #11 no carro rosa foi preterido na Racing Point, que vai passar a se chamar Aston Martin a partir do ano que vem. A marca decidiu trazer Sebastian Vettel e o peso de seus quatro t\u00edtulos para o in\u00edcio dessa nova fase no campeonato. Atitude correta, sem d\u00favida. A quest\u00e3o \u00e9 que o outro lugar do time n\u00e3o \u00e9 negoci\u00e1vel e pertence a Lance Stroll, filho do dono da esquadra. \u00c9 a\u00ed que come\u00e7a o drama de P\u00e9rez.<\/p>\n\n\n\n<p class=\"wp-block-paragraph\"><strong>Conhe\u00e7a o canal do Grande Pr\u00eamio no YouTube! Clique&nbsp;<a href=\"https:\/\/youtube.com\/GrandePremioTV\" target=\"_blank\" rel=\"noreferrer noopener\">aqui<\/a>.<br>Siga o Grande Pr\u00eamio no&nbsp;<a href=\"https:\/\/twitter.com\/grandepremio\" target=\"_blank\" rel=\"noreferrer noopener\">Twitter&nbsp;<\/a>e no&nbsp;<a href=\"https:\/\/instagram.com\/grandepremio\" target=\"_blank\" rel=\"noreferrer noopener\">Instagram<\/a>!<\/strong><\/p>\n\n\n\n<figure class=\"wp-block-embed-youtube wp-block-embed is-type-video is-provider-youtube wp-embed-aspect-16-9 wp-has-aspect-ratio\"><div class=\"wp-block-embed__wrapper\">\n<iframe loading=\"lazy\" title=\"F1 2020: P\u00c9REZ VENCE! Tudo sobre o GP de Sakhir de F\u00f3rmula 1 | Briefing\" width=\"500\" height=\"281\" src=\"https:\/\/www.youtube.com\/embed\/-0_eKWGIzlk?feature=oembed\" frameborder=\"0\" allow=\"accelerometer; autoplay; clipboard-write; encrypted-media; gyroscope; picture-in-picture; web-share\" referrerpolicy=\"strict-origin-when-cross-origin\" allowfullscreen><\/iframe>\n<\/div><\/figure>\n\n\n\n<p class=\"wp-block-paragraph\">Quer dizer, nem toda a performance valiosa que vem apresentando neste ano, al\u00e9m de um curr\u00edculo importante, com p\u00f3dios e atua\u00e7\u00f5es s\u00f3lidas com equipes m\u00e9dias, s\u00e3o capazes de garantir um posto competitivo. Ainda, \u00e9 inconceb\u00edvel que, nesta altura da carreira, Sergio precise dar um passo atr\u00e1s, como fez acertadamente h\u00e1 algumas temporadas, quando a aventura na McLaren deu muito errado. Naquele ponto da vida, P\u00e9rez ainda estava em desenvolvimento. Hoje, \u00e9 diferente. E neste momento, s\u00e3o s\u00f3 dois caminhos: ou a vaga na Red Bull ou o ano sab\u00e1tico. &nbsp;<\/p>\n\n\n\n<p class=\"wp-block-paragraph\">A oportunidade com os energ\u00e9ticos vem sendo ventilada h\u00e1 algumas semanas. \u00c9 de conhecimento p\u00fablico que Alex Albon est\u00e1 com seu lugar amea\u00e7ado. Entende-se que houve alguma conversa entre o chef\u00e3o Christian Horner e \u2018Checo\u2019, com a participa\u00e7\u00e3o do poderoso consultor, Helmut Marko. Acontece que a equipe austr\u00edaca s\u00f3 vai anunciar uma decis\u00e3o ap\u00f3s o fim da temporada. E a tend\u00eancia \u00e9 que opte por uma solu\u00e7\u00e3o caseira.<\/p>\n\n\n\n<p class=\"wp-block-paragraph\">Mas Sergio age certo ao esperar pelos taurinos, s\u00f3 que tamb\u00e9m \u00e9 igualmente correto e corajoso se preparar para ficar fora, sem se submeter a qualquer cockpit e a qualquer pre\u00e7o. P\u00e9rez, acima de tudo, valoriza sua hist\u00f3ria e reputa\u00e7\u00e3o. Com maestria e desempenho, o mexicano apagou completamente a imagem de piloto pagante do in\u00edcio de sua trajet\u00f3ria. Provou do que \u00e9 feito, enfrentou dramas, mas tamb\u00e9m foi muito bem-sucedido, salvou uma equipe e agora vive o lado mais sombrio da F1, n\u00e3o por culpa sua.<\/p>\n\n\n\n<figure class=\"wp-block-image size-large is-style-default\"><img decoding=\"async\" src=\"https:\/\/www.grandepremio.com\/br\/wp-content\/uploads\/2020\/11\/GP2014_125227_69I4794-medium-1024x683.jpg\" alt=\"SEBASTIAN VETTEL; SERGIO P\u00c9REZ; FERRARI; GP DA TURQUIA;\" class=\"wp-image-436629\"\/><figcaption>Racing Point celebrando o p\u00f3dio de P\u00e9rez em Istambul (Foto: Racing Point)<\/figcaption><\/figure>\n\n\n\n<p class=\"wp-block-paragraph\">P\u00e9rez levou 190 GPs at\u00e9 a primeira vit\u00f3ria, \u00e9 verdade. Mas a forma como conquistou o triunfo apenas laureou essa espera. Foi mais do que merecido. Todos os seus pontos fortes estavam l\u00e1: a ast\u00facia na largada, a agressividade nas ultrapassagens durante a recupera\u00e7\u00e3o, o cuidado com os pneus e a combatividade. Por isso, \u00e9 imposs\u00edvel ignorar o fato de que a F\u00f3rmula 1 est\u00e1 prestes a perder um dos fortes. E perder para uma condescend\u00eancia irritante que \u00e9 aceita sem questionamentos, justificada pelo &#8220;sempre foi assim&#8221;. <br><br>\u00c9 claro que ningu\u00e9m desconhece o peso dos aportes financeiros e o quanto isso move todo o neg\u00f3cio. Seria ing\u00eanuo at\u00e9. Mas tamb\u00e9m n\u00e3o \u00e9 poss\u00edvel fechar os olhos para aberra\u00e7\u00f5es como Nicholas Latifi ou Nikita Mapezin, que vai estrear no pr\u00f3ximo ano, entre outros. A quest\u00e3o \u00e9: at\u00e9 quando mais ser\u00e1 suport\u00e1vel se contentar com t\u00e3o pouco?<\/p>\n\n\n\n<p class=\"wp-block-paragraph\">A F\u00f3rmula 1 precisa ser dif\u00edcil, quase inalcan\u00e7\u00e1vel, mas acaba que o sarrafo parece baixo demais para determinados elementos. \u00c9 uma falha grave. Porque \u00e9 assim que grandes hist\u00f3rias ficam pelo caminho e \u00e9 assim que se compromete o futuro.<\/p>\n\n\n\n<figure class=\"wp-block-embed-youtube wp-block-embed is-type-video is-provider-youtube wp-embed-aspect-16-9 wp-has-aspect-ratio\"><div class=\"wp-block-embed__wrapper\">\n<iframe loading=\"lazy\" title=\"LEWIS HAMILTON: document\u00e1rio AINDA ASSIM ME LEVANTO, Parte 3 | Doc. GP F1\" width=\"500\" height=\"281\" src=\"https:\/\/www.youtube.com\/embed\/tkeFQ-mJ0Vs?feature=oembed\" frameborder=\"0\" allow=\"accelerometer; autoplay; clipboard-write; encrypted-media; gyroscope; picture-in-picture; web-share\" referrerpolicy=\"strict-origin-when-cross-origin\" allowfullscreen><\/iframe>\n<\/div><\/figure>\n","protected":false},"excerpt":{"rendered":"<p>O GP de Sakhir testemunhou uma vit\u00f3ria redentora neste domingo. Sergio P\u00e9rez brilhou com uma pilotagem exuberante para vencer pela primeira vez na F\u00f3rmula 1. Mas o triunfo vem no momento em que o mexicano corre o risco de ficar fora do grid e revela o lado mais sombrio da maior das categorias do automobilismo<\/p>\n","protected":false},"author":0,"featured_media":1000440734,"comment_status":"closed","ping_status":"closed","sticky":false,"template":"","format":"standard","meta":{"42wp_featured_image_caption":"","42wp_featured_image_credits":"","42wp_featured_video":"","42wp_featured_image_hidden":false,"42wp_authors_list":[],"footnotes":""},"categories":[2],"tags":[147,118,24837,800,26042,82,310,3132,24833],"42wp_author":[47115],"class_list":["post-124692","post","type-post","status-publish","format-standard","has-post-thumbnail","hentry","category-f1","tag-f1","tag-f1-2020","tag-formula-1-2","tag-george-russell","tag-gp-de-sakhir","tag-mercedes","tag-racing-point","tag-sergio-perez","tag-vitoria-2","42wp_author-evelyn-guimaraes"],"_links":{"self":[{"href":"https:\/\/grandepremio.com\/br\/wp-json\/wp\/v2\/posts\/124692","targetHints":{"allow":["GET"]}}],"collection":[{"href":"https:\/\/grandepremio.com\/br\/wp-json\/wp\/v2\/posts"}],"about":[{"href":"https:\/\/grandepremio.com\/br\/wp-json\/wp\/v2\/types\/post"}],"replies":[{"embeddable":true,"href":"https:\/\/grandepremio.com\/br\/wp-json\/wp\/v2\/comments?post=124692"}],"version-history":[{"count":0,"href":"https:\/\/grandepremio.com\/br\/wp-json\/wp\/v2\/posts\/124692\/revisions"}],"wp:featuredmedia":[{"embeddable":true,"href":"https:\/\/grandepremio.com\/br\/wp-json\/wp\/v2\/media\/1000440734"}],"wp:attachment":[{"href":"https:\/\/grandepremio.com\/br\/wp-json\/wp\/v2\/media?parent=124692"}],"wp:term":[{"taxonomy":"category","embeddable":true,"href":"https:\/\/grandepremio.com\/br\/wp-json\/wp\/v2\/categories?post=124692"},{"taxonomy":"post_tag","embeddable":true,"href":"https:\/\/grandepremio.com\/br\/wp-json\/wp\/v2\/tags?post=124692"},{"taxonomy":"42wp_author","embeddable":true,"href":"https:\/\/grandepremio.com\/br\/wp-json\/wp\/v2\/42wp_author?post=124692"}],"curies":[{"name":"wp","href":"https:\/\/api.w.org\/{rel}","templated":true}]}}