{"id":124706,"date":"2020-12-06T16:19:03","date_gmt":"2020-12-06T19:19:03","guid":{"rendered":"https:\/\/grandepremio.com\/br\/noticias\/esteban-ocon-revela-choro-na-linha-de-chegada-com-primeiro-podio-trabalho-duro-foi-pago\/"},"modified":"2020-12-06T16:19:10","modified_gmt":"2020-12-06T19:19:10","slug":"esteban-ocon-revela-choro-na-linha-de-chegada-com-primeiro-podio-trabalho-duro-foi-pago","status":"publish","type":"post","link":"https:\/\/grandepremio.com\/br\/f1\/esteban-ocon-revela-choro-na-linha-de-chegada-com-primeiro-podio-trabalho-duro-foi-pago\/","title":{"rendered":"Ocon revela choro na linha de chegada com primeiro p\u00f3dio: &#8220;Trabalho duro foi pago&#8221;"},"content":{"rendered":"\n<p class=\"wp-block-paragraph\">Esteban Ocon <a href=\"https:\/\/www.grandepremio.com\/br\/f1\/noticias\/sergio-perez-vence-apos-cair-para-ultimo-e-george-russell-perde-por-problema-no-pneu-em-sakhir\/\">conquistou o primeiro p\u00f3dio da carreira no<\/a> GP de Sakhir, disputado neste domingo (6). O franc\u00eas da Renault acertou na estrat\u00e9gia e contou com uma prova bastante movimentada para completar na segunda posi\u00e7\u00e3o.<\/p>\n\n\n\n<p class=\"wp-block-paragraph\">Em entrevista ap\u00f3s a corrida ao ex-piloto David Coulthard, Ocon comentou que n\u00e3o segurou as l\u00e1grimas ao completar no top-3 pela primeira vez em sua carreira na F\u00f3rmula 1, iniciada em 2016.<\/p>\n\n\n\n<p class=\"wp-block-paragraph\">&#8220;Eu n\u00e3o tenho palavras, chorei na linha de chegada pelo tanto de emo\u00e7\u00e3o que estou passando. Tem sido uma temporada dif\u00edcil para mim, mas nunca paramos de nos esfor\u00e7ar, n\u00e3o paramos de caminhar, nos mantivemos motivados e isso foi importante. Quanto menos pessoas acreditam em voc\u00ea, o mais importante \u00e9 acreditar em si mesmo. Fizemos acontecer e estou feliz. O trabalho duro foi pago&#8221;, comentou o franc\u00eas.<\/p>\n\n\n\n<figure class=\"wp-block-image size-large\"><img decoding=\"async\" src=\"https:\/\/www.grandepremio.com\/br\/wp-content\/uploads\/2020\/12\/renault-estebanocon-02-1-1024x683.jpg\" alt=\"\" class=\"wp-image-440313\"\/><figcaption>Esteban Ocon foi ao p\u00f3dio no Bahrein (Foto: Renault)<\/figcaption><\/figure>\n\n\n\n<p class=\"wp-block-paragraph\"><strong>Conhe\u00e7a o canal do Grande Pr\u00eamio no YouTube! Clique\u00a0<a href=\"https:\/\/youtube.com\/GrandePremioTV\" target=\"_blank\" rel=\"noreferrer noopener\">aqui<\/a>.<br>Siga o Grande Pr\u00eamio no\u00a0<a href=\"https:\/\/twitter.com\/grandepremio\" target=\"_blank\" rel=\"noreferrer noopener\">Twitter\u00a0<\/a>e no\u00a0<a href=\"https:\/\/instagram.com\/grandepremio\" target=\"_blank\" rel=\"noreferrer noopener\">Instagram<\/a>!<\/strong><\/p>\n\n\n\n<p class=\"wp-block-paragraph\">2020, ano de estreia de Ocon na Renault, n\u00e3o tem sido um ano f\u00e1cil especialmente com a grande temporada do companheiro Daniel Ricciardo. Esteban cr\u00ea que o p\u00f3dio coroa o longo esfor\u00e7o feito para se aproximar do australiano.<\/p>\n\n\n\n<p class=\"wp-block-paragraph\">&#8220;Daniel \u00e9 uma \u00f3tima refer\u00eancia, teve uma temporada bem s\u00f3lida na Renault. No geral, sinto que minha evolu\u00e7\u00e3o \u00e9 boa e estou me aproximando dele. O p\u00f3dio \u00e9 a cereja deste bolo&#8221;, completou.<\/p>\n\n\n\n<figure class=\"wp-block-embed-youtube wp-block-embed is-type-video is-provider-youtube wp-embed-aspect-16-9 wp-has-aspect-ratio\"><div class=\"wp-block-embed__wrapper\">\n<iframe loading=\"lazy\" title=\"F1 2020: P\u00c9REZ VENCE! Tudo sobre o GP de Sakhir de F\u00f3rmula 1 | Briefing\" width=\"500\" height=\"281\" src=\"https:\/\/www.youtube.com\/embed\/-0_eKWGIzlk?feature=oembed\" frameborder=\"0\" allow=\"accelerometer; autoplay; clipboard-write; encrypted-media; gyroscope; picture-in-picture; web-share\" referrerpolicy=\"strict-origin-when-cross-origin\" allowfullscreen><\/iframe>\n<\/div><\/figure>\n","protected":false},"excerpt":{"rendered":"<p>Esteban Ocon descreveu as emo\u00e7\u00f5es ap\u00f3s o primeiro p\u00f3dio da carreira, conquistado com o segundo lugar no GP de Sakhir<\/p>\n","protected":false},"author":0,"featured_media":1000440669,"comment_status":"closed","ping_status":"closed","sticky":false,"template":"","format":"standard","meta":{"42wp_featured_image_caption":"","42wp_featured_image_credits":"","42wp_featured_video":"","42wp_featured_image_hidden":false,"42wp_authors_list":[],"footnotes":""},"categories":[2],"tags":[1667,211,302,147,118,26042,25086,229,24863],"42wp_author":[47119],"class_list":["post-124706","post","type-post","status-publish","format-standard","has-post-thumbnail","hentry","category-f1","tag-bahrein","tag-daniel-ricciardo","tag-esteban-ocon","tag-f1","tag-f1-2020","tag-gp-de-sakhir","tag-podio-2","tag-renault","tag-sergio-perez-2","42wp_author-gabriel-carvalho"],"_links":{"self":[{"href":"https:\/\/grandepremio.com\/br\/wp-json\/wp\/v2\/posts\/124706","targetHints":{"allow":["GET"]}}],"collection":[{"href":"https:\/\/grandepremio.com\/br\/wp-json\/wp\/v2\/posts"}],"about":[{"href":"https:\/\/grandepremio.com\/br\/wp-json\/wp\/v2\/types\/post"}],"replies":[{"embeddable":true,"href":"https:\/\/grandepremio.com\/br\/wp-json\/wp\/v2\/comments?post=124706"}],"version-history":[{"count":0,"href":"https:\/\/grandepremio.com\/br\/wp-json\/wp\/v2\/posts\/124706\/revisions"}],"wp:featuredmedia":[{"embeddable":true,"href":"https:\/\/grandepremio.com\/br\/wp-json\/wp\/v2\/media\/1000440669"}],"wp:attachment":[{"href":"https:\/\/grandepremio.com\/br\/wp-json\/wp\/v2\/media?parent=124706"}],"wp:term":[{"taxonomy":"category","embeddable":true,"href":"https:\/\/grandepremio.com\/br\/wp-json\/wp\/v2\/categories?post=124706"},{"taxonomy":"post_tag","embeddable":true,"href":"https:\/\/grandepremio.com\/br\/wp-json\/wp\/v2\/tags?post=124706"},{"taxonomy":"42wp_author","embeddable":true,"href":"https:\/\/grandepremio.com\/br\/wp-json\/wp\/v2\/42wp_author?post=124706"}],"curies":[{"name":"wp","href":"https:\/\/api.w.org\/{rel}","templated":true}]}}