{"id":124708,"date":"2020-12-06T16:08:23","date_gmt":"2020-12-06T19:08:23","guid":{"rendered":"https:\/\/grandepremio.com\/br\/noticias\/lance-stroll-exalta-podio-duplo-da-racing-point-mas-lamenta-vitoria-perdida-decepcionado\/"},"modified":"2020-12-06T16:26:06","modified_gmt":"2020-12-06T19:26:06","slug":"lance-stroll-exalta-podio-duplo-da-racing-point-mas-lamenta-vitoria-perdida-decepcionado","status":"publish","type":"post","link":"https:\/\/grandepremio.com\/br\/f1\/lance-stroll-exalta-podio-duplo-da-racing-point-mas-lamenta-vitoria-perdida-decepcionado\/","title":{"rendered":"Stroll exalta p\u00f3dio duplo da Racing Point, mas lamenta vit\u00f3ria perdida: \u201cDecepcionado\u201d"},"content":{"rendered":"\n<p class=\"wp-block-paragraph\"><a href=\"https:\/\/www.grandepremio.com\/br\/f1\/noticias\/sergio-perez-vence-apos-cair-para-ultimo-e-george-russell-perde-por-problema-no-pneu-em-sakhir\/\">Lance Stroll beliscou um p\u00f3dio no movimentado GP de Sakhir da F\u00f3rmula 1<\/a>. Neste imprevis\u00edvel domingo (6), o canadense aproveitou os problemas sofridos pelos advers\u00e1rios em sua frente para cruzar a linha de chegada na terceira coloca\u00e7\u00e3o.<\/p>\n\n\n\n<p class=\"wp-block-paragraph\">Ap\u00f3s largar da d\u00e9cima coloca\u00e7\u00e3o, o competidor seguiu prova sem erros e ainda soube lidar bem com os pneus, sem desgast\u00e1-los. Quando assumiu o terceiro posto do pelot\u00e3o n\u00e3o saiu mais, assegurando o terceiro p\u00f3dio da carreira.<\/p>\n\n\n\n<figure class=\"wp-block-image size-large\"><img decoding=\"async\" src=\"https:\/\/www.grandepremio.com\/br\/wp-content\/uploads\/2020\/12\/racingpoint-lancestroll-01-1-1024x683.jpg\" alt=\"\" class=\"wp-image-440299\"\/><figcaption>Lance Stroll subiu ao p\u00f3dio em Sakhir (Foto: Racing Point)<\/figcaption><\/figure>\n\n\n\n<p class=\"wp-block-paragraph\"><strong>Conhe\u00e7a o canal do Grande Pr\u00eamio no YouTube! Clique&nbsp;<a href=\"https:\/\/youtube.com\/GrandePremioTV\" target=\"_blank\" rel=\"noreferrer noopener\">aqui<\/a>.<br>Siga o Grande Pr\u00eamio no&nbsp;<a href=\"https:\/\/twitter.com\/grandepremio\" target=\"_blank\" rel=\"noreferrer noopener\">Twitter&nbsp;<\/a>e no&nbsp;<a href=\"https:\/\/instagram.com\/grandepremio\" target=\"_blank\" rel=\"noreferrer noopener\">Instagram<\/a>!<\/strong><\/p>\n\n\n\n<p class=\"wp-block-paragraph\">\u201cUma corrida incr\u00edvel para a equipe. Uma parte de mim est\u00e1 decepcionada que pudesse vencer. Ap\u00f3s o pit-stop, acabei errando e Esteban [Ocon] acabou me passando, depois travei o pneu na curva 4 e Sergio [P\u00e9rez] tamb\u00e9m me alcan\u00e7ou. N\u00e3o tinha o ritmo para alcan\u00e7ar\u201d, disse ap\u00f3s a prova.<\/p>\n\n\n\n<p class=\"wp-block-paragraph\">\u201cMas \u00e9 um resultado fant\u00e1stico para o time. Primeiro e terceiro era o que precis\u00e1vamos para o campeonato. Estou muito feliz por Sergio, ainda tem algumas corridas pela equipe e est\u00e1 por aqui h\u00e1 tanto tempo, finalmente conseguiu uma vit\u00f3ria\u201d, concluiu o piloto.<\/p>\n\n\n\n<p class=\"wp-block-paragraph\">A corrida foi marcada por uma s\u00e9rie de eventos, o primeiro deles ainda na largada. Assim que a sa\u00edda foi autorizada, Charles Leclerc se envolveu em um incidente com P\u00e9rez e ainda vitimou Max Verstappen, com o monegasco e o holand\u00eas abandonando e o mexicano caindo para \u00faltimo.<\/p>\n\n\n\n<figure class=\"wp-block-embed-youtube wp-block-embed is-type-video is-provider-youtube wp-embed-aspect-16-9 wp-has-aspect-ratio\"><div class=\"wp-block-embed__wrapper\">\n<iframe loading=\"lazy\" title=\"F1 2020: P\u00c9REZ VENCE! Tudo sobre o GP de Sakhir de F\u00f3rmula 1 | Briefing\" width=\"500\" height=\"281\" src=\"https:\/\/www.youtube.com\/embed\/-0_eKWGIzlk?feature=oembed\" frameborder=\"0\" allow=\"accelerometer; autoplay; clipboard-write; encrypted-media; gyroscope; picture-in-picture; web-share\" referrerpolicy=\"strict-origin-when-cross-origin\" allowfullscreen><\/iframe>\n<\/div><\/figure>\n","protected":false},"excerpt":{"rendered":"<p>O canadense fez prova sem erros e aproveitou problemas dos advers\u00e1rios \u00e0 frente para subir pela terceira vez na carreira no p\u00f3dio, coroando o grande dia da Racing Point<\/p>\n","protected":false},"author":0,"featured_media":1000440300,"comment_status":"closed","ping_status":"closed","sticky":false,"template":"","format":"standard","meta":{"42wp_featured_image_caption":"","42wp_featured_image_credits":"","42wp_featured_video":"","42wp_featured_image_hidden":false,"42wp_authors_list":[],"footnotes":""},"categories":[2],"tags":[147,118,24837,24860,24859,24861,485],"42wp_author":[47123],"class_list":["post-124708","post","type-post","status-publish","format-standard","has-post-thumbnail","hentry","category-f1","tag-f1","tag-f1-2020","tag-formula-1-2","tag-formula-1-2020-2","tag-horario-f1-2020","tag-horario-formula-1-2020","tag-lance-stroll","42wp_author-nathalia-de-vivo"],"_links":{"self":[{"href":"https:\/\/grandepremio.com\/br\/wp-json\/wp\/v2\/posts\/124708","targetHints":{"allow":["GET"]}}],"collection":[{"href":"https:\/\/grandepremio.com\/br\/wp-json\/wp\/v2\/posts"}],"about":[{"href":"https:\/\/grandepremio.com\/br\/wp-json\/wp\/v2\/types\/post"}],"replies":[{"embeddable":true,"href":"https:\/\/grandepremio.com\/br\/wp-json\/wp\/v2\/comments?post=124708"}],"version-history":[{"count":0,"href":"https:\/\/grandepremio.com\/br\/wp-json\/wp\/v2\/posts\/124708\/revisions"}],"wp:featuredmedia":[{"embeddable":true,"href":"https:\/\/grandepremio.com\/br\/wp-json\/wp\/v2\/media\/1000440300"}],"wp:attachment":[{"href":"https:\/\/grandepremio.com\/br\/wp-json\/wp\/v2\/media?parent=124708"}],"wp:term":[{"taxonomy":"category","embeddable":true,"href":"https:\/\/grandepremio.com\/br\/wp-json\/wp\/v2\/categories?post=124708"},{"taxonomy":"post_tag","embeddable":true,"href":"https:\/\/grandepremio.com\/br\/wp-json\/wp\/v2\/tags?post=124708"},{"taxonomy":"42wp_author","embeddable":true,"href":"https:\/\/grandepremio.com\/br\/wp-json\/wp\/v2\/42wp_author?post=124708"}],"curies":[{"name":"wp","href":"https:\/\/api.w.org\/{rel}","templated":true}]}}