{"id":124710,"date":"2020-12-06T15:17:15","date_gmt":"2020-12-06T18:17:15","guid":{"rendered":"https:\/\/grandepremio.com\/br\/noticias\/max-verstappen-critica-agressivo-charles-leclerc-em-acidente-na-largada-em-sakhir\/"},"modified":"2020-12-06T15:17:22","modified_gmt":"2020-12-06T18:17:22","slug":"max-verstappen-critica-agressivo-charles-leclerc-em-acidente-na-largada-em-sakhir","status":"publish","type":"post","link":"https:\/\/grandepremio.com\/br\/f1\/max-verstappen-critica-agressivo-charles-leclerc-em-acidente-na-largada-em-sakhir\/","title":{"rendered":"Verstappen critica \u201cagressivo\u201d Leclerc em acidente na largada do GP de Sakhir"},"content":{"rendered":"\n<p class=\"wp-block-paragraph\">Max Verstappen n\u00e3o ficou nada satisfeito com o desfecho do GP de Sakhir de F\u00f3rmula 1. Neste domingo (6), ap\u00f3s ser v\u00edtima de um acidente na primeira volta, criticou a atitude de Charles Leclerc e disse n\u00e3o ter entendido a agressividade do monegasco.<\/p>\n\n\n\n<p class=\"wp-block-paragraph\">Assim que foi dada a largada para a segunda corrida no Bahrein, a confus\u00e3o j\u00e1 se armou na parte da frente do pelot\u00e3o. <a href=\"https:\/\/www.grandepremio.com\/br\/f1\/noticias\/charles-leclerc-bate-em-sergio-perez-e-elimina-max-verstappen-em-confusao-na-largada-do-gp-de-sakhir\/\">O piloto da Ferrari acabou errando a freada em uma briga por posi\u00e7\u00f5es com Sergio P\u00e9rez, acertando o mexicano, que rodou.<\/a><\/p>\n\n\n\n<figure class=\"wp-block-image size-large\"><img decoding=\"async\" src=\"https:\/\/www.grandepremio.com\/br\/wp-content\/uploads\/2020\/12\/EokhAfjW8AA8nw3-1024x576.jpg\" alt=\"\" class=\"wp-image-440591\"\/><figcaption>O desfecho para Verstappen e Leclerc em Sakhir (Foto: Reprodu\u00e7\u00e3o\/F1)<\/figcaption><\/figure>\n\n\n\n<p class=\"wp-block-paragraph\"><strong>Conhe\u00e7a o canal do Grande Pr\u00eamio no YouTube! Clique\u00a0<a href=\"https:\/\/youtube.com\/GrandePremioTV\" target=\"_blank\" rel=\"noreferrer noopener\">aqui<\/a>.<br>Siga o Grande Pr\u00eamio no\u00a0<a href=\"https:\/\/twitter.com\/grandepremio\" target=\"_blank\" rel=\"noreferrer noopener\">Twitter\u00a0<\/a>e no\u00a0<a href=\"https:\/\/instagram.com\/grandepremio\" target=\"_blank\" rel=\"noreferrer noopener\">Instagram<\/a>!<\/strong><\/p>\n\n\n\n<p class=\"wp-block-paragraph\">Enquanto isso, o competidor da Red Bull tentou desviar do advers\u00e1rio da Racing Point, acabou reto na brita e bateu na barreira de pneus ao lado de Leclerc. A dupla foi o primeiro abandono da corrida do domingo.<\/p>\n\n\n\n<p class=\"wp-block-paragraph\">\u201cA largada n\u00e3o foi ruim, mas como sempre, Valtteri [Bottas] me apertou. A partir de ent\u00e3o, foi apenas tentar sobreviver entre os carros. N\u00e3o sei por que, especialmente Leclerc, foi t\u00e3o agressivo e imprudente. N\u00e3o sei o motivo de ter mergulhado daquele jeito, de ter demorado tanto para frear\u201d, disse j\u00e1 fora da pista.<\/p>\n\n\n\n<p class=\"wp-block-paragraph\">\u201cCheco n\u00e3o sabia o que estava acontecendo. Aquilo foi realmente est\u00fapido\u201d. Verstappen, ao ser informado que Leclerc assumiu a culpa pelo acidente em Sakhir, foi curto e direto nas palavras. \u201cEle deveria\u201d, encerrou o holand\u00eas.<\/p>\n\n\n\n<p class=\"wp-block-paragraph\"><a href=\"https:\/\/www.grandepremio.com\/br\/f1\/noticias\/charles-leclerc-explica-acidente-na-primeira-volta-em-sakhir-e-admite-e-minha-culpa\/\">O monegasco rapidamente assumiu a culpa pela confus\u00e3o<\/a>. Em entrevista ap\u00f3s o abandono, o competidor explicou como aconteceu a culpa e inocentou qualquer outro piloto envolvido no acidente.<\/p>\n\n\n\n<figure class=\"wp-block-embed-youtube wp-block-embed is-type-video is-provider-youtube wp-embed-aspect-16-9 wp-has-aspect-ratio\"><div class=\"wp-block-embed__wrapper\">\n<iframe loading=\"lazy\" title=\"F1 2020: o GP de Sakhir de F\u00f3rmula 1 | Briefing\" width=\"500\" height=\"281\" src=\"https:\/\/www.youtube.com\/embed\/z-V4Rfw90q8?feature=oembed\" frameborder=\"0\" allow=\"accelerometer; autoplay; clipboard-write; encrypted-media; gyroscope; picture-in-picture; web-share\" referrerpolicy=\"strict-origin-when-cross-origin\" allowfullscreen><\/iframe>\n<\/div><\/figure>\n","protected":false},"excerpt":{"rendered":"<p>O holand\u00eas da Red Bull foi bastante vocal quanto a insatisfa\u00e7\u00e3o com a atitude do monegasco na largada da corrida no Bahrein, chegando a dizer ter sido est\u00fapido<\/p>\n","protected":false},"author":0,"featured_media":1000440592,"comment_status":"closed","ping_status":"closed","sticky":false,"template":"","format":"standard","meta":{"42wp_featured_image_caption":"","42wp_featured_image_credits":"","42wp_featured_video":"","42wp_featured_image_hidden":false,"42wp_authors_list":[],"footnotes":""},"categories":[2],"tags":[209,147,118,24837,24860,26042,24859,24861,203],"42wp_author":[47123],"class_list":["post-124710","post","type-post","status-publish","format-standard","has-post-thumbnail","hentry","category-f1","tag-charles-leclerc","tag-f1","tag-f1-2020","tag-formula-1-2","tag-formula-1-2020-2","tag-gp-de-sakhir","tag-horario-f1-2020","tag-horario-formula-1-2020","tag-max-verstappen","42wp_author-nathalia-de-vivo"],"_links":{"self":[{"href":"https:\/\/grandepremio.com\/br\/wp-json\/wp\/v2\/posts\/124710","targetHints":{"allow":["GET"]}}],"collection":[{"href":"https:\/\/grandepremio.com\/br\/wp-json\/wp\/v2\/posts"}],"about":[{"href":"https:\/\/grandepremio.com\/br\/wp-json\/wp\/v2\/types\/post"}],"replies":[{"embeddable":true,"href":"https:\/\/grandepremio.com\/br\/wp-json\/wp\/v2\/comments?post=124710"}],"version-history":[{"count":0,"href":"https:\/\/grandepremio.com\/br\/wp-json\/wp\/v2\/posts\/124710\/revisions"}],"wp:featuredmedia":[{"embeddable":true,"href":"https:\/\/grandepremio.com\/br\/wp-json\/wp\/v2\/media\/1000440592"}],"wp:attachment":[{"href":"https:\/\/grandepremio.com\/br\/wp-json\/wp\/v2\/media?parent=124710"}],"wp:term":[{"taxonomy":"category","embeddable":true,"href":"https:\/\/grandepremio.com\/br\/wp-json\/wp\/v2\/categories?post=124710"},{"taxonomy":"post_tag","embeddable":true,"href":"https:\/\/grandepremio.com\/br\/wp-json\/wp\/v2\/tags?post=124710"},{"taxonomy":"42wp_author","embeddable":true,"href":"https:\/\/grandepremio.com\/br\/wp-json\/wp\/v2\/42wp_author?post=124710"}],"curies":[{"name":"wp","href":"https:\/\/api.w.org\/{rel}","templated":true}]}}