{"id":124711,"date":"2020-12-06T15:05:33","date_gmt":"2020-12-06T18:05:33","guid":{"rendered":"https:\/\/grandepremio.com\/br\/noticias\/charles-leclerc-explica-acidente-na-primeira-volta-em-sakhir-e-admite-e-minha-culpa\/"},"modified":"2020-12-06T15:05:38","modified_gmt":"2020-12-06T18:05:38","slug":"charles-leclerc-explica-acidente-na-primeira-volta-em-sakhir-e-admite-e-minha-culpa","status":"publish","type":"post","link":"https:\/\/grandepremio.com\/br\/f1\/charles-leclerc-explica-acidente-na-primeira-volta-em-sakhir-e-admite-e-minha-culpa\/","title":{"rendered":"Leclerc explica acidente na primeira volta em Sakhir e admite: &#8220;\u00c9 minha culpa&#8221;"},"content":{"rendered":"\n<p class=\"wp-block-paragraph\">Charles Leclerc <a href=\"https:\/\/www.grandepremio.com\/br\/f1\/noticias\/charles-leclerc-bate-em-sergio-perez-e-elimina-max-verstappen-em-confusao-na-largada-do-gp-de-sakhir\/\">deu o ponto de vista ap\u00f3s o acidente que o tirou da corrida logo na primeira volta do<\/a> GP de Sakhir. O monegasco da Ferrari, que largou em quarto, tocou em Sergio P\u00e9rez antes de escapar na curva 4 e atingir a barreira de pneus.<\/p>\n\n\n\n<p class=\"wp-block-paragraph\">Em entrevista \u00e0 Sky Sports, Leclerc admitiu culpa pelo incidente. Ele esperava um ataque de Sergio P\u00e9rez, o terceiro colocado, em cima de Valtteri Bottas, o que n\u00e3o aconteceu.<\/p>\n\n\n\n<figure class=\"wp-block-image size-large\"><img decoding=\"async\" src=\"https:\/\/www.grandepremio.com\/br\/wp-content\/uploads\/2020\/12\/EokggGoXIAEam2r.jpg\" alt=\"\" class=\"wp-image-440585\"\/><figcaption>Charles Leclerc errou ainda no  in\u00edcio da corrida (Foto: Reprodu\u00e7\u00e3o)<\/figcaption><\/figure>\n\n\n\n<p class=\"wp-block-paragraph\"><strong>Conhe\u00e7a o canal do Grande Pr\u00eamio no YouTube! Clique\u00a0<a href=\"https:\/\/youtube.com\/GrandePremioTV\" target=\"_blank\" rel=\"noreferrer noopener\">aqui<\/a>.<br>Siga o Grande Pr\u00eamio no\u00a0<a href=\"https:\/\/twitter.com\/grandepremio\" target=\"_blank\" rel=\"noreferrer noopener\">Twitter\u00a0<\/a>e no\u00a0<a href=\"https:\/\/instagram.com\/grandepremio\" target=\"_blank\" rel=\"noreferrer noopener\">Instagram<\/a>!<\/strong><\/p>\n\n\n\n<p class=\"wp-block-paragraph\">&#8220;Basicamente, eu estava em quinto e lado a lado com Max. Tentei ultrapass\u00e1-lo. Eu esperava que Sergio seguisse por fora e tentasse passar o Valtteri, mas ele decidiu que n\u00e3o e fez a curva por dentro, era muito tarde. N\u00e3o estou colocando a culpa em Checo, \u00e9 meu erro&#8221;, disse o monegasco.<\/p>\n\n\n\n<p class=\"wp-block-paragraph\">Verstappen tentou escapar do acidente, mas n\u00e3o conseguiu e parou sozinho na barreira de pneus. O safety-car foi acionado e durou cinco voltas. George Russell \u00e9 o l\u00edder.<\/p>\n\n\n\n<p class=\"wp-block-paragraph\">\u00c9 o quarto abandono de Leclerc em 2020 e o primeiro desde o forte acidente no GP da It\u00e1lia. O monegasco estaciona nos 98 pontos na classifica\u00e7\u00e3o.<\/p>\n\n\n\n<figure class=\"wp-block-embed-youtube wp-block-embed is-type-video is-provider-youtube wp-embed-aspect-16-9 wp-has-aspect-ratio\"><div class=\"wp-block-embed__wrapper\">\n<iframe loading=\"lazy\" title=\"F1 2020: o GP de Sakhir de F\u00f3rmula 1 | Briefing\" width=\"500\" height=\"281\" src=\"https:\/\/www.youtube.com\/embed\/z-V4Rfw90q8?feature=oembed\" frameborder=\"0\" allow=\"accelerometer; autoplay; clipboard-write; encrypted-media; gyroscope; picture-in-picture; web-share\" referrerpolicy=\"strict-origin-when-cross-origin\" allowfullscreen><\/iframe>\n<\/div><\/figure>\n","protected":false},"excerpt":{"rendered":"<p>Charles Leclerc deu o ponto de vista sobre o acidente na primeira volta do GP de Sakhir e assumiu a culpa pelo toque com Sergio P\u00e9rez<\/p>\n","protected":false},"author":0,"featured_media":1000440591,"comment_status":"closed","ping_status":"closed","sticky":false,"template":"","format":"standard","meta":{"42wp_featured_image_caption":"","42wp_featured_image_credits":"","42wp_featured_video":"","42wp_featured_image_hidden":false,"42wp_authors_list":[],"footnotes":""},"categories":[2],"tags":[209,147,118,24837,26042,203,24863],"42wp_author":[47119],"class_list":["post-124711","post","type-post","status-publish","format-standard","has-post-thumbnail","hentry","category-f1","tag-charles-leclerc","tag-f1","tag-f1-2020","tag-formula-1-2","tag-gp-de-sakhir","tag-max-verstappen","tag-sergio-perez-2","42wp_author-gabriel-carvalho"],"_links":{"self":[{"href":"https:\/\/grandepremio.com\/br\/wp-json\/wp\/v2\/posts\/124711","targetHints":{"allow":["GET"]}}],"collection":[{"href":"https:\/\/grandepremio.com\/br\/wp-json\/wp\/v2\/posts"}],"about":[{"href":"https:\/\/grandepremio.com\/br\/wp-json\/wp\/v2\/types\/post"}],"replies":[{"embeddable":true,"href":"https:\/\/grandepremio.com\/br\/wp-json\/wp\/v2\/comments?post=124711"}],"version-history":[{"count":0,"href":"https:\/\/grandepremio.com\/br\/wp-json\/wp\/v2\/posts\/124711\/revisions"}],"wp:featuredmedia":[{"embeddable":true,"href":"https:\/\/grandepremio.com\/br\/wp-json\/wp\/v2\/media\/1000440591"}],"wp:attachment":[{"href":"https:\/\/grandepremio.com\/br\/wp-json\/wp\/v2\/media?parent=124711"}],"wp:term":[{"taxonomy":"category","embeddable":true,"href":"https:\/\/grandepremio.com\/br\/wp-json\/wp\/v2\/categories?post=124711"},{"taxonomy":"post_tag","embeddable":true,"href":"https:\/\/grandepremio.com\/br\/wp-json\/wp\/v2\/tags?post=124711"},{"taxonomy":"42wp_author","embeddable":true,"href":"https:\/\/grandepremio.com\/br\/wp-json\/wp\/v2\/42wp_author?post=124711"}],"curies":[{"name":"wp","href":"https:\/\/api.w.org\/{rel}","templated":true}]}}