{"id":124715,"date":"2020-12-06T12:33:03","date_gmt":"2020-12-06T15:33:03","guid":{"rendered":"https:\/\/grandepremio.com\/br\/noticias\/mick-schumacher-celebra-titulo-na-formula-2-e-confessa-ainda-nao-me-sinto-campeao\/"},"modified":"2020-12-06T12:33:10","modified_gmt":"2020-12-06T15:33:10","slug":"mick-schumacher-celebra-titulo-na-formula-2-e-confessa-ainda-nao-me-sinto-campeao","status":"publish","type":"post","link":"https:\/\/grandepremio.com\/br\/f2\/mick-schumacher-celebra-titulo-na-formula-2-e-confessa-ainda-nao-me-sinto-campeao\/","title":{"rendered":"Schumacher celebra t\u00edtulo na F\u00f3rmula 2 e confessa: &#8220;Ainda n\u00e3o me sinto campe\u00e3o&#8221;"},"content":{"rendered":"\n<p class=\"wp-block-paragraph\"><a href=\"https:\/\/www.grandepremio.com\/br\/f2\/noticias\/mick-schumacher-chega-em-18o-mas-e-campeao-da-formula-2-jehan-daruvala-vence-em-sakhir\/\">Foi com drama, mas Mick Schumacher se tornou campe\u00e3o da temporada<\/a> 2020 da F\u00f3rmula 2. O piloto da Prema, que j\u00e1 tem contrato assinado com a Haas para 2021, terminou a corrida do domingo em 18\u00ba, mas viu o principal rival Callum Ilott tamb\u00e9m n\u00e3o pontuar, o que rendeu o t\u00edtulo.<\/p>\n\n\n\n<p class=\"wp-block-paragraph\">Em entrevista ap\u00f3s a corrida, Mick, filho do heptacampe\u00e3o Michael Schumacher, admitiu que o sentimento seria melhor se a corrida de hoje fosse boa. O piloto precisou de um pit-stop ap\u00f3s n\u00e3o gerenciar os pneus corretamente e gast\u00e1-los com diversos erros.<\/p>\n\n\n\n<p class=\"wp-block-paragraph\">&#8220;Eu me sentiria melhor se tivesse uma boa corrida hoje, mas foi o suficiente. \u00c9 isso que as pessoas v\u00e3o lembrar, eles v\u00e3o se esquecer da corrida de hoje e lembrar dos bons momentos deste ano. Eu tamb\u00e9m&#8221;, disse o piloto.<\/p>\n\n\n\n<figure class=\"wp-block-image size-large\"><img decoding=\"async\" src=\"https:\/\/www.grandepremio.com\/br\/wp-content\/uploads\/2020\/12\/Mick_Schumacher_2.jpg\" alt=\"\" class=\"wp-image-440556\"\/><figcaption>Mick Schumacher comemora o t\u00edtulo da F\u00f3rmula 2 (Foto: FIA F\u00f3rmula 2)<\/figcaption><\/figure>\n\n\n\n<p class=\"wp-block-paragraph\">A temporada de Schumacher foi de 2 vit\u00f3rias, 9 p\u00f3dios e 215 pontos, 14 de vantagem para Callum Ilott. O alem\u00e3o ainda n\u00e3o se sente como campe\u00e3o da principal categoria de base do automobilismo.<\/p>\n\n\n\n<p class=\"wp-block-paragraph\">&#8220;Para ser sincero, estou sobrecarregado. N\u00e3o me sinto campe\u00e3o ainda, vai demorar alguns dias. Os caras contra quem pilotei neste ano foram incr\u00edveis e est\u00e3o em um alto n\u00edvel de pilotagem, e tamb\u00e9m foram muito respeitosos&#8221;, completou.<\/p>\n\n\n\n<p class=\"wp-block-paragraph\">Com 21 anos de idade, Schumacher ser\u00e1 titular da Haas na F\u00f3rmula 1 em 2021 ao lado do russo Nikita Mazepin. <\/p>\n\n\n\n<figure class=\"wp-block-embed-youtube wp-block-embed is-type-video is-provider-youtube wp-embed-aspect-16-9 wp-has-aspect-ratio\"><div class=\"wp-block-embed__wrapper\">\n<iframe loading=\"lazy\" title=\"LEWIS HAMILTON: document\u00e1rio AINDA ASSIM ME LEVANTO, Parte 3 | Doc. GP F1\" width=\"500\" height=\"281\" src=\"https:\/\/www.youtube.com\/embed\/tkeFQ-mJ0Vs?start=9&amp;feature=oembed\" frameborder=\"0\" allow=\"accelerometer; autoplay; clipboard-write; encrypted-media; gyroscope; picture-in-picture; web-share\" referrerpolicy=\"strict-origin-when-cross-origin\" allowfullscreen><\/iframe>\n<\/div><\/figure>\n","protected":false},"excerpt":{"rendered":"<p>Apesar do t\u00edtulo, Mick Schumacher lamentou a performance ruim no domingo. Piloto valorizou o n\u00edvel de competi\u00e7\u00e3o que encarou em 2020 na F\u00f3rmula 2<\/p>\n","protected":false},"author":0,"featured_media":1000440557,"comment_status":"closed","ping_status":"closed","sticky":false,"template":"","format":"standard","meta":{"42wp_featured_image_caption":"","42wp_featured_image_credits":"","42wp_featured_video":"","42wp_featured_image_hidden":false,"42wp_authors_list":[],"footnotes":""},"categories":[9],"tags":[112,24837,24951,26042,119,758,1294,349],"42wp_author":[47119],"class_list":["post-124715","post","type-post","status-publish","format-standard","has-post-thumbnail","hentry","category-f2","tag-f2-2020","tag-formula-1-2","tag-formula-2-2","tag-gp-de-sakhir","tag-haas","tag-michael-schumacher","tag-mick-schumacher","tag-prema","42wp_author-gabriel-carvalho"],"_links":{"self":[{"href":"https:\/\/grandepremio.com\/br\/wp-json\/wp\/v2\/posts\/124715","targetHints":{"allow":["GET"]}}],"collection":[{"href":"https:\/\/grandepremio.com\/br\/wp-json\/wp\/v2\/posts"}],"about":[{"href":"https:\/\/grandepremio.com\/br\/wp-json\/wp\/v2\/types\/post"}],"replies":[{"embeddable":true,"href":"https:\/\/grandepremio.com\/br\/wp-json\/wp\/v2\/comments?post=124715"}],"version-history":[{"count":0,"href":"https:\/\/grandepremio.com\/br\/wp-json\/wp\/v2\/posts\/124715\/revisions"}],"wp:featuredmedia":[{"embeddable":true,"href":"https:\/\/grandepremio.com\/br\/wp-json\/wp\/v2\/media\/1000440557"}],"wp:attachment":[{"href":"https:\/\/grandepremio.com\/br\/wp-json\/wp\/v2\/media?parent=124715"}],"wp:term":[{"taxonomy":"category","embeddable":true,"href":"https:\/\/grandepremio.com\/br\/wp-json\/wp\/v2\/categories?post=124715"},{"taxonomy":"post_tag","embeddable":true,"href":"https:\/\/grandepremio.com\/br\/wp-json\/wp\/v2\/tags?post=124715"},{"taxonomy":"42wp_author","embeddable":true,"href":"https:\/\/grandepremio.com\/br\/wp-json\/wp\/v2\/42wp_author?post=124715"}],"curies":[{"name":"wp","href":"https:\/\/api.w.org\/{rel}","templated":true}]}}