{"id":124719,"date":"2020-12-06T11:26:57","date_gmt":"2020-12-06T14:26:57","guid":{"rendered":"https:\/\/grandepremio.com\/br\/noticias\/sebastien-ogier-vence-em-monza-vira-para-cima-de-elfyn-evans-e-e-heptacampeao-do-mundial-de-rali\/"},"modified":"2020-12-06T11:36:46","modified_gmt":"2020-12-06T14:36:46","slug":"sebastien-ogier-vence-em-monza-vira-para-cima-de-elfyn-evans-e-e-heptacampeao-do-mundial-de-rali","status":"publish","type":"post","link":"https:\/\/grandepremio.com\/br\/rally\/sebastien-ogier-vence-em-monza-vira-para-cima-de-elfyn-evans-e-e-heptacampeao-do-mundial-de-rali\/","title":{"rendered":"Ogier vence em Monza, vira para cima de Evans e \u00e9 heptacampe\u00e3o do Mundial de Rali"},"content":{"rendered":"\n<p class=\"wp-block-paragraph\">S\u00e9bastien Ogier conquistou o heptacampeonato do Mundial de Rali neste domingo (6). O franc\u00eas<a href=\"https:\/\/www.grandepremio.com\/br\/rali\/noticias\/sebasten-ogier-encaminha-hepta-do-wrc-no-rali-de-monza-apos-acidente-de-evans\/\"> conquistou uma virada improv\u00e1vel<\/a> em cima do parceiro de Toyota Elfyn Evans e, assim, com vit\u00f3ria na etapa de Monza, ficou com a ta\u00e7a do WRC pela s\u00e9tima vez.<\/p>\n\n\n\n<p class=\"wp-block-paragraph\">Ogier precisava da vit\u00f3ria de qualquer forma e, basicamente, que Evans zerasse na etapa. Foi justamente o que aconteceu, com o gal\u00eas s\u00f3 pontuando na especial extra, mas fora da disputa do Rali de Monza por conta de um acidente sofrido no s\u00e1bado.<\/p>\n\n\n\n<figure class=\"wp-block-image size-large\"><img decoding=\"async\" src=\"https:\/\/www.grandepremio.com\/br\/wp-content\/uploads\/2020\/12\/ogier-1024x683.jpg\" alt=\"\" class=\"wp-image-440535\"\/><figcaption>S\u00e9bastien Ogier virou em cima de Elfyn Evans (Foto: Toyota)<\/figcaption><\/figure>\n\n\n\n<p class=\"wp-block-paragraph\">&#8220;Olha, n\u00e3o me parece ruim, devo dizer. Claro, sinto muito por Elfyn, ele fez uma temporada muito forte, muito consistente, nos divertimos muito na disputa. Mas eu estou muito feliz pelo que fiz. S\u00f3 n\u00e3o vou sair por a\u00ed comemorando feito um louco porque estamos vivendo um momento em que muita gente est\u00e1 sofrendo ao redor do mundo, tenho de ser decente&#8221;, disse Ogier, grande nome da gera\u00e7\u00e3o no Mundial de Rali.<\/p>\n\n\n\n<p class=\"wp-block-paragraph\">Ott T\u00e4nak fechou o ano em alta e conquistou a segunda posi\u00e7\u00e3o na etapa italiana, completando a temporada em terceiro com 105 pontos, 9 a menos que Evans e 17 atr\u00e1s de Ogier. Quarto no geral e parceiro de Ott na Hyundai, Thierry Neuville foi outro que n\u00e3o chegou ao fim do Rali de Monza.<\/p>\n\n\n\n<p class=\"wp-block-paragraph\">Dani Sordo ficou em terceiro na etapa, seguido pelos finlandeses Esapekka Lappi e Kalle Rovanper\u00e4. Andreas Mikkelsen, Oliver Solberg, Jari Huttunen, Mads Ostberg e Pontus Tidemand completaram o top-10 em Monza.<\/p>\n\n\n\n<p class=\"wp-block-paragraph\"><strong>Conhe\u00e7a o canal do Grande Pr\u00eamio no YouTube! Clique\u00a0<a rel=\"noreferrer noopener\" href=\"https:\/\/youtube.com\/GrandePremioTV\" target=\"_blank\">aqui<\/a>.<br>Siga o Grande Pr\u00eamio no\u00a0<a rel=\"noreferrer noopener\" href=\"https:\/\/twitter.com\/grandepremio\" target=\"_blank\">Twitter\u00a0<\/a>e no\u00a0<a rel=\"noreferrer noopener\" href=\"https:\/\/instagram.com\/grandepremio\" target=\"_blank\">Instagram<\/a>!<\/strong><\/p>\n","protected":false},"excerpt":{"rendered":"<p>S\u00e9bastien Ogier conseguiu uma virada improv\u00e1vel em cima do companheiro Elfyn Evans e saiu com o hepta do Mundial de Rali<\/p>\n","protected":false},"author":0,"featured_media":1000440536,"comment_status":"closed","ping_status":"closed","sticky":false,"template":"","format":"standard","meta":{"42wp_featured_image_caption":"","42wp_featured_image_credits":"","42wp_featured_video":"","42wp_featured_image_hidden":false,"42wp_authors_list":[],"footnotes":""},"categories":[5],"tags":[740,2073,288,25327,233,26127,178,287],"42wp_author":[47117],"class_list":["post-124719","post","type-post","status-publish","format-standard","has-post-thumbnail","hentry","category-rally","tag-elfyn-evans","tag-hyundai","tag-mundial-de-rali","tag-ott-tanak-2","tag-rali","tag-sebastien-ogier-2","tag-toyota","tag-wrc","42wp_author-gabriel-curty"],"_links":{"self":[{"href":"https:\/\/grandepremio.com\/br\/wp-json\/wp\/v2\/posts\/124719","targetHints":{"allow":["GET"]}}],"collection":[{"href":"https:\/\/grandepremio.com\/br\/wp-json\/wp\/v2\/posts"}],"about":[{"href":"https:\/\/grandepremio.com\/br\/wp-json\/wp\/v2\/types\/post"}],"replies":[{"embeddable":true,"href":"https:\/\/grandepremio.com\/br\/wp-json\/wp\/v2\/comments?post=124719"}],"version-history":[{"count":0,"href":"https:\/\/grandepremio.com\/br\/wp-json\/wp\/v2\/posts\/124719\/revisions"}],"wp:featuredmedia":[{"embeddable":true,"href":"https:\/\/grandepremio.com\/br\/wp-json\/wp\/v2\/media\/1000440536"}],"wp:attachment":[{"href":"https:\/\/grandepremio.com\/br\/wp-json\/wp\/v2\/media?parent=124719"}],"wp:term":[{"taxonomy":"category","embeddable":true,"href":"https:\/\/grandepremio.com\/br\/wp-json\/wp\/v2\/categories?post=124719"},{"taxonomy":"post_tag","embeddable":true,"href":"https:\/\/grandepremio.com\/br\/wp-json\/wp\/v2\/tags?post=124719"},{"taxonomy":"42wp_author","embeddable":true,"href":"https:\/\/grandepremio.com\/br\/wp-json\/wp\/v2\/42wp_author?post=124719"}],"curies":[{"name":"wp","href":"https:\/\/api.w.org\/{rel}","templated":true}]}}