{"id":124726,"date":"2020-12-05T20:26:20","date_gmt":"2020-12-05T23:26:20","guid":{"rendered":"https:\/\/grandepremio.com\/br\/noticias\/miguel-paludo-e-dennis-dirani-faturam-pole-dos-500-km-de-interlagos-da-porsche-endurance-series\/"},"modified":"2020-12-05T20:26:26","modified_gmt":"2020-12-05T23:26:26","slug":"miguel-paludo-e-dennis-dirani-faturam-pole-dos-500-km-de-interlagos-da-porsche-endurance-series","status":"publish","type":"post","link":"https:\/\/grandepremio.com\/br\/porsche\/miguel-paludo-e-dennis-dirani-faturam-pole-dos-500-km-de-interlagos-da-porsche-endurance-series\/","title":{"rendered":"Paludo e Dennis Dirani garantem pole dos 500 Km de Interlagos da Porsche Endurance Series"},"content":{"rendered":"\n<figure class=\"wp-block-embed-youtube wp-block-embed is-type-video is-provider-youtube wp-embed-aspect-16-9 wp-has-aspect-ratio\"><div class=\"wp-block-embed__wrapper\">\n<iframe loading=\"lazy\" title=\"RUSSELL DESTRONA BOTTAS nos treinos e F1 aprova anel externo em SAKHIR | GP \u00e0s 10\" width=\"500\" height=\"281\" src=\"https:\/\/www.youtube.com\/embed\/3thQGiX7QSI?feature=oembed\" frameborder=\"0\" allow=\"accelerometer; autoplay; clipboard-write; encrypted-media; gyroscope; picture-in-picture; web-share\" referrerpolicy=\"strict-origin-when-cross-origin\" allowfullscreen><\/iframe>\n<\/div><\/figure>\n\n\n\n<p class=\"wp-block-paragraph\">A pole-position dos 500 Km de Interlagos, \u00faltima e mais importante corrida da temporada 2020 da Porsche Cup Endurance Series, ficou com Miguel Paludo e Dennis Dirani na classe principal, a Carrera Cup. Com a defini\u00e7\u00e3o do grid de largada feita pelas m\u00e9dias de tempo dos pilotos das respectivas tripula\u00e7\u00f5es, os experientes competidores garantiram a primeira posi\u00e7\u00e3o com volta em tempo m\u00e9dio de 1min35s701. A diferen\u00e7a para a dupla segunda colocada, formada por Rouman Ziemkiewicz e Gabriel Casagrande, foi de apenas 0s079, e de somente 0s091 para Pedro Aguiar e Guilherme Salas, que v\u00e3o largar em terceiro neste domingo.<\/p>\n\n\n\n<p class=\"wp-block-paragraph\">A sess\u00e3o classificat\u00f3ria foi dividia em dois grupos, A e B. No seu grupo, Paludo abriu caminho para a pole e foi 0s251 mais r\u00e1pido que o segundo colocado, enquanto o irm\u00e3o de Danilo completou o trabalho ao ir para a pista e assegurar o quarto melhor tempo dentre os pilotos do seu grupo.<\/p>\n\n\n\n<p class=\"wp-block-paragraph\">Paludo, hexacampe\u00e3o da Porsche Cup, vibrou com a conquista e exaltou o trabalho feito pelo seu companheiro de equipe. \u201cO Dennis veio agregar muito ao time, ent\u00e3o estou muito feliz pela pole. Tivemos uma grande sintonia em acerto, o que serve para mim funciona com ele, e isso foi um grande passo em uma prova longa. Nada melhor que come\u00e7ar pela pole. Sei que temos potencial para brigar pela vit\u00f3ria, mas tem muitos fatores que estar\u00e3o em jogo. At\u00e9 ent\u00e3o, um \u00f3timo trabalho de todos da equipe\u201d, comemorou o piloto.<\/p>\n\n\n\n<figure class=\"wp-block-image size-large\"><img decoding=\"async\" src=\"https:\/\/www.grandepremio.com\/br\/wp-content\/uploads\/2020\/12\/QLFY-Endurance-Sabado-Luca-Bassani-26--1024x683.jpg\" alt=\"POLES; 500 KM DE INTERLAGOS; PORSCHE ENDURANCE SERIES\" class=\"wp-image-440478\"\/><figcaption>Os pilotos donos das poles dos 500 Km de Interlagos (Foto: Luca Bassani)<\/figcaption><\/figure>\n\n\n\n<p class=\"wp-block-paragraph\"><strong>Conhe\u00e7a o canal do Grande Pr\u00eamio no YouTube! Clique\u00a0<a href=\"https:\/\/youtube.com\/GrandePremioTV\" target=\"_blank\" rel=\"noreferrer noopener\">aqui<\/a>.<br>Siga o Grande Pr\u00eamio no\u00a0<a href=\"https:\/\/twitter.com\/grandepremio\" target=\"_blank\" rel=\"noreferrer noopener\">Twitter\u00a0<\/a>e no\u00a0<a href=\"https:\/\/instagram.com\/grandepremio\" target=\"_blank\" rel=\"noreferrer noopener\">Instagram<\/a>!<\/strong><\/p>\n\n\n\n<p class=\"wp-block-paragraph\">Piloto Shell, Dirani, que \u00e9 respons\u00e1vel pelo shakedown de todos os carros da Porsche Cup antes de cada disputa da categoria, rendeu elogios a Paludo ap\u00f3s a confirma\u00e7\u00e3o da pole-position.<\/p>\n\n\n\n<p class=\"wp-block-paragraph\">\u201cFoi um treino muito bom. O Miguel fez uma baita volta no grupo dele. Sab\u00edamos que na minha volta seria mais complicado, o peso influenciaria muito em um grupo t\u00e3o equilibrado e com pilotos experientes. Foi bem apertado o resultado, mas isso foi muito legal. O Miguel \u00e9 um cara muito r\u00e1pido e muito tranquilo, est\u00e1 sendo um fim de semana muito bom junto com ele. Em 2018, venci na GT3 e quem sabe conseguimos uma na Carrera tamb\u00e9m. A corrida \u00e9 muito longa e pode acontecer de tudo\u201d, afirmou Dennis.<\/p>\n\n\n\n<p class=\"wp-block-paragraph\">A luta pelo t\u00edtulo na classe Carrera Cup est\u00e1 bastante acirrada, com Alceu Feldmann como l\u00edder do campeonato na Endurance Series com 3 pontos de vantagem para Werner Neugebauer e Ricardo Zonta. Os pilotos da Shell, que neste fim de semana ganham a companhia de Christian Hahn a bordo do carro #8, levaram certa vantagem e v\u00e3o largar na quarta posi\u00e7\u00e3o, enquanto Alceu, que tem como parceiro de volante Thiago Camilo na prova final do campeonato, parte do quinto lugar.<\/p>\n\n\n\n<p class=\"wp-block-paragraph\">Em sexto, outra dupla muito forte no grid da Porsche Endurance Series: Lico Kaesemodel e Felipe Massa, que ficaram a somente 0s239 do tempo m\u00e9dio alcan\u00e7ado pela dupla pole-position em Interlagos.<\/p>\n\n\n\n<p class=\"wp-block-paragraph\">No combinado das voltas mais r\u00e1pidas do dia, a melhor marca ficou com Nelsinho Piquet, que compartilha o volante do carro #3 ao lado de Fran Lara. O experiente piloto, hoje em a\u00e7\u00e3o na Stock Car e tamb\u00e9m l\u00edder da classe GT3 Cup Sport, marcou 1min35s154 na sua melhor passagem, sendo apenas 0s009 mais r\u00e1pido que Gabriel Casagrande, que ao lado de Ziemkiewicz foi segundo no grid geral e pole na classe Carrera Cup Sport. Lara e Piquet v\u00e3o largar em nono na classifica\u00e7\u00e3o geral.<\/p>\n\n\n\n<figure class=\"wp-block-image size-large\"><img decoding=\"async\" src=\"https:\/\/www.grandepremio.com\/br\/wp-content\/uploads\/2020\/12\/QLFY-Endurance-Sabado-Luca-Bassani-16--1024x683.jpg\" alt=\"JEFF GIASSI; ENZO ELIAS; DIMAS PIMENTA; 500 KM DE INTERLAGOS. PORSCHE ENDURANCE SERIES;\" class=\"wp-image-440477\"\/><figcaption>Trio formado por Enzo Elias, Jeff Giassi e Dimas Pimenta na pole da GT3 Cup (Foto: Luca Bassani)<\/figcaption><\/figure>\n\n\n\n<p class=\"wp-block-paragraph\">No grid da GT3 Cup, surpresa com a grande performance de Jeff Giassi. Especialista em automobilismo virtual e na sua primeira competi\u00e7\u00e3o com carros de verdade, o piloto ajudou a tripula\u00e7\u00e3o formada tamb\u00e9m por Enzo Elias e Dimas Pimenta a conquistar a posi\u00e7\u00e3o de honra da categoria a bordo do carro #14. Na sua volta mais r\u00e1pida, Giassi superou experientes pilotos da categoria, enfiando quase 0s3 sobre Chico Horta, o segundo do seu grupo.<\/p>\n\n\n\n<p class=\"wp-block-paragraph\">\u201cN\u00e3o tinha como ter a primeira experi\u00eancia melhor. Minha equipe me ajudou demais nesse tempo aqui no aut\u00f3dromo. Estou extremamente contente com esse melhor tempo na primeira bateria da GT3. Nunca deixei de acreditar que era poss\u00edvel andar bem\u201d, vibrou Giassi.<\/p>\n\n\n\n<p class=\"wp-block-paragraph\">A prova deste domingo, que vai marcar a coroa\u00e7\u00e3o de nada menos que nove t\u00edtulos na temporada 2020 da Porsche Cup \u2014 campeonatos da Endurance Series nas classes Carrera Cup, Carrera Cup Sport, GT3 Cup, GT3 Cup Sport e GT3 Trophy e os campeonatos Overall da Carrera Cup, Carrera Cup Sport, GT3 Cup e GT3 Cup Sport \u2014 vai ter largada \u00e0s 13h20 (hor\u00e1rio de Bras\u00edlia) e contar\u00e1 com transmiss\u00e3o ao vivo pelo canal por assinatura SporTV 3.<\/p>\n\n\n\n<figure class=\"wp-block-embed-youtube wp-block-embed is-type-video is-provider-youtube wp-embed-aspect-16-9 wp-has-aspect-ratio\"><div class=\"wp-block-embed__wrapper\">\n<iframe loading=\"lazy\" title=\"LEWIS HAMILTON: document\u00e1rio AINDA ASSIM ME LEVANTO, Parte 3 | Doc. GP F1\" width=\"500\" height=\"281\" src=\"https:\/\/www.youtube.com\/embed\/tkeFQ-mJ0Vs?feature=oembed\" frameborder=\"0\" allow=\"accelerometer; autoplay; clipboard-write; encrypted-media; gyroscope; picture-in-picture; web-share\" referrerpolicy=\"strict-origin-when-cross-origin\" allowfullscreen><\/iframe>\n<\/div><\/figure>\n","protected":false},"excerpt":{"rendered":"<p>Com apenas 0s079 de vantagem para a dupla formada por Rouman Ziemkiewicz e Gabriel Casagrande, Miguel Paludo e Dennis Dirani faturaram a posi\u00e7\u00e3o de honra da derradeira prova da temporada 2020 na classe Carrera Cup. Na GT3 Cup, a surpresa ficou com o piloto de automobilismo virtual Jeff Giassi, pole ao lado de Enzo Elias e Dimas Pimenta<\/p>\n","protected":false},"author":0,"featured_media":1000440476,"comment_status":"closed","ping_status":"closed","sticky":false,"template":"","format":"standard","meta":{"42wp_featured_image_caption":"","42wp_featured_image_credits":"","42wp_featured_video":"","42wp_featured_image_hidden":false,"42wp_authors_list":[],"footnotes":""},"categories":[32],"tags":[499,504,24836,1587,2014,663,2013],"42wp_author":[47110],"class_list":["post-124726","post","type-post","status-publish","format-standard","has-post-thumbnail","hentry","category-porsche","tag-dennis-dirani","tag-felipe-massa","tag-grande-premio-2","tag-miguel-paludo","tag-porsche-carrera-cup","tag-porsche-cup","tag-werner-neugebauer","42wp_author-fernando-silva"],"_links":{"self":[{"href":"https:\/\/grandepremio.com\/br\/wp-json\/wp\/v2\/posts\/124726","targetHints":{"allow":["GET"]}}],"collection":[{"href":"https:\/\/grandepremio.com\/br\/wp-json\/wp\/v2\/posts"}],"about":[{"href":"https:\/\/grandepremio.com\/br\/wp-json\/wp\/v2\/types\/post"}],"replies":[{"embeddable":true,"href":"https:\/\/grandepremio.com\/br\/wp-json\/wp\/v2\/comments?post=124726"}],"version-history":[{"count":0,"href":"https:\/\/grandepremio.com\/br\/wp-json\/wp\/v2\/posts\/124726\/revisions"}],"wp:featuredmedia":[{"embeddable":true,"href":"https:\/\/grandepremio.com\/br\/wp-json\/wp\/v2\/media\/1000440476"}],"wp:attachment":[{"href":"https:\/\/grandepremio.com\/br\/wp-json\/wp\/v2\/media?parent=124726"}],"wp:term":[{"taxonomy":"category","embeddable":true,"href":"https:\/\/grandepremio.com\/br\/wp-json\/wp\/v2\/categories?post=124726"},{"taxonomy":"post_tag","embeddable":true,"href":"https:\/\/grandepremio.com\/br\/wp-json\/wp\/v2\/tags?post=124726"},{"taxonomy":"42wp_author","embeddable":true,"href":"https:\/\/grandepremio.com\/br\/wp-json\/wp\/v2\/42wp_author?post=124726"}],"curies":[{"name":"wp","href":"https:\/\/api.w.org\/{rel}","templated":true}]}}