{"id":124729,"date":"2020-12-05T18:42:37","date_gmt":"2020-12-05T21:42:37","guid":{"rendered":"https:\/\/grandepremio.com\/br\/noticias\/sebasten-ogier-encaminha-hepta-do-wrc-no-rali-de-monza-apos-acidente-de-evans\/"},"modified":"2020-12-05T18:45:34","modified_gmt":"2020-12-05T21:45:34","slug":"sebasten-ogier-encaminha-hepta-do-wrc-no-rali-de-monza-apos-acidente-de-evans","status":"publish","type":"post","link":"https:\/\/grandepremio.com\/br\/rally\/sebasten-ogier-encaminha-hepta-do-wrc-no-rali-de-monza-apos-acidente-de-evans\/","title":{"rendered":"Ogier encaminha hepta do WRC no Rali de Monza ap\u00f3s acidente de Evans"},"content":{"rendered":"\n<p class=\"wp-block-paragraph\">O franc\u00eas S\u00e9bastien Ogier est\u00e1 bem perto do s\u00e9timo t\u00edtulo mundial no WRC. L\u00edder do campeonato antes do Rali de Monza, a etapa final do campeonato, Elfyn Evans sofreu um acidente na estrada coberta de neve. Ele ocupava a terceira posi\u00e7\u00e3o at\u00e9 bater.<\/p>\n\n\n\n<p class=\"wp-block-paragraph\">Ogier e o espanhol Dani Sordo trocaram a lideran\u00e7a do rali durante o s\u00e1bado. A vantagem ficou com Ogier, que agora tem 17s de vantagem antes do domingo, que marca a final.<\/p>\n\n\n\n<p class=\"wp-block-paragraph\">&#8220;Vimos de uma curva a direita com curta frenagem e a superf\u00edcie mudou. Quando freei, era como se a pista fosse de vidro e n\u00e3o tinha chance de reduzir. Me pegou completamente de surpresa&#8221;, comentou o gal\u00eas Evans.<\/p>\n\n\n\n<figure class=\"wp-block-image size-large\"><img decoding=\"async\" src=\"https:\/\/www.grandepremio.com\/br\/wp-content\/uploads\/2020\/12\/Ogier_2-1024x576.jpeg\" alt=\"\" class=\"wp-image-440462\"\/><figcaption>S\u00e9bastien Ogier na lideran\u00e7a do Rali de Monza (Foto: WRC)<\/figcaption><\/figure>\n\n\n\n<p class=\"wp-block-paragraph\">O atual campe\u00e3o Ott T\u00e4nak fechou o s\u00e1bado na terceira posi\u00e7\u00e3o. Se ele e Sordo manterem o resultado, a Hyundai leva o t\u00edtulo das montadoras. Esapekka Lappi e Kalle Rovanper\u00e4 fecharam o top-5.<\/p>\n\n\n\n<p class=\"wp-block-paragraph\">O brit\u00e2nico Evans ainda sustenta 14 pontos de vantagem para Ogier no campeonato. Basta um terceiro lugar para o franc\u00eas da Toyota levar o t\u00edtulo. A disputa de domingo \u00e9 de tr\u00eas est\u00e1gios, que juntos correspondem a 38,31 km.<\/p>\n\n\n\n<figure class=\"wp-block-embed-youtube wp-block-embed is-type-video is-provider-youtube wp-embed-aspect-16-9 wp-has-aspect-ratio\"><div class=\"wp-block-embed__wrapper\">\n<iframe loading=\"lazy\" title=\"LEWIS HAMILTON: document\u00e1rio AINDA ASSIM ME LEVANTO, Parte 3 | Doc. GP F1\" width=\"500\" height=\"281\" src=\"https:\/\/www.youtube.com\/embed\/tkeFQ-mJ0Vs?start=9&amp;feature=oembed\" frameborder=\"0\" allow=\"accelerometer; autoplay; clipboard-write; encrypted-media; gyroscope; picture-in-picture; web-share\" referrerpolicy=\"strict-origin-when-cross-origin\" allowfullscreen><\/iframe>\n<\/div><\/figure>\n","protected":false},"excerpt":{"rendered":"<p>S\u00e9bastien Ogier est\u00e1 perto de recuperar a coroa de campe\u00e3o do WRC. Piloto lidera disputa na It\u00e1lia e ainda contou com abandono de Elfyn Evans<\/p>\n","protected":false},"author":0,"featured_media":1000440461,"comment_status":"closed","ping_status":"closed","sticky":false,"template":"","format":"standard","meta":{"42wp_featured_image_caption":"","42wp_featured_image_credits":"","42wp_featured_video":"","42wp_featured_image_hidden":false,"42wp_authors_list":[],"footnotes":""},"categories":[5],"tags":[3148,740,288,25327,26127,287],"42wp_author":[47119],"class_list":["post-124729","post","type-post","status-publish","format-standard","has-post-thumbnail","hentry","category-rally","tag-dani-sordo","tag-elfyn-evans","tag-mundial-de-rali","tag-ott-tanak-2","tag-sebastien-ogier-2","tag-wrc","42wp_author-gabriel-carvalho"],"_links":{"self":[{"href":"https:\/\/grandepremio.com\/br\/wp-json\/wp\/v2\/posts\/124729","targetHints":{"allow":["GET"]}}],"collection":[{"href":"https:\/\/grandepremio.com\/br\/wp-json\/wp\/v2\/posts"}],"about":[{"href":"https:\/\/grandepremio.com\/br\/wp-json\/wp\/v2\/types\/post"}],"replies":[{"embeddable":true,"href":"https:\/\/grandepremio.com\/br\/wp-json\/wp\/v2\/comments?post=124729"}],"version-history":[{"count":0,"href":"https:\/\/grandepremio.com\/br\/wp-json\/wp\/v2\/posts\/124729\/revisions"}],"wp:featuredmedia":[{"embeddable":true,"href":"https:\/\/grandepremio.com\/br\/wp-json\/wp\/v2\/media\/1000440461"}],"wp:attachment":[{"href":"https:\/\/grandepremio.com\/br\/wp-json\/wp\/v2\/media?parent=124729"}],"wp:term":[{"taxonomy":"category","embeddable":true,"href":"https:\/\/grandepremio.com\/br\/wp-json\/wp\/v2\/categories?post=124729"},{"taxonomy":"post_tag","embeddable":true,"href":"https:\/\/grandepremio.com\/br\/wp-json\/wp\/v2\/tags?post=124729"},{"taxonomy":"42wp_author","embeddable":true,"href":"https:\/\/grandepremio.com\/br\/wp-json\/wp\/v2\/42wp_author?post=124729"}],"curies":[{"name":"wp","href":"https:\/\/api.w.org\/{rel}","templated":true}]}}