{"id":124739,"date":"2020-12-05T15:29:28","date_gmt":"2020-12-05T18:29:28","guid":{"rendered":"https:\/\/grandepremio.com\/br\/noticias\/max-verstappen-exalta-classificacao-e-espera-largada-interessante-no-gp-de-sakhir\/"},"modified":"2020-12-05T15:29:38","modified_gmt":"2020-12-05T18:29:38","slug":"max-verstappen-exalta-classificacao-e-espera-largada-interessante-no-gp-de-sakhir","status":"publish","type":"post","link":"https:\/\/grandepremio.com\/br\/f1\/max-verstappen-exalta-classificacao-e-espera-largada-interessante-no-gp-de-sakhir\/","title":{"rendered":"Verstappen destaca 3\u00ba no grid e espera \u201clargada interessante\u201d no GP de Sakhir"},"content":{"rendered":"\n<p class=\"wp-block-paragraph\">Max Verstappen vai largar da terceira coloca\u00e7\u00e3o do GP de Sakhir da F\u00f3rmula 1. <a href=\"https:\/\/www.grandepremio.com\/br\/f1\/noticias\/valtteri-bottas-supera-george-russell-e-max-verstappen-e-crava-pole-do-gp-de-sakhir-de-f1\/\">Na classifica\u00e7\u00e3o deste s\u00e1bado (5)<\/a>, o holand\u00eas chegou a se colocar como o mais r\u00e1pido, mas acabou superado pela dupla da Mercedes e abre a segunda fila no Bahrein.<\/p>\n\n\n\n<p class=\"wp-block-paragraph\">O competidor da Red Bull andou bem por toda a classifica\u00e7\u00e3o da noite barenita. Inclusive, o piloto de 23 anos fechou o Q2 na primeira coloca\u00e7\u00e3o. J\u00e1 na \u00faltima fase da tomada de tempos, garantiu o posto ao ficar apenas 0s056 atr\u00e1s do pole-position.<\/p>\n\n\n\n<figure class=\"wp-block-image size-large\"><img decoding=\"async\" src=\"https:\/\/www.grandepremio.com\/br\/wp-content\/uploads\/2020\/12\/redbull-maxverstappen-03-1024x683.jpg\" alt=\"\" class=\"wp-image-440308\"\/><figcaption>Verstappen larga em terceiro no GP de Sakhir (Foto: AFP)<\/figcaption><\/figure>\n\n\n\n<p class=\"wp-block-paragraph\"><strong>Conhe\u00e7a o canal do Grande Pr\u00eamio no YouTube! Clique\u00a0<a rel=\"noreferrer noopener\" href=\"https:\/\/youtube.com\/GrandePremioTV\" target=\"_blank\">aqui<\/a>.<br>Siga o Grande Pr\u00eamio no\u00a0<a rel=\"noreferrer noopener\" href=\"https:\/\/twitter.com\/grandepremio\" target=\"_blank\">Twitter\u00a0<\/a>e no\u00a0<a rel=\"noreferrer noopener\" href=\"https:\/\/instagram.com\/grandepremio\" target=\"_blank\">Instagram<\/a>!<\/strong><\/p>\n\n\n\n<p class=\"wp-block-paragraph\">\u201cEstou satisfeito em estar em terceiro. Do nosso lado tivemos uma boa classifica\u00e7\u00e3o. \u00c9 uma volta muito curta e para estar em terceiro tentei ficar o mais pr\u00f3ximo poss\u00edvel [da Mercedes], mas foi mais apertado do que o normal e o layout explica isso\u201d, comentou em entrevista a Paul di Resta ap\u00f3s a classifica\u00e7\u00e3o.<\/p>\n\n\n\n<p class=\"wp-block-paragraph\">\u201cVamos come\u00e7ar com pneus diferentes [da Mercedes], ent\u00e3o, vai ser interessante ver como vai ser. Ansioso por amanh\u00e3. Qualquer coisa \u00e9 poss\u00edvel, mas vamos descobrir amanh\u00e3. As voltas foram muito pr\u00f3ximas. Vai depender das largadas e como lidamos com o tr\u00e1fego, mas n\u00e3o vai ser f\u00e1cil\u201d, completou o competidor.<\/p>\n\n\n\n<p class=\"wp-block-paragraph\">Quem sai da primeira posi\u00e7\u00e3o do grid \u00e9 Valtteri Bottas ap\u00f3s anotar a marca de 53s337. George Russell larga ao lado do finland\u00eas, com Charles Leclerc completando a segunda fila em Sakhir.<\/p>\n\n\n\n<figure class=\"wp-block-embed-youtube wp-block-embed is-type-video is-provider-youtube wp-embed-aspect-16-9 wp-has-aspect-ratio\"><div class=\"wp-block-embed__wrapper\">\n<iframe loading=\"lazy\" title=\"LEWIS HAMILTON: document\u00e1rio AINDA ASSIM ME LEVANTO, Parte 3 | Doc. GP F1\" width=\"500\" height=\"281\" src=\"https:\/\/www.youtube.com\/embed\/tkeFQ-mJ0Vs?feature=oembed\" frameborder=\"0\" allow=\"accelerometer; autoplay; clipboard-write; encrypted-media; gyroscope; picture-in-picture; web-share\" referrerpolicy=\"strict-origin-when-cross-origin\" allowfullscreen><\/iframe>\n<\/div><\/figure>\n","protected":false},"excerpt":{"rendered":"<p>O holand\u00eas chegou a liderar a classifica\u00e7\u00e3o, mas com tempo 0s056 mais lento que o pole Valtteri Bottas, \u00e9 quem abre a segunda fila do grid no Bahrein<\/p>\n","protected":false},"author":0,"featured_media":1000440009,"comment_status":"closed","ping_status":"closed","sticky":false,"template":"","format":"standard","meta":{"42wp_featured_image_caption":"","42wp_featured_image_credits":"","42wp_featured_video":"","42wp_featured_image_hidden":false,"42wp_authors_list":[],"footnotes":""},"categories":[2],"tags":[147,118,24837,24860,26042,24859,24861,203],"42wp_author":[47123],"class_list":["post-124739","post","type-post","status-publish","format-standard","has-post-thumbnail","hentry","category-f1","tag-f1","tag-f1-2020","tag-formula-1-2","tag-formula-1-2020-2","tag-gp-de-sakhir","tag-horario-f1-2020","tag-horario-formula-1-2020","tag-max-verstappen","42wp_author-nathalia-de-vivo"],"_links":{"self":[{"href":"https:\/\/grandepremio.com\/br\/wp-json\/wp\/v2\/posts\/124739","targetHints":{"allow":["GET"]}}],"collection":[{"href":"https:\/\/grandepremio.com\/br\/wp-json\/wp\/v2\/posts"}],"about":[{"href":"https:\/\/grandepremio.com\/br\/wp-json\/wp\/v2\/types\/post"}],"replies":[{"embeddable":true,"href":"https:\/\/grandepremio.com\/br\/wp-json\/wp\/v2\/comments?post=124739"}],"version-history":[{"count":0,"href":"https:\/\/grandepremio.com\/br\/wp-json\/wp\/v2\/posts\/124739\/revisions"}],"wp:featuredmedia":[{"embeddable":true,"href":"https:\/\/grandepremio.com\/br\/wp-json\/wp\/v2\/media\/1000440009"}],"wp:attachment":[{"href":"https:\/\/grandepremio.com\/br\/wp-json\/wp\/v2\/media?parent=124739"}],"wp:term":[{"taxonomy":"category","embeddable":true,"href":"https:\/\/grandepremio.com\/br\/wp-json\/wp\/v2\/categories?post=124739"},{"taxonomy":"post_tag","embeddable":true,"href":"https:\/\/grandepremio.com\/br\/wp-json\/wp\/v2\/tags?post=124739"},{"taxonomy":"42wp_author","embeddable":true,"href":"https:\/\/grandepremio.com\/br\/wp-json\/wp\/v2\/42wp_author?post=124739"}],"curies":[{"name":"wp","href":"https:\/\/api.w.org\/{rel}","templated":true}]}}