{"id":124747,"date":"2020-12-05T12:06:17","date_gmt":"2020-12-05T15:06:17","guid":{"rendered":"https:\/\/grandepremio.com\/br\/noticias\/mick-schumacher-mantem-14-pontos-de-vantagem-e-coloca-mao-no-titulo-da-f2-confira-classificacao\/"},"modified":"2020-12-05T12:06:31","modified_gmt":"2020-12-05T15:06:31","slug":"mick-schumacher-mantem-14-pontos-de-vantagem-e-coloca-mao-no-titulo-da-f2-confira-classificacao","status":"publish","type":"post","link":"https:\/\/grandepremio.com\/br\/f2\/mick-schumacher-mantem-14-pontos-de-vantagem-e-coloca-mao-no-titulo-da-f2-confira-classificacao\/","title":{"rendered":"Schumacher mant\u00e9m 14 pontos de vantagem e fica perto do t\u00edtulo na F2. Confira classifica\u00e7\u00e3o"},"content":{"rendered":"\n<p class=\"wp-block-paragraph\"><a href=\"https:\/\/www.grandepremio.com\/br\/f2\/noticias\/tsunoda-vence-corrida-1-insana-em-sakhir-schumacher-e-7o-e-poe-mao-na-taca\/\">A corrida movimentada da F\u00f3rmula 2 no anel externo do Bahrein<\/a>, realizada nesta manh\u00e3 de s\u00e1bado (5) aproximou o alem\u00e3o Mick Schumacher, da Prema, do t\u00edtulo em cima do ingl\u00eas Callum Ilott, da UNI-Virtuosi.<\/p>\n\n\n\n<p class=\"wp-block-paragraph\">Com a incr\u00edvel recupera\u00e7\u00e3o na prova de s\u00e1bado, largando de 18\u00ba e chegando em 7\u00ba, Schumacher alcan\u00e7ou 213 pontos. Ilott foi sexto colocado e agora tem 199 pontos. Apesar de cortar um pouco da vantagem, a dist\u00e2ncia de 14 tentos deixa o futuro piloto da Haas com uma m\u00e3o na ta\u00e7a.<\/p>\n\n\n\n<figure class=\"wp-block-image size-large\"><img decoding=\"async\" src=\"https:\/\/www.grandepremio.com\/br\/wp-content\/uploads\/2020\/12\/F2_Schumacher-1024x576.jpg\" alt=\"\" class=\"wp-image-440026\"\/><figcaption>Schumacher est\u00e1 mais pr\u00f3ximo do t\u00edtulo de 2020 (Foto: Reprodu\u00e7\u00e3o)<\/figcaption><\/figure>\n\n\n\n<p class=\"wp-block-paragraph\"><strong>Conhe\u00e7a o canal do Grande Pr\u00eamio no YouTube! Clique\u00a0<a href=\"https:\/\/youtube.com\/GrandePremioTV\" target=\"_blank\" rel=\"noreferrer noopener\">aqui<\/a>.<br>Siga o Grande Pr\u00eamio no\u00a0<a href=\"https:\/\/twitter.com\/grandepremio\" target=\"_blank\" rel=\"noreferrer noopener\">Twitter\u00a0<\/a>e no\u00a0<a href=\"https:\/\/instagram.com\/grandepremio\" target=\"_blank\" rel=\"noreferrer noopener\">Instagram<\/a>!<\/strong><\/p>\n\n\n\n<p class=\"wp-block-paragraph\">Vencedor da corrida de s\u00e1bado, o japon\u00eas Yuki Tsunoda, da Carlin, deu um importante passo para conquistar a superlicen\u00e7a. Ele carrega nove pontos de vantagem para o russo Nikita Mazepin na briga pelo top-3.<\/p>\n\n\n\n<p class=\"wp-block-paragraph\">Quarto colocado no s\u00e1bado, o brasileiro Felipe Drugovich, da MP Motorsport, se consolidou na nona posi\u00e7\u00e3o.<\/p>\n\n\n\n<h3 class=\"wp-block-heading\">F\u00f3rmula 2, GP de Sakhir, classifica\u00e7\u00e3o do capeonato<\/h3>\n\n\n\n<figure class=\"wp-block-table\"><table><tbody><tr><td>&nbsp;<\/td><td>&nbsp;<\/td><td>&nbsp;<\/td><td>VIT\u00d3RIAS<\/td><td>PONTOS<\/td><\/tr><tr><td>1<\/td><td>M SCHUMACHER<\/td><td>Prema<\/td><td>2<\/td><td>213<\/td><\/tr><tr><td>2<\/td><td>C ILOTT<\/td><td>UNI-Virtuosi<\/td><td>3<\/td><td>199<\/td><\/tr><tr><td>3<\/td><td>Y TSUNODA<\/td><td>Carlin<\/td><td>3<\/td><td>186<\/td><\/tr><tr><td>4<\/td><td>N MAZEPIN<\/td><td>Hitech<\/td><td>2<\/td><td>177<\/td><\/tr><tr><td>5<\/td><td>R SHWARTZMAN<\/td><td>Prema<\/td><td>4<\/td><td>169<\/td><\/tr><tr><td>6<\/td><td>C LUNDGAARD<\/td><td>ART<\/td><td>2<\/td><td>149<\/td><\/tr><tr><td>7<\/td><td>G ZHOU<\/td><td>UNI-Virtuosi<\/td><td>1<\/td><td>143.5<\/td><\/tr><tr><td>8<\/td><td>L DEL\u00c9TRAZ<\/td><td>Charouz<\/td><td>&#8211;<\/td><td>134<\/td><\/tr><tr><td>9<\/td><td>F DRUGOVICH<\/td><td>MP&nbsp;<\/td><td>3<\/td><td>117<\/td><\/tr><tr><td>10<\/td><td>L GHIOTTO<\/td><td>Hitech<\/td><td>1<\/td><td>104<\/td><\/tr><tr><td>11<\/td><td>D TICKTUM<\/td><td>DAMS<\/td><td>1<\/td><td>84.5<\/td><\/tr><tr><td>12<\/td><td>J DARUVALA<\/td><td>Carlin<\/td><td>&#8211;<\/td><td>55<\/td><\/tr><tr><td>13<\/td><td>M ARMSTRONG<\/td><td>ART<\/td><td>&#8211;<\/td><td>52<\/td><\/tr><tr><td>14<\/td><td>J AITKEN<\/td><td>Campos<\/td><td>&#8211;<\/td><td>48<\/td><\/tr><tr><td>15<\/td><td>N MATSUSHITA<\/td><td>MP<\/td><td>1<\/td><td>42<\/td><\/tr><tr><td>16<\/td><td>J VIPS<\/td><td>DAMS<\/td><td>&#8211;<\/td><td>16<\/td><\/tr><tr><td>17<\/td><td>G ALESI<\/td><td>MP<\/td><td>&#8211;<\/td><td>8<\/td><\/tr><tr><td>18<\/td><td>A MARKELOV<\/td><td>HWA<\/td><td>&#8211;<\/td><td>5<\/td><\/tr><tr><td>19<\/td><td>R NISSANY<\/td><td>Tirdent<\/td><td>&#8211;<\/td><td>5<\/td><\/tr><tr><td>20<\/td><td>P PIQUET<\/td><td>Charouz<\/td><td>&#8211;<\/td><td>3<\/td><\/tr><tr><td>21<\/td><td>S GELAEL<\/td><td>DAMS<\/td><td>&#8211;<\/td><td>3<\/td><\/tr><tr><td>22<\/td><td>M SATO<\/td><td>Trident<\/td><td>&#8211;<\/td><td>1<\/td><\/tr><tr><td>23<\/td><td>J HUGHES<\/td><td>Campos<\/td><td>&#8211;<\/td><td>0<\/td><\/tr><tr><td>24<\/td><td>G SAMAIA<\/td><td>Campos<\/td><td>&#8211;<\/td><td>0<\/td><\/tr><tr><td>25<\/td><td>R BOSCHUNG<\/td><td>Campos<\/td><td>&#8211;<\/td><td>0<\/td><\/tr><tr><td>26<\/td><td>T POURCHAIRE<\/td><td>HWA<\/td><td>&#8211;<\/td><td>0<\/td><\/tr><\/tbody><\/table><\/figure>\n\n\n\n<figure class=\"wp-block-embed-youtube wp-block-embed is-type-video is-provider-youtube wp-embed-aspect-16-9 wp-has-aspect-ratio\"><div class=\"wp-block-embed__wrapper\">\n<iframe loading=\"lazy\" title=\"LEWIS HAMILTON: document\u00e1rio AINDA ASSIM ME LEVANTO, Parte 3 | Doc. GP F1\" width=\"500\" height=\"281\" src=\"https:\/\/www.youtube.com\/embed\/tkeFQ-mJ0Vs?feature=oembed\" frameborder=\"0\" allow=\"accelerometer; autoplay; clipboard-write; encrypted-media; gyroscope; picture-in-picture; web-share\" referrerpolicy=\"strict-origin-when-cross-origin\" allowfullscreen><\/iframe>\n<\/div><\/figure>\n","protected":false},"excerpt":{"rendered":"<p>O alem\u00e3o da Prema terminou a corrida em s\u00e9timo, mas foi o suficiente para aproximar o competidor ainda mais do t\u00edtulo da F\u00f3rmula 2<\/p>\n","protected":false},"author":0,"featured_media":1000440266,"comment_status":"closed","ping_status":"closed","sticky":false,"template":"","format":"standard","meta":{"42wp_featured_image_caption":"","42wp_featured_image_credits":"","42wp_featured_video":"","42wp_featured_image_hidden":false,"42wp_authors_list":[],"footnotes":""},"categories":[9],"tags":[24951,25932,26042,1294],"42wp_author":[47119],"class_list":["post-124747","post","type-post","status-publish","format-standard","has-post-thumbnail","hentry","category-f2","tag-formula-2-2","tag-formula-2-2020-3","tag-gp-de-sakhir","tag-mick-schumacher","42wp_author-gabriel-carvalho"],"_links":{"self":[{"href":"https:\/\/grandepremio.com\/br\/wp-json\/wp\/v2\/posts\/124747","targetHints":{"allow":["GET"]}}],"collection":[{"href":"https:\/\/grandepremio.com\/br\/wp-json\/wp\/v2\/posts"}],"about":[{"href":"https:\/\/grandepremio.com\/br\/wp-json\/wp\/v2\/types\/post"}],"replies":[{"embeddable":true,"href":"https:\/\/grandepremio.com\/br\/wp-json\/wp\/v2\/comments?post=124747"}],"version-history":[{"count":0,"href":"https:\/\/grandepremio.com\/br\/wp-json\/wp\/v2\/posts\/124747\/revisions"}],"wp:featuredmedia":[{"embeddable":true,"href":"https:\/\/grandepremio.com\/br\/wp-json\/wp\/v2\/media\/1000440266"}],"wp:attachment":[{"href":"https:\/\/grandepremio.com\/br\/wp-json\/wp\/v2\/media?parent=124747"}],"wp:term":[{"taxonomy":"category","embeddable":true,"href":"https:\/\/grandepremio.com\/br\/wp-json\/wp\/v2\/categories?post=124747"},{"taxonomy":"post_tag","embeddable":true,"href":"https:\/\/grandepremio.com\/br\/wp-json\/wp\/v2\/tags?post=124747"},{"taxonomy":"42wp_author","embeddable":true,"href":"https:\/\/grandepremio.com\/br\/wp-json\/wp\/v2\/42wp_author?post=124747"}],"curies":[{"name":"wp","href":"https:\/\/api.w.org\/{rel}","templated":true}]}}