{"id":124775,"date":"2020-12-04T12:09:29","date_gmt":"2020-12-04T15:09:29","guid":{"rendered":"https:\/\/grandepremio.com\/br\/noticias\/callum-ilott-elogia-e-diz-que-equipes-de-formula-1-deveriam-prestar-atencao-em-rapido-felipe-drugovich\/"},"modified":"2020-12-04T12:09:36","modified_gmt":"2020-12-04T15:09:36","slug":"callum-ilott-elogia-e-diz-que-equipes-de-formula-1-deveriam-prestar-atencao-em-rapido-felipe-drugovich","status":"publish","type":"post","link":"https:\/\/grandepremio.com\/br\/f2\/callum-ilott-elogia-e-diz-que-equipes-de-formula-1-deveriam-prestar-atencao-em-rapido-felipe-drugovich\/","title":{"rendered":"Ilott elogia e diz que \u201cequipes da F1 deveriam prestar aten\u00e7\u00e3o\u201d em r\u00e1pido Drugovich"},"content":{"rendered":"\n<p class=\"wp-block-paragraph\">Callum Ilot teceu elogiosas palavras sobre Felipe Drugovich. O vice-l\u00edder da F\u00f3rmula 2 destacou como o brasileiro \u00e9 bastante veloz e deixou a dica de que \u00e9 algu\u00e9m para se prestar aten\u00e7\u00e3o na pr\u00f3xima temporada.<\/p>\n\n\n\n<p class=\"wp-block-paragraph\">Na \u00faltima semana, no Bahrein, o competidor da MP Motorsport, estreante na categoria de acesso \u00e0 F\u00f3rmula 1, <a href=\"https:\/\/www.grandepremio.com\/br\/f2\/noticias\/drugovich-coroa-temporada-de-estreia-surpreendente-com-grande-vitoria-no-bahrein\/\">conseguiu sua primeira vit\u00f3ria na corrida principal do fim de semana<\/a>. Ap\u00f3s largar em segundo, <a href=\"https:\/\/www.grandepremio.com\/br\/f2\/noticias\/drugovich-coroa-grande-jornada-com-vitoria-na-corrida-1-da-formula-2-no-bahrein\/\">superou o advers\u00e1rio da UNI-Virtuosi nas primeiras curvas e manteve o bom ritmo para cruzar a linha de chegada na frente.<\/a><\/p>\n\n\n\n<p class=\"wp-block-paragraph\">\u201c[Drugovich] \u00c9 muito r\u00e1pido. Algu\u00e9m definitivamente \u00e9 algu\u00e9m para se olhar no pr\u00f3ximo ano, e tamb\u00e9m para <a href=\"https:\/\/www.grandepremio.com\/br\/f2\/noticias\/sonho-de-formula-1-ainda-e-cedo-para-felipe-drugovich-que-tem-boas-opcoes-para-2021\/\">algumas equipes de F1<\/a> que \u00e0s vezes nos escutam, acho que deveriam prestar aten\u00e7\u00e3o nele, para ser honesto\u201d, disse Ilot ap\u00f3s a corrida.<\/p>\n\n\n\n<figure class=\"wp-block-image size-large\"><img decoding=\"async\" src=\"https:\/\/www.grandepremio.com\/br\/wp-content\/uploads\/2020\/08\/381887_943405_felipe_drugovich504___dutch_photo_agency-1024x682.jpg\" alt=\"\" class=\"wp-image-408031\"\/><figcaption>Ilot tratou de elogiar o r\u00e1pido Drugovich (Foto: Dutch Photo Agency)<\/figcaption><\/figure>\n\n\n\n<p class=\"wp-block-paragraph\"><strong>Conhe\u00e7a o canal do Grande Pr\u00eamio no YouTube! Clique\u00a0<a href=\"https:\/\/youtube.com\/GrandePremioTV\" target=\"_blank\" rel=\"noreferrer noopener\">aqui<\/a>.<br>Siga o Grande Pr\u00eamio no\u00a0<a href=\"https:\/\/twitter.com\/grandepremio\" target=\"_blank\" rel=\"noreferrer noopener\">Twitter\u00a0<\/a>e no\u00a0<a href=\"https:\/\/instagram.com\/grandepremio\" target=\"_blank\" rel=\"noreferrer noopener\">Instagram<\/a>!<\/strong><\/p>\n\n\n\n<p class=\"wp-block-paragraph\">Ap\u00f3s 22 corridas disputadas em 2020, o paranaense soma tr\u00eas p\u00f3dios, todos eles com vit\u00f3rias. No teste p\u00f3s-temporada que acontece na pr\u00f3xima semana, em Sakhir, Drugovich vai assumir o carro de Callum.<\/p>\n\n\n\n<p class=\"wp-block-paragraph\">Na \u00faltima semana, o pupilo da Academia de Jovens Pilotos da Ferrari postou em suas redes sociais confirmando que n\u00e3o ir\u00e1 para a F1 no pr\u00f3ximo campeonato, mas que \u201cvou fazer o poss\u00edvel para estar no grid em 2022\u201d.<\/p>\n\n\n\n<p class=\"wp-block-paragraph\">A F\u00f3rmula 2 vai definir a temporada neste final de semana. O ingl\u00eas ocupa a segunda coloca\u00e7\u00e3o da classifica\u00e7\u00e3o com 191 pontos, 14 a menos que Mick Schumacher, l\u00edder da tabela e que foi confirmado na Haas para 2021.<\/p>\n\n\n\n<figure class=\"wp-block-embed-youtube wp-block-embed is-type-video is-provider-youtube wp-embed-aspect-16-9 wp-has-aspect-ratio\"><div class=\"wp-block-embed__wrapper\">\n<iframe loading=\"lazy\" title=\"LEWIS HAMILTON: document\u00e1rio AINDA ASSIM ME LEVANTO, Parte 3 | Doc. GP F1\" width=\"500\" height=\"281\" src=\"https:\/\/www.youtube.com\/embed\/tkeFQ-mJ0Vs?feature=oembed\" frameborder=\"0\" allow=\"accelerometer; autoplay; clipboard-write; encrypted-media; gyroscope; picture-in-picture; web-share\" referrerpolicy=\"strict-origin-when-cross-origin\" allowfullscreen><\/iframe>\n<\/div><\/figure>\n","protected":false},"excerpt":{"rendered":"<p>O vice-l\u00edder da temporada 2020 da F\u00f3rmula 2 tratou de tecer elogios ao brasileiro, destacando ser um nome para se prestar aten\u00e7\u00e3o no campeonato do pr\u00f3ximo ano<\/p>\n","protected":false},"author":0,"featured_media":1000438650,"comment_status":"closed","ping_status":"closed","sticky":false,"template":"","format":"standard","meta":{"42wp_featured_image_caption":"","42wp_featured_image_credits":"","42wp_featured_video":"","42wp_featured_image_hidden":false,"42wp_authors_list":[],"footnotes":""},"categories":[9],"tags":[1848,1024,24837,24951,25932],"42wp_author":[47123],"class_list":["post-124775","post","type-post","status-publish","format-standard","has-post-thumbnail","hentry","category-f2","tag-callum-ilott","tag-felipe-drugovich","tag-formula-1-2","tag-formula-2-2","tag-formula-2-2020-3","42wp_author-nathalia-de-vivo"],"_links":{"self":[{"href":"https:\/\/grandepremio.com\/br\/wp-json\/wp\/v2\/posts\/124775","targetHints":{"allow":["GET"]}}],"collection":[{"href":"https:\/\/grandepremio.com\/br\/wp-json\/wp\/v2\/posts"}],"about":[{"href":"https:\/\/grandepremio.com\/br\/wp-json\/wp\/v2\/types\/post"}],"replies":[{"embeddable":true,"href":"https:\/\/grandepremio.com\/br\/wp-json\/wp\/v2\/comments?post=124775"}],"version-history":[{"count":0,"href":"https:\/\/grandepremio.com\/br\/wp-json\/wp\/v2\/posts\/124775\/revisions"}],"wp:featuredmedia":[{"embeddable":true,"href":"https:\/\/grandepremio.com\/br\/wp-json\/wp\/v2\/media\/1000438650"}],"wp:attachment":[{"href":"https:\/\/grandepremio.com\/br\/wp-json\/wp\/v2\/media?parent=124775"}],"wp:term":[{"taxonomy":"category","embeddable":true,"href":"https:\/\/grandepremio.com\/br\/wp-json\/wp\/v2\/categories?post=124775"},{"taxonomy":"post_tag","embeddable":true,"href":"https:\/\/grandepremio.com\/br\/wp-json\/wp\/v2\/tags?post=124775"},{"taxonomy":"42wp_author","embeddable":true,"href":"https:\/\/grandepremio.com\/br\/wp-json\/wp\/v2\/42wp_author?post=124775"}],"curies":[{"name":"wp","href":"https:\/\/api.w.org\/{rel}","templated":true}]}}