{"id":124795,"date":"2020-12-03T11:23:00","date_gmt":"2020-12-03T14:23:00","guid":{"rendered":"https:\/\/grandepremio.com\/br\/noticias\/pietro-fittipaldi-molda-assento-da-haas-para-estreia-no-gp-de-sakhir\/"},"modified":"2020-12-03T11:23:08","modified_gmt":"2020-12-03T14:23:08","slug":"pietro-fittipaldi-molda-assento-da-haas-para-estreia-no-gp-de-sakhir","status":"publish","type":"post","link":"https:\/\/grandepremio.com\/br\/f1\/pietro-fittipaldi-molda-assento-da-haas-para-estreia-no-gp-de-sakhir\/","title":{"rendered":"FOTO: Fittipaldi molda assento da Haas para estreia no GP de Sakhir de F\u00f3rmula 1"},"content":{"rendered":"\n<p class=\"wp-block-paragraph\">Pietro Fittipaldi est\u00e1 com a prepara\u00e7\u00e3o a todo vapor com a Haas para o GP do Sakhir. Antes do in\u00edcio das atividades do final de semana, o brasileiro j\u00e1 sentou no VF-20 para moldar o assento para sua estreia na F\u00f3rmula 1.<\/p>\n\n\n\n<p class=\"wp-block-paragraph\">No GP do Bahrein, primeiro da rodada dupla no circuito barenita, Romain Grosjean sofreu um grave acidente. O franc\u00eas escapou da pista e chocou-se conta o guard-rail, que cortou seu carro no meio. Apesar das impressionantes imagens, o piloto apenas sofreu queimaduras nas m\u00e3os e segue a recupera\u00e7\u00e3o em casa.<\/p>\n\n\n\n<p class=\"wp-block-paragraph\">Portanto, n\u00e3o pode alinhar pela equipe norte-americana na pen\u00faltima etapa da temporada 2020. Com isso, o time chefiado por G\u00fcnther Steiner <a href=\"https:\/\/www.grandepremio.com\/br\/f1\/noticias\/haas-confirma-fittipaldi-no-lugar-de-grosjean-em-sakhir-e-brasil-volta-a-ter-piloto-na-f1\/\">convocou Pietro para a prova<\/a> \u2013 atualmente, assume a fun\u00e7\u00e3o de piloto reserva do time.<\/p>\n\n\n\n<figure class=\"wp-block-image size-large\"><img decoding=\"async\" src=\"https:\/\/www.grandepremio.com\/br\/wp-content\/uploads\/2020\/12\/EoUBHlGW4AIibZN-1024x1015.jpg\" alt=\"\" class=\"wp-image-439832\"\/><figcaption>Fittipaldi j\u00e1 familiarizado nos boxes da Haas (Foto: Haas)<\/figcaption><\/figure>\n\n\n\n<p class=\"wp-block-paragraph\"><strong><br>Conhe\u00e7a o canal do Grande Pr\u00eamio no YouTube! Clique\u00a0<a rel=\"noreferrer noopener\" href=\"https:\/\/youtube.com\/GrandePremioTV\" target=\"_blank\">aqui<\/a>.<br>Siga o Grande Pr\u00eamio no\u00a0<a rel=\"noreferrer noopener\" href=\"https:\/\/twitter.com\/grandepremio\" target=\"_blank\">Twitter\u00a0<\/a>e no\u00a0<a rel=\"noreferrer noopener\" href=\"https:\/\/instagram.com\/grandepremio\" target=\"_blank\">Instagram<\/a>!<\/strong><\/p>\n\n\n\n<p class=\"wp-block-paragraph\">Em sua rede social, a Haas compartilhou as fotos do neto de Emerson ajustando o banco do carro com a legenda de \u201cPietro completou o molde na tarde de ontem, no circuito. Vai sentir o gosto de um fim de semana da F1 no primeiro treino livre da sexta-feira\u201d.<\/p>\n\n\n\n<p class=\"wp-block-paragraph\">A entrada do brasileiro no grid deste final de semana<a href=\"https:\/\/www.grandepremio.com\/br\/f1\/noticias\/primeiro-neto-e-familia-recordista-as-marcas-alcancadas-com-fittipaldi-na-haas\/\"> marca o quarto representante do cl\u00e3 Fittipaldi na categoria<\/a> \u2013 primeiro neto de piloto. Ainda, o competidor \u00e9 o 32\u00ba que corre com as cores da bandeira do Brasil.<\/p>\n\n\n\n<p class=\"wp-block-paragraph\">Fittipaldi, palmeirense e que <a href=\"https:\/\/www.grandepremio.com\/br\/f1\/noticias\/haas-confirma-51-como-numero-de-fittipaldi-para-estreia-na-formula-1\/\">escolheu correr com o #51<\/a>, aproveitou para agradecer a oportunidade oferecida pela Haas. \u201cVai ser muito empolgante fazer minha primeira corrida na F\u00f3rmula 1 e vou dar o m\u00e1ximo\u201d, <a href=\"https:\/\/www.grandepremio.com\/br\/f1\/noticias\/extremamente-grato-fittipaldi-promete-dar-o-maximo-em-estreia-na-formula-1\/\">chegou a dizer.<\/a><\/p>\n\n\n\n\n\n<figure class=\"wp-block-embed-youtube wp-block-embed is-type-video is-provider-youtube wp-embed-aspect-16-9 wp-has-aspect-ratio\"><div class=\"wp-block-embed__wrapper\">\n<iframe loading=\"lazy\" title=\"PIETRO FITTIPALDI na F1: o que esperar do brasileiro em Sakhir? | Briefing\" width=\"500\" height=\"281\" src=\"https:\/\/www.youtube.com\/embed\/v38sjROyNWc?feature=oembed\" frameborder=\"0\" allow=\"accelerometer; autoplay; clipboard-write; encrypted-media; gyroscope; picture-in-picture; web-share\" referrerpolicy=\"strict-origin-when-cross-origin\" allowfullscreen><\/iframe>\n<\/div><\/figure>\n","protected":false},"excerpt":{"rendered":"<p>Na tarde da quarta-feira, no circuito de Sakhir, o brasileiro sentou no VF-20 da equipe norte-americana para ajustar o banco para a prova do final de semana<\/p>\n","protected":false},"author":0,"featured_media":1000439831,"comment_status":"closed","ping_status":"closed","sticky":false,"template":"","format":"standard","meta":{"42wp_featured_image_caption":"","42wp_featured_image_credits":"","42wp_featured_video":"","42wp_featured_image_hidden":false,"42wp_authors_list":[],"footnotes":""},"categories":[2],"tags":[147,118,24837,24860,119,24859,24861,408],"42wp_author":[47123],"class_list":["post-124795","post","type-post","status-publish","format-standard","has-post-thumbnail","hentry","category-f1","tag-f1","tag-f1-2020","tag-formula-1-2","tag-formula-1-2020-2","tag-haas","tag-horario-f1-2020","tag-horario-formula-1-2020","tag-pietro-fittipaldi","42wp_author-nathalia-de-vivo"],"_links":{"self":[{"href":"https:\/\/grandepremio.com\/br\/wp-json\/wp\/v2\/posts\/124795","targetHints":{"allow":["GET"]}}],"collection":[{"href":"https:\/\/grandepremio.com\/br\/wp-json\/wp\/v2\/posts"}],"about":[{"href":"https:\/\/grandepremio.com\/br\/wp-json\/wp\/v2\/types\/post"}],"replies":[{"embeddable":true,"href":"https:\/\/grandepremio.com\/br\/wp-json\/wp\/v2\/comments?post=124795"}],"version-history":[{"count":0,"href":"https:\/\/grandepremio.com\/br\/wp-json\/wp\/v2\/posts\/124795\/revisions"}],"wp:featuredmedia":[{"embeddable":true,"href":"https:\/\/grandepremio.com\/br\/wp-json\/wp\/v2\/media\/1000439831"}],"wp:attachment":[{"href":"https:\/\/grandepremio.com\/br\/wp-json\/wp\/v2\/media?parent=124795"}],"wp:term":[{"taxonomy":"category","embeddable":true,"href":"https:\/\/grandepremio.com\/br\/wp-json\/wp\/v2\/categories?post=124795"},{"taxonomy":"post_tag","embeddable":true,"href":"https:\/\/grandepremio.com\/br\/wp-json\/wp\/v2\/tags?post=124795"},{"taxonomy":"42wp_author","embeddable":true,"href":"https:\/\/grandepremio.com\/br\/wp-json\/wp\/v2\/42wp_author?post=124795"}],"curies":[{"name":"wp","href":"https:\/\/api.w.org\/{rel}","templated":true}]}}