{"id":124802,"date":"2020-12-03T09:44:49","date_gmt":"2020-12-03T12:44:49","guid":{"rendered":"https:\/\/grandepremio.com\/br\/noticias\/renault-escala-fernando-alonso-e-zhou-para-teste-de-pos-temporada-da-formula-1-em-abu-dhabi\/"},"modified":"2020-12-03T15:50:42","modified_gmt":"2020-12-03T18:50:42","slug":"renault-escala-fernando-alonso-e-zhou-para-teste-de-pos-temporada-da-formula-1-em-abu-dhabi","status":"publish","type":"post","link":"https:\/\/grandepremio.com\/br\/f1\/renault-escala-fernando-alonso-e-zhou-para-teste-de-pos-temporada-da-formula-1-em-abu-dhabi\/","title":{"rendered":"Renault escala Alonso e Zhou para teste de p\u00f3s-temporada da F\u00f3rmula 1 em Abu Dhabi"},"content":{"rendered":"\n<figure class=\"wp-block-embed-youtube wp-block-embed is-type-video is-provider-youtube wp-embed-aspect-16-9 wp-has-aspect-ratio\"><div class=\"wp-block-embed__wrapper\">\n<iframe loading=\"lazy\" title=\"George RUSSELL substitui Lewis HAMILTON na MERCEDES: o que esperar? | GP \u00e0s 10\" width=\"500\" height=\"281\" src=\"https:\/\/www.youtube.com\/embed\/CQ4IdNoSoLQ?feature=oembed\" frameborder=\"0\" allow=\"accelerometer; autoplay; clipboard-write; encrypted-media; gyroscope; picture-in-picture; web-share\" referrerpolicy=\"strict-origin-when-cross-origin\" allowfullscreen><\/iframe>\n<\/div><\/figure>\n\n\n\n<p class=\"wp-block-paragraph\">Acabou o suspense. <a href=\"https:\/\/www.grandepremio.com\/br\/f1\/noticias\/fia-da-luz-verde-para-renault-escalar-fernando-alonso-no-teste-de-novatos-de-abu-dhabi\/\">Ap\u00f3s a luz verde da FIA<\/a>, Fernando Alonso vai participar do teste coletivo de p\u00f3s-temporada em Abu Dhabi. O espanhol, que volta ao grid da F\u00f3rmula 1 em 2021, vai finalmente ter a oportunidade de andar de verdade com o carro atual da categoria, na sess\u00e3o que era conhecida como apenas para novatos. A confirma\u00e7\u00e3o da Renault veio nesta quinta-feira (3), com o bicampe\u00e3o dividindo as tarefas com o chin\u00eas Guanyu Zhou, da F2.<\/p>\n\n\n\n<p class=\"wp-block-paragraph\">Como o teste de 15 de dezembro era para pilotos jovens, equipes como McLaren e Haas entendiam que Alonso n\u00e3o se encaixava, por ser um piloto de longa carreira na F1, ainda que fora do grid h\u00e1 dois anos.<\/p>\n\n\n\n<p class=\"wp-block-paragraph\">No fim das contas, por\u00e9m, os testes contam com diferentes regras agora em rela\u00e7\u00e3o ao ano passado. Os \u00fanicos pilotos verdadeiramente bloqueados s\u00e3o aqueles sem contrato v\u00e1lido para a temporada 2020 com alguma equipe. Assim, n\u00e3o somente Alonso, mas Robert Kubica, S\u00e9bastien Buemi, Stoffel Vandoorne e \u2013 todos ex-F1 fora do grid deste ano, mas reservas de alguma equipe \u2013 podem ser escalados.<\/p>\n\n\n\n<figure class=\"wp-block-image size-large\"><img decoding=\"async\" src=\"https:\/\/www.grandepremio.com\/br\/wp-content\/uploads\/2020\/10\/10-1-1024x683.jpg\" alt=\"\" class=\"wp-image-426615\"\/><figcaption>Fernando Alonso estar\u00e1 no grid da F1 em 2021 e no teste de Abu Dhabi em 2020 (Foto: Renault)<\/figcaption><\/figure>\n\n\n\n<p class=\"wp-block-paragraph\">&#8220;Queremos agradecer FIA e F1 por terem aceitado nossa proposta de teste, j\u00e1 que somos t\u00e3o comprometidos com a forma\u00e7\u00e3o de jovens pilotos e tamb\u00e9m a dedica\u00e7\u00e3o do pr\u00f3prio Fernando em ajudar na carreira de pilotos jovens. Zhou \u00e9 um cara que sabe bem dos benef\u00edcios da nossa academia de jovens, tem trabalhado duro e ajudado muito a equipe no simulador e nos testes. Estou bem feliz que ele poder\u00e1 guiar o carro para fechar essa jornada dele at\u00e9 aqui. Para Fernando, um pr\u00f3ximo passo em seu retorno. Ele tem trabalhado sem cansar para estar realmente pronto para 2021. Ele quer ajudar em tudo, ser valioso para equipe e f\u00e3s para compensar o tempo fora&#8221;, disse o chefe da Renault Cyril Abiteboul.<\/p>\n\n\n\n<p class=\"wp-block-paragraph\">Desde que confirmou o retorno para a F1 em 2021, Alonso tem feito testes com o carro de 2018, tentando se manter na ativa e acostumado com aspectos do b\u00f3lido. Ainda que, claro, o carro atual esteja praticamente fora de alcance. A \u00fanica possibilidade de andar com o carro de 2020 foi num dia de filmagem, mas estas atividades est\u00e3o limitadas a somente 100 km de quilometragem. Abu Dhabi ser\u00e1 a primeira oportunidade real de testar o carro.<\/p>\n\n\n\n<p class=\"wp-block-paragraph\">Os testes de Abu Dhabi ser\u00e3o a primeira atividade vislumbrando o ano de 2021 e, para isso, cada equipe pode dispor de seus dois carros na pista. De acordo com a rede de TV espanhola Movistar, McLaren e Racing Point escolheram n\u00e3o participar, ao passo que a Haas usar\u00e1 somente um carro \u2013 e provavelmente dividir\u00e1 o monoposto entre seus dois pilotos novatos: Mick Schumacher e Nikita Mazepin.<\/p>\n\n\n\n\n\n\n\n<p class=\"wp-block-paragraph\"><strong>Conhe\u00e7a o canal do Grande Pr\u00eamio no YouTube! Clique\u00a0<a href=\"https:\/\/youtube.com\/GrandePremioTV\" target=\"_blank\" rel=\"noreferrer noopener\">aqui<\/a>.<br>Siga o Grande Pr\u00eamio no\u00a0<a href=\"https:\/\/twitter.com\/grandepremio\" target=\"_blank\" rel=\"noreferrer noopener\">Twitter\u00a0<\/a>e no\u00a0<a href=\"https:\/\/instagram.com\/grandepremio\" target=\"_blank\" rel=\"noreferrer noopener\">Instagram<\/a>!<\/strong><\/p>\n","protected":false},"excerpt":{"rendered":"<p>O tradicional teste coletivo dos novatos n\u00e3o ser\u00e1 apenas para novatos. Assim, a Renault confirmou a escala\u00e7\u00e3o de Fernando Alonso, que participa da sess\u00e3o em Abu Dhabi ao lado do chin\u00eas Guanyu Zhou<\/p>\n","protected":false},"author":0,"featured_media":1000426617,"comment_status":"closed","ping_status":"closed","sticky":false,"template":"","format":"standard","meta":{"42wp_featured_image_caption":"","42wp_featured_image_credits":"","42wp_featured_video":"","42wp_featured_image_hidden":false,"42wp_authors_list":[],"footnotes":""},"categories":[2],"tags":[147,118,156,176,24837,3746,229,6809],"42wp_author":[47117],"class_list":["post-124802","post","type-post","status-publish","format-standard","has-post-thumbnail","hentry","category-f1","tag-f1","tag-f1-2020","tag-f1-2021","tag-fernando-alonso","tag-formula-1-2","tag-guanyu-zhou","tag-renault","tag-teste-de-novatos","42wp_author-gabriel-curty"],"_links":{"self":[{"href":"https:\/\/grandepremio.com\/br\/wp-json\/wp\/v2\/posts\/124802","targetHints":{"allow":["GET"]}}],"collection":[{"href":"https:\/\/grandepremio.com\/br\/wp-json\/wp\/v2\/posts"}],"about":[{"href":"https:\/\/grandepremio.com\/br\/wp-json\/wp\/v2\/types\/post"}],"replies":[{"embeddable":true,"href":"https:\/\/grandepremio.com\/br\/wp-json\/wp\/v2\/comments?post=124802"}],"version-history":[{"count":0,"href":"https:\/\/grandepremio.com\/br\/wp-json\/wp\/v2\/posts\/124802\/revisions"}],"wp:featuredmedia":[{"embeddable":true,"href":"https:\/\/grandepremio.com\/br\/wp-json\/wp\/v2\/media\/1000426617"}],"wp:attachment":[{"href":"https:\/\/grandepremio.com\/br\/wp-json\/wp\/v2\/media?parent=124802"}],"wp:term":[{"taxonomy":"category","embeddable":true,"href":"https:\/\/grandepremio.com\/br\/wp-json\/wp\/v2\/categories?post=124802"},{"taxonomy":"post_tag","embeddable":true,"href":"https:\/\/grandepremio.com\/br\/wp-json\/wp\/v2\/tags?post=124802"},{"taxonomy":"42wp_author","embeddable":true,"href":"https:\/\/grandepremio.com\/br\/wp-json\/wp\/v2\/42wp_author?post=124802"}],"curies":[{"name":"wp","href":"https:\/\/api.w.org\/{rel}","templated":true}]}}