{"id":124807,"date":"2020-12-03T08:52:27","date_gmt":"2020-12-03T11:52:27","guid":{"rendered":"https:\/\/grandepremio.com\/br\/noticias\/campos-antecipa-retorno-de-boschung-a-formula-2-como-substituto-de-aitken-em-sakhir\/"},"modified":"2020-12-03T08:52:54","modified_gmt":"2020-12-03T11:52:54","slug":"campos-antecipa-retorno-de-boschung-a-formula-2-como-substituto-de-aitken-em-sakhir","status":"publish","type":"post","link":"https:\/\/grandepremio.com\/br\/f2\/campos-antecipa-retorno-de-boschung-a-formula-2-como-substituto-de-aitken-em-sakhir\/","title":{"rendered":"Campos antecipa retorno de Boschung \u00e0 F2 como substituto de Aitken em Sakhir"},"content":{"rendered":"\n<figure class=\"wp-block-embed-youtube wp-block-embed is-type-video is-provider-youtube wp-embed-aspect-16-9 wp-has-aspect-ratio\"><div class=\"wp-block-embed__wrapper\">\n<iframe loading=\"lazy\" title=\"George RUSSELL substitui Lewis HAMILTON na MERCEDES: o que esperar? | GP \u00e0s 10\" width=\"500\" height=\"281\" src=\"https:\/\/www.youtube.com\/embed\/CQ4IdNoSoLQ?feature=oembed\" frameborder=\"0\" allow=\"accelerometer; autoplay; clipboard-write; encrypted-media; gyroscope; picture-in-picture; web-share\" referrerpolicy=\"strict-origin-when-cross-origin\" allowfullscreen><\/iframe>\n<\/div><\/figure>\n\n\n\n<p class=\"wp-block-paragraph\">A semana foi agitada para Ralph Boschung, <a href=\"https:\/\/www.grandepremio.com\/br\/f2\/noticias\/boschung-retorna-a-formula-2-em-2021-apos-ano-sabatico-e-revive-parceria-com-campos\/\">confirmado para correr na Campos Racing em 2021<\/a>, retornando \u00e0 F\u00f3rmula 2 ap\u00f3s um ano sab\u00e1tico, mas n\u00e3o contava com uma volta antecipada. Com a ida de Jack Aitken para a Williams no GP de Sakhir, o su\u00ed\u00e7o corre j\u00e1 neste fim de semana.<\/p>\n\n\n\n<p class=\"wp-block-paragraph\">Boschung assume a vaga de Aitken neste fim de semana, enquanto o brit\u00e2nico vai \u00e0 F\u00f3rmula 1 correr no lugar de George Russell, chamado para substituir Lewis Hamilton \u2014 que testou postivo para Covid-19 \u2014 na Mercedes.<\/p>\n\n\n\n<figure class=\"wp-block-image size-large\"><img decoding=\"async\" src=\"https:\/\/www.grandepremio.com\/br\/wp-content\/uploads\/2020\/07\/williams-jackaitken-02-1024x683.jpg\" alt=\"\" class=\"wp-image-394543\"\/><figcaption>Jack Aitken sai da Campos para estrear na F1 neste fim de semana (Foto: Williams)<\/figcaption><\/figure>\n\n\n\n\n\n<p class=\"wp-block-paragraph\">&#8220;Estamos satisfeitos por ter o Ralph conosco neste fim de semana porque isso vai nos dar uma boa oportunidade de iniciar os trabalhos para o pr\u00f3ximo ano&#8221;, disse Adri\u00e1n Campos, chefe da equipe.<\/p>\n\n\n\n<p class=\"wp-block-paragraph\">&#8220;Em um ambiente t\u00e3o profissional do esporte a motor, esta \u00e9 uma chance de ouro para todos. Esperamos ter uma boa performance em Sakhir com nossos pilotos Ralph [Boschung] e Guilherme [Samaia]. Estamos ansiosos para correr neste novo tra\u00e7ado do Bahrein, parece empolgante&#8221;, completou.<\/p>\n\n\n\n<p class=\"wp-block-paragraph\">A Campos ainda anunciou que Boschung estar\u00e1 presente nos testes de p\u00f3s-temporada, tamb\u00e9m no Bahrein. O su\u00ed\u00e7o correu na F\u00f3rmula 2 entre 2017 e 2019 pela pr\u00f3pria Campos, al\u00e9m de MP Motorsport e Trident, mas nunca subiu ao p\u00f3dio ou sequer chegou ao top-5.<\/p>\n\n\n\n<p class=\"wp-block-paragraph\">Para a pr\u00f3xima temporada, no entanto, a Campos ainda n\u00e3o definiu a dupla de pilotos, apenas Boschung. Jack Aitken e Guilherme Samaia, os pilotos de 2020, n\u00e3o foram confirmados.<\/p>\n\n\n\n<p class=\"wp-block-paragraph\"><strong>Conhe\u00e7a o canal do Grande Pr\u00eamio no YouTube! Clique\u00a0<a rel=\"noreferrer noopener\" href=\"https:\/\/youtube.com\/GrandePremioTV\" target=\"_blank\">aqui<\/a>.<br>Siga o Grande Pr\u00eamio no\u00a0<a rel=\"noreferrer noopener\" href=\"https:\/\/twitter.com\/grandepremio\" target=\"_blank\">Twitter\u00a0<\/a>e no\u00a0<a rel=\"noreferrer noopener\" href=\"https:\/\/instagram.com\/grandepremio\" target=\"_blank\">Instagram<\/a>!<\/strong><\/p>\n\n\n","protected":false},"excerpt":{"rendered":"<p>Ralph Boschung est\u00e1 de volta \u00e0 F\u00f3rmula 2 antes do previsto. Contratado pela Campos para a temporada 2021, o su\u00ed\u00e7o vai retornar para a categoria neste fim de semana, em Sakhir, na vaga de Jack Aitken, que vai estrear na F\u00f3rmula 1<\/p>\n","protected":false},"author":0,"featured_media":1000439423,"comment_status":"closed","ping_status":"closed","sticky":false,"template":"","format":"standard","meta":{"42wp_featured_image_caption":"","42wp_featured_image_credits":"","42wp_featured_video":"","42wp_featured_image_hidden":false,"42wp_authors_list":[],"footnotes":""},"categories":[9],"tags":[1667,3158,111,112,24951,25932,26042,2205,1756],"42wp_author":[47135],"class_list":["post-124807","post","type-post","status-publish","format-standard","has-post-thumbnail","hentry","category-f2","tag-bahrein","tag-campos","tag-f2","tag-f2-2020","tag-formula-2-2","tag-formula-2-2020-3","tag-gp-de-sakhir","tag-ralph-boschung","tag-sakhir","42wp_author-pedro-luis-cuenca"],"_links":{"self":[{"href":"https:\/\/grandepremio.com\/br\/wp-json\/wp\/v2\/posts\/124807","targetHints":{"allow":["GET"]}}],"collection":[{"href":"https:\/\/grandepremio.com\/br\/wp-json\/wp\/v2\/posts"}],"about":[{"href":"https:\/\/grandepremio.com\/br\/wp-json\/wp\/v2\/types\/post"}],"replies":[{"embeddable":true,"href":"https:\/\/grandepremio.com\/br\/wp-json\/wp\/v2\/comments?post=124807"}],"version-history":[{"count":0,"href":"https:\/\/grandepremio.com\/br\/wp-json\/wp\/v2\/posts\/124807\/revisions"}],"wp:featuredmedia":[{"embeddable":true,"href":"https:\/\/grandepremio.com\/br\/wp-json\/wp\/v2\/media\/1000439423"}],"wp:attachment":[{"href":"https:\/\/grandepremio.com\/br\/wp-json\/wp\/v2\/media?parent=124807"}],"wp:term":[{"taxonomy":"category","embeddable":true,"href":"https:\/\/grandepremio.com\/br\/wp-json\/wp\/v2\/categories?post=124807"},{"taxonomy":"post_tag","embeddable":true,"href":"https:\/\/grandepremio.com\/br\/wp-json\/wp\/v2\/tags?post=124807"},{"taxonomy":"42wp_author","embeddable":true,"href":"https:\/\/grandepremio.com\/br\/wp-json\/wp\/v2\/42wp_author?post=124807"}],"curies":[{"name":"wp","href":"https:\/\/api.w.org\/{rel}","templated":true}]}}