{"id":124832,"date":"2020-12-02T09:44:34","date_gmt":"2020-12-02T12:44:34","guid":{"rendered":"https:\/\/grandepremio.com\/br\/noticias\/schumacher-fala-em-sonho-que-se-torna-realidade-de-estreia-na-formula-1-em-2021\/"},"modified":"2020-12-02T09:44:38","modified_gmt":"2020-12-02T12:44:38","slug":"schumacher-fala-em-sonho-que-se-torna-realidade-de-estreia-na-formula-1-em-2021","status":"publish","type":"post","link":"https:\/\/grandepremio.com\/br\/f1\/schumacher-fala-em-sonho-que-se-torna-realidade-de-estreia-na-formula-1-em-2021\/","title":{"rendered":"Schumacher fala em \u201csonho que se torna realidade\u201d de estreia na F\u00f3rmula 1 em 2021"},"content":{"rendered":"\n<p class=\"wp-block-paragraph\"><a href=\"https:\/\/www.grandepremio.com\/br\/f1\/noticias\/haas-aposta-em-dupla-de-novatos-e-anuncia-mick-schumacher-para-temporada-2021\/\">Mick Schumacher vai estar no grid da temporada 2021 da F\u00f3rmula 1<\/a> pela Haas. A confirma\u00e7\u00e3o aconteceu nesta quarta-feira (2) e o alem\u00e3o aproveitou para agradecer a chance e falou em sonho que se torna realidade.<\/p>\n\n\n\n<p class=\"wp-block-paragraph\">Apesar da demora da equipe norte-americana em anunciar sua dupla para o pr\u00f3ximo campeonato, n\u00e3o chega a ser surpresa a ida do filho de Michael para o time. <a href=\"https:\/\/www.grandepremio.com\/br\/f1\/noticias\/haas-confirma-mazepin-na-formula-1-em-acordo-plurianual-a-partir-de-2021\/\">Nikita Mazepin \u00e9 quem faz dupla com o competidor<\/a>.<\/p>\n\n\n\n<p class=\"wp-block-paragraph\">\u201cSer um piloto de F\u00f3rmula 1 no pr\u00f3ximo ano me deixa incrivelmente feliz. Estou ansioso para entrar nesta jornada junto com a Haas. Gostaria de agradecer a Haas, a Ferrari e a Academia de Pilotos por confiarem em mim\u201d, afirmou o piloto de 22 anos.<\/p>\n\n\n\n<figure class=\"wp-block-image size-large\"><img decoding=\"async\" src=\"https:\/\/www.grandepremio.com\/br\/wp-content\/uploads\/2020\/12\/EoO5HmvXEAQc7Zj-1024x682.jpg\" alt=\"\" class=\"wp-image-439639\"\/><figcaption>Mick Schumacher ao lado de G\u00fcnther Steiner, seu futuro chefe na F\u00f3rmula 1 (Foto: Haas)<\/figcaption><\/figure>\n\n\n\n<p class=\"wp-block-paragraph\"><strong>Conhe\u00e7a o canal do Grande Pr\u00eamio no YouTube! Clique\u00a0<a rel=\"noreferrer noopener\" href=\"https:\/\/youtube.com\/GrandePremioTV\" target=\"_blank\">aqui<\/a>.<br>Siga o Grande Pr\u00eamio no\u00a0<a rel=\"noreferrer noopener\" href=\"https:\/\/twitter.com\/grandepremio\" target=\"_blank\">Twitter\u00a0<\/a>e no\u00a0<a rel=\"noreferrer noopener\" href=\"https:\/\/instagram.com\/grandepremio\" target=\"_blank\">Instagram<\/a>!<\/strong><\/p>\n\n\n\n<p class=\"wp-block-paragraph\">\u201cTamb\u00e9m quero deixar meu amor aos meus pais. Sei que devo tudo a eles. Sempre acreditaram que realizaria meu sonho na F\u00f3rmula 1. Um grande obrigado tamb\u00e9m para todos os f\u00e3s que me apoiaram com a Haas. Darei meu m\u00e1ximo, como sempre, e estou ansioso nesta jornada com a Haas\u201d, completou.<\/p>\n\n\n\n<p class=\"wp-block-paragraph\">Em sua conta no Twitter, tamb\u00e9m escreveu que \u201csempre acreditei que esse sonho se tornaria realidade. Correr pela Haas no pr\u00f3ximo ano \u00e9 uma sensa\u00e7\u00e3o incr\u00edvel, n\u00e3o poderia estar mais feliz. Obrigado a todos que me apoiaram durante toda a caminhada.\u201d<\/p>\n\n\n\n<p class=\"wp-block-paragraph\">Para sua estreia, <a href=\"https:\/\/www.grandepremio.com\/br\/f1\/noticias\/mick-schumacher-escolhe-47-e-fala-em-moderar-expectativas-na-estreia-na-formula-1\/\">Schumacher j\u00e1 escolheu o n\u00famero que vai adotar em seu carro: #47<\/a>. Ao explicar a decis\u00e3o, afirmou que todos os seus favoritos j\u00e1 estavam tomados e, portanto, teve de fazer uma jun\u00e7\u00e3o.<\/p>\n\n\n\n<p class=\"wp-block-paragraph\">O competidor tamb\u00e9m aproveitou para falar que caso precise substituir Romain Grosjean em Abu Dhabi, est\u00e1 pronto. \u201cSeria um desafio, mas seria uma \u00f3tima oportunidade de conhecer mais o carro e chegar ainda mais preparado para o ano que vem\u201d.<\/p>\n\n\n\n<figure class=\"wp-block-embed-youtube wp-block-embed is-type-video is-provider-youtube wp-embed-aspect-16-9 wp-has-aspect-ratio\"><div class=\"wp-block-embed__wrapper\">\n<iframe loading=\"lazy\" title=\"Romain GROSJEAN sobrevive, HAMILTON vence e FITTIPALDI estreia na F1 | Paddock GP #225\" width=\"500\" height=\"281\" src=\"https:\/\/www.youtube.com\/embed\/nQcPWRKNPOk?feature=oembed\" frameborder=\"0\" allow=\"accelerometer; autoplay; clipboard-write; encrypted-media; gyroscope; picture-in-picture; web-share\" referrerpolicy=\"strict-origin-when-cross-origin\" allowfullscreen><\/iframe>\n<\/div><\/figure>\n","protected":false},"excerpt":{"rendered":"<p>O alem\u00e3o agradeceu a confian\u00e7a da Haas e Ferrari, o apoio dos f\u00e3s e afirmou que deve tudo o que conquistou at\u00e9 hoje a sua fam\u00edli<\/p>\n","protected":false},"author":0,"featured_media":1000439641,"comment_status":"closed","ping_status":"closed","sticky":false,"template":"","format":"standard","meta":{"42wp_featured_image_caption":"","42wp_featured_image_credits":"","42wp_featured_video":"","42wp_featured_image_hidden":false,"42wp_authors_list":[],"footnotes":""},"categories":[2],"tags":[147,118,24837,24860,119,24859,24861,1294],"42wp_author":[47123],"class_list":["post-124832","post","type-post","status-publish","format-standard","has-post-thumbnail","hentry","category-f1","tag-f1","tag-f1-2020","tag-formula-1-2","tag-formula-1-2020-2","tag-haas","tag-horario-f1-2020","tag-horario-formula-1-2020","tag-mick-schumacher","42wp_author-nathalia-de-vivo"],"_links":{"self":[{"href":"https:\/\/grandepremio.com\/br\/wp-json\/wp\/v2\/posts\/124832","targetHints":{"allow":["GET"]}}],"collection":[{"href":"https:\/\/grandepremio.com\/br\/wp-json\/wp\/v2\/posts"}],"about":[{"href":"https:\/\/grandepremio.com\/br\/wp-json\/wp\/v2\/types\/post"}],"replies":[{"embeddable":true,"href":"https:\/\/grandepremio.com\/br\/wp-json\/wp\/v2\/comments?post=124832"}],"version-history":[{"count":0,"href":"https:\/\/grandepremio.com\/br\/wp-json\/wp\/v2\/posts\/124832\/revisions"}],"wp:featuredmedia":[{"embeddable":true,"href":"https:\/\/grandepremio.com\/br\/wp-json\/wp\/v2\/media\/1000439641"}],"wp:attachment":[{"href":"https:\/\/grandepremio.com\/br\/wp-json\/wp\/v2\/media?parent=124832"}],"wp:term":[{"taxonomy":"category","embeddable":true,"href":"https:\/\/grandepremio.com\/br\/wp-json\/wp\/v2\/categories?post=124832"},{"taxonomy":"post_tag","embeddable":true,"href":"https:\/\/grandepremio.com\/br\/wp-json\/wp\/v2\/tags?post=124832"},{"taxonomy":"42wp_author","embeddable":true,"href":"https:\/\/grandepremio.com\/br\/wp-json\/wp\/v2\/42wp_author?post=124832"}],"curies":[{"name":"wp","href":"https:\/\/api.w.org\/{rel}","templated":true}]}}