{"id":124837,"date":"2020-12-02T07:17:57","date_gmt":"2020-12-02T10:17:57","guid":{"rendered":"https:\/\/grandepremio.com\/br\/noticias\/grosjean-recebe-alta-e-deixa-hospital-apos-forte-acidente-no-gp-do-bahrein\/"},"modified":"2020-12-02T07:18:04","modified_gmt":"2020-12-02T10:18:04","slug":"grosjean-recebe-alta-e-deixa-hospital-apos-forte-acidente-no-gp-do-bahrein","status":"publish","type":"post","link":"https:\/\/grandepremio.com\/br\/f1\/grosjean-recebe-alta-e-deixa-hospital-apos-forte-acidente-no-gp-do-bahrein\/","title":{"rendered":"Grosjean recebe alta e deixa hospital ap\u00f3s forte acidente no GP do Bahrein"},"content":{"rendered":"\n<p class=\"wp-block-paragraph\">Romain Grosjean enfim deixou o hospital ap\u00f3s o acidente que sofreu no GP do Bahrein. Nesta quarta-feira (2), a Haas anunciou atrav\u00e9s de suas redes sociais que o franc\u00eas recebeu alta ap\u00f3s passar tr\u00eas noites internado.<\/p>\n\n\n\n<p class=\"wp-block-paragraph\">O competidor est\u00e1 tratando queimaduras de segundo grau nas m\u00e3os ap\u00f3s a forte batida que sofreu ainda na primeira volta da corrida em Sakhir. O piloto de 34 anos acertou o guard-rail a mais de 200 km\/h e com impacto de 53G de for\u00e7a.<\/p>\n\n\n\n<p class=\"wp-block-paragraph\">\u201cRomain Grosjean recebeu alta do hospital no Bahrein \u00e0s 10h30 do hor\u00e1rio local [4h30 no hor\u00e1rio de Bra\u00edlia] desta quarta-feira. O piloto passou tr\u00eas noites no hospital ap\u00f3s o acidente no GP do Bahrein de domingo\u201d, informou o comunicado do time norte-americano.<\/p>\n\n\n\n<figure class=\"wp-block-image size-large\"><img decoding=\"async\" src=\"https:\/\/www.grandepremio.com\/br\/wp-content\/uploads\/2020\/05\/Grosjean2-1024x1024.jpg\" alt=\"\" class=\"wp-image-439501\"\/><figcaption>Romain Grosjean j\u00e1 pode deixar o hospital (Foto: Reprodu\u00e7\u00e3o\/Instagram)<\/figcaption><\/figure>\n\n\n\n<p class=\"wp-block-paragraph\"><strong>Conhe\u00e7a o canal do Grande Pr\u00eamio no YouTube! Clique\u00a0<a rel=\"noreferrer noopener\" href=\"https:\/\/youtube.com\/GrandePremioTV\" target=\"_blank\">aqui<\/a>.<br>Siga o Grande Pr\u00eamio no\u00a0<a rel=\"noreferrer noopener\" href=\"https:\/\/twitter.com\/grandepremio\" target=\"_blank\">Twitter\u00a0<\/a>e no\u00a0<a rel=\"noreferrer noopener\" href=\"https:\/\/instagram.com\/grandepremio\" target=\"_blank\">Instagram<\/a>!<\/strong><\/p>\n\n\n\n<p class=\"wp-block-paragraph\">\u201cGrosjean vai continuar o tratamento para as queimaduras sofridas na parte de tr\u00e1s das m\u00e3os e vai seguir no pa\u00eds. Em nome de Romain e de toda a Haas, queremos deixar nosso agradecimento a quem cuidou dele no hospital\u201d, completou.<\/p>\n\n\n\n<p class=\"wp-block-paragraph\">O franc\u00eas tamb\u00e9m aproveitou para deixar uma mensagem a seus seguidores. Em sua conta no Twitter, postou uma foto da m\u00e3o direita j\u00e1 com menos faixas e escreveu que \u201cminha m\u00e3o direita nesta manh\u00e3. A felicidade que senti quando me disseram que n\u00e3o precisava mais de todos os curativos e que poderia usar meus dedos foi enorme. Quase chorei. Uma vit\u00f3ria em meu caminho na recupera\u00e7\u00e3o.\u201d<\/p>\n\n\n\n<p class=\"wp-block-paragraph\">Por conta do epis\u00f3dio, Romain vai ter de ficar fora do GP de Sakhir deste final de semana. <a href=\"https:\/\/www.grandepremio.com\/br\/f1\/noticias\/haas-confirma-fittipaldi-no-lugar-de-grosjean-em-sakhir-e-brasil-volta-a-ter-piloto-na-f1\/\">A equipe chefiada por G\u00fcnther Steiner anunciou Pietro Fittipaldi<\/a> para o lugar do piloto, promovendo a estreia do brasileiro na F\u00f3rmula 1, al\u00e9m do 32\u00ba competidor do pa\u00eds a correr na categoria.<\/p>\n\n\n\n<p class=\"wp-block-paragraph\">Em sua primeira entrevista ap\u00f3s o acidente, Grosjean deu mais detalhes de como foi ficar na bola de fogo. O campe\u00e3o da GP2 de 2011 <a href=\"https:\/\/www.grandepremio.com\/br\/f1\/noticias\/grosjean-fala-em-renascimento-apos-acidente-no-bahrein-nao-era-minha-hora\/\">afirmou que n\u00e3o era sua hora de partir<\/a>, <a href=\"https:\/\/www.grandepremio.com\/br\/f1\/noticias\/grosjean-diz-que-tentou-sair-do-carro-em-chamas-tres-vezes-pareceu-muito-mais-tempo\/\">al\u00e9m de que tentou tr\u00eas vezes deixar o carro<\/a>. Apesar do susto, <a href=\"https:\/\/www.grandepremio.com\/br\/f1\/noticias\/haas-diz-que-grosjean-pensa-em-correr-em-abu-dhabi-e-confirma-noite-extra-no-hospital\/\">o chefe da Haas anunciou que o piloto planeja voltar para a etapa final de 2020<\/a>, o GP de Abu Dhabi.<\/p>\n\n\n\n<figure class=\"wp-block-image size-large\"><img decoding=\"async\" src=\"https:\/\/www.grandepremio.com\/br\/wp-content\/uploads\/2020\/12\/EoNucNaXcAEEahZ-749x1024.jpg\" alt=\"\" class=\"wp-image-439602\"\/><figcaption>A foto postada por Grosjean em suas redes (Foto: Reprodu\u00e7\u00e3o)<\/figcaption><\/figure>\n\n\n\n\n\n<figure class=\"wp-block-embed-youtube wp-block-embed is-type-video is-provider-youtube wp-embed-aspect-16-9 wp-has-aspect-ratio\"><div class=\"wp-block-embed__wrapper\">\n<iframe loading=\"lazy\" title=\"Romain GROSJEAN sobrevive, HAMILTON vence e FITTIPALDI estreia na F1 | Paddock GP #225\" width=\"500\" height=\"281\" src=\"https:\/\/www.youtube.com\/embed\/nQcPWRKNPOk?feature=oembed\" frameborder=\"0\" allow=\"accelerometer; autoplay; clipboard-write; encrypted-media; gyroscope; picture-in-picture; web-share\" referrerpolicy=\"strict-origin-when-cross-origin\" allowfullscreen><\/iframe>\n<\/div><\/figure>\n","protected":false},"excerpt":{"rendered":"<p>Ap\u00f3s passar tr\u00eas noites internado, o franc\u00eas foi liberado para seguir o tratamento das queimaduras nas m\u00e3os em casa. Apesar da alta, o piloto segue no Bahrein<\/p>\n","protected":false},"author":0,"featured_media":1000439603,"comment_status":"closed","ping_status":"closed","sticky":false,"template":"","format":"standard","meta":{"42wp_featured_image_caption":"","42wp_featured_image_credits":"","42wp_featured_video":"","42wp_featured_image_hidden":false,"42wp_authors_list":[],"footnotes":""},"categories":[2],"tags":[147,118,24837,24860,119,24859,24861,120],"42wp_author":[47123],"class_list":["post-124837","post","type-post","status-publish","format-standard","has-post-thumbnail","hentry","category-f1","tag-f1","tag-f1-2020","tag-formula-1-2","tag-formula-1-2020-2","tag-haas","tag-horario-f1-2020","tag-horario-formula-1-2020","tag-romain-grosjean","42wp_author-nathalia-de-vivo"],"_links":{"self":[{"href":"https:\/\/grandepremio.com\/br\/wp-json\/wp\/v2\/posts\/124837","targetHints":{"allow":["GET"]}}],"collection":[{"href":"https:\/\/grandepremio.com\/br\/wp-json\/wp\/v2\/posts"}],"about":[{"href":"https:\/\/grandepremio.com\/br\/wp-json\/wp\/v2\/types\/post"}],"replies":[{"embeddable":true,"href":"https:\/\/grandepremio.com\/br\/wp-json\/wp\/v2\/comments?post=124837"}],"version-history":[{"count":0,"href":"https:\/\/grandepremio.com\/br\/wp-json\/wp\/v2\/posts\/124837\/revisions"}],"wp:featuredmedia":[{"embeddable":true,"href":"https:\/\/grandepremio.com\/br\/wp-json\/wp\/v2\/media\/1000439603"}],"wp:attachment":[{"href":"https:\/\/grandepremio.com\/br\/wp-json\/wp\/v2\/media?parent=124837"}],"wp:term":[{"taxonomy":"category","embeddable":true,"href":"https:\/\/grandepremio.com\/br\/wp-json\/wp\/v2\/categories?post=124837"},{"taxonomy":"post_tag","embeddable":true,"href":"https:\/\/grandepremio.com\/br\/wp-json\/wp\/v2\/tags?post=124837"},{"taxonomy":"42wp_author","embeddable":true,"href":"https:\/\/grandepremio.com\/br\/wp-json\/wp\/v2\/42wp_author?post=124837"}],"curies":[{"name":"wp","href":"https:\/\/api.w.org\/{rel}","templated":true}]}}