{"id":124846,"date":"2020-12-01T14:57:19","date_gmt":"2020-12-01T17:57:19","guid":{"rendered":"https:\/\/grandepremio.com\/br\/noticias\/haas-confirma-51-como-numero-de-fittipaldi-para-estreia-na-formula-1\/"},"modified":"2020-12-01T14:57:25","modified_gmt":"2020-12-01T17:57:25","slug":"haas-confirma-51-como-numero-de-fittipaldi-para-estreia-na-formula-1","status":"publish","type":"post","link":"https:\/\/grandepremio.com\/br\/f1\/haas-confirma-51-como-numero-de-fittipaldi-para-estreia-na-formula-1\/","title":{"rendered":"Haas confirma #51 como n\u00famero de Fittipaldi para estreia na F\u00f3rmula 1"},"content":{"rendered":"\n<p class=\"wp-block-paragraph\">Pietro Fittipaldi j\u00e1 definiu o n\u00famero que estampar\u00e1 a Haas em sua estreia pela F\u00f3rmula 1. Ser\u00e1 o #51, o mesmo que utilizou em todos os testes realizados pela esquadra americana desde que foi contratado, em novembro de 2018.<\/p>\n\n\n\n<p class=\"wp-block-paragraph\">\u00c9 a primeira vez que o #51 ser\u00e1 utilizado na F\u00f3rmula 1 desde a introdu\u00e7\u00e3o da numera\u00e7\u00e3o fixa, em 2014. E \u00e9 o terceiro n\u00famero na casa do #50 a ser utilizado, se juntando ao #55 de Carlos Sainz e o #53 utilizado por Alexander Rossi na Marussia, em 2015.<\/p>\n\n\n\n<p class=\"wp-block-paragraph\"><a href=\"https:\/\/www.grandepremio.com\/br\/f1\/noticias\/haas-confirma-fittipaldi-no-lugar-de-grosjean-em-sakhir-e-brasil-volta-a-ter-piloto-na-f1\/\">Pietro entra no lugar de Romain Grosjean<\/a>, que por consequ\u00eancia do acidente forte sofrido no GP do Bahrein, n\u00e3o poder\u00e1 competir pela Haas neste fim de semana.<\/p>\n\n\n\n<figure class=\"wp-block-image size-large\"><img decoding=\"async\" src=\"https:\/\/www.grandepremio.com\/br\/wp-content\/uploads\/2019\/03\/201922816339__BG_0551_DMa.jpg\" alt=\"\" class=\"wp-image-369853\"\/><figcaption>Pietro Fittipaldi vai estrear na F\u00f3rmula 1 (Foto: Xavi Bonilla)<\/figcaption><\/figure>\n\n\n\n<p class=\"wp-block-paragraph\"><strong>Conhe\u00e7a o canal do Grande Pr\u00eamio no\u00a0<a href=\"https:\/\/www.youtube.com\/GrandePremioTV\">YouTube<\/a>.<br>Siga o Grande Pr\u00eamio no\u00a0<a rel=\"noreferrer noopener\" href=\"https:\/\/twitter.com\/grandepremio\" target=\"_blank\">Twitter\u00a0<\/a>e no\u00a0<a rel=\"noreferrer noopener\" href=\"https:\/\/instagram.com\/grandepremio\" target=\"_blank\">Instagram<\/a>.<\/strong><\/p>\n\n\n\n<p class=\"wp-block-paragraph\">Irm\u00e3o de Enzo Fittipaldi, que neste ano disputou a F\u00f3rmula 3, Pietro ser\u00e1 o 32\u00ba piloto brasileiro a fazer parte de uma prova do Mundial de F\u00f3rmula 1. A \u00faltima vez que um competidor tupiniquim participou de um GP da principal categoria do automobilismo mundial foi Felipe Massa, que fez sua \u00faltima prova e se despediu da\u00a0<a href=\"https:\/\/www.grandepremio.com\/br\/f1\/\" target=\"_blank\" rel=\"noreferrer noopener\">F1\u00a0<\/a>no GP de Abu Dhabi de 2017.<\/p>\n\n\n\n<p class=\"wp-block-paragraph\">A \u00faltima corrida disputada por Pietro Fittipaldi foi na etapa de Buriram da F\u00f3rmula 3 Asi\u00e1tica, em fevereiro de 2020. O piloto come\u00e7ou sua carreira correndo nas divis\u00f5es de base da Nascar nos Estados Unidos e mudou seu foco para o automobilismo europeu em 2013, quando passou a correr na F4 Inglesa.<\/p>\n\n\n\n<p class=\"wp-block-paragraph\">No ano seguinte, foi campe\u00e3o da F-<a href=\"https:\/\/www.grandepremio.com\/br\/equipe\/f1\/2020\/renault-f1-team\/\" target=\"_blank\" rel=\"noreferrer noopener\">Renault<\/a>&nbsp;inglesa e, em 2015, disputou a F\u00f3rmula 3 Europeia pela Fortec. Fittipaldi tamb\u00e9m correu e foi campe\u00e3o do MRF Challenge, campeonato de base que \u00e9 disputado no Oriente M\u00e9dio e na China, antes de seguir com a Fortec para a antiga World Series by Renault, chamada tamb\u00e9m de F\u00f3rmula V8.<\/p>\n\n\n\n<p class=\"wp-block-paragraph\">Na categoria, j\u00e1 em fase decadente, Fittipaldi conquistou o t\u00edtulo da temporada 2017, garantindo a maior parte dos pontos da superlicen\u00e7a que hoje o permite a chance de estrear na F\u00f3rmula 1.<\/p>\n\n\n\n<p class=\"wp-block-paragraph\">Fittipaldi chegou a fazer um dia de teste com a Jaguar na&nbsp;<a href=\"https:\/\/www.grandepremio.com\/br\/formula-e\/\" target=\"_blank\" rel=\"noreferrer noopener\">F\u00f3rmula E<\/a>&nbsp;antes de ingressar no radar da Haas a partir de 2018, quando teve a chance de fazer seu primeiro teste com um carro de F\u00f3rmula 1. Naquele ano, Pietro se dividiu entre v\u00e1rias categorias, fazendo seis corridas pela Dale Coyne na&nbsp;<a href=\"https:\/\/www.grandepremio.com\/br\/indy\/\" target=\"_blank\" rel=\"noreferrer noopener\">Indy<\/a>, uma etapa da Super Formula Japonesa.<\/p>\n\n\n\n<p class=\"wp-block-paragraph\">Tamb\u00e9m em 2018, Fittipaldi sofreu um grave acidente durante os treinos para as 6 Horas de&nbsp;<a href=\"https:\/\/www.grandepremio.com\/br\/etapa\/f1\/gp-da-belgica-formula-1-2020\/\" target=\"_blank\" rel=\"noreferrer noopener\">Spa-Francorchamps<\/a>&nbsp;da supertemporada 2018\/19 do Mundial de Endurance, quando pilotava o LMP1 da equipe Dragon Speed.<\/p>\n\n\n\n<p class=\"wp-block-paragraph\">Na sequ\u00eancia da sua carreira, j\u00e1 como piloto reserva da Haas, Fittipaldi teve seis dias de testes pela equipe norte-americana em 2019, al\u00e9m de disputar toda a temporada do DTM pela equipe WRT, vinculada \u00e0 Audi, tendo marcado 22 pontos e finalizado o campeonato em 15\u00ba lugar.<\/p>\n\n\n\n<p class=\"wp-block-paragraph\">Agora, em 2020, Fittipaldi tem uma inesperada chance de finalmente realizar o sonho de disputar uma prova do Mundial de F\u00f3rmula 1.<\/p>\n\n\n\n<figure class=\"wp-block-embed-youtube wp-block-embed is-type-video is-provider-youtube wp-embed-aspect-16-9 wp-has-aspect-ratio\"><div class=\"wp-block-embed__wrapper\">\n<iframe loading=\"lazy\" title=\"PIETRO FITTIPALDI na F1: o que esperar do brasileiro em Sakhir? | Briefing\" width=\"500\" height=\"281\" src=\"https:\/\/www.youtube.com\/embed\/v38sjROyNWc?feature=oembed\" frameborder=\"0\" allow=\"accelerometer; autoplay; clipboard-write; encrypted-media; gyroscope; picture-in-picture; web-share\" referrerpolicy=\"strict-origin-when-cross-origin\" allowfullscreen><\/iframe>\n<\/div><\/figure>\n","protected":false},"excerpt":{"rendered":"<p>Pietro Fittipaldi manteve o #51, utilizado nos testes pela Haas, como n\u00famero oficial de sua estreia na F\u00f3rmula 1. Piloto substitui Romain Grosjean no GP de Sakhir<\/p>\n","protected":false},"author":0,"featured_media":1000439533,"comment_status":"closed","ping_status":"closed","sticky":false,"template":"","format":"standard","meta":{"42wp_featured_image_caption":"","42wp_featured_image_credits":"","42wp_featured_video":"","42wp_featured_image_hidden":false,"42wp_authors_list":[],"footnotes":""},"categories":[2],"tags":[147,118,24837,24860,26042,119,408],"42wp_author":[47119],"class_list":["post-124846","post","type-post","status-publish","format-standard","has-post-thumbnail","hentry","category-f1","tag-f1","tag-f1-2020","tag-formula-1-2","tag-formula-1-2020-2","tag-gp-de-sakhir","tag-haas","tag-pietro-fittipaldi","42wp_author-gabriel-carvalho"],"_links":{"self":[{"href":"https:\/\/grandepremio.com\/br\/wp-json\/wp\/v2\/posts\/124846","targetHints":{"allow":["GET"]}}],"collection":[{"href":"https:\/\/grandepremio.com\/br\/wp-json\/wp\/v2\/posts"}],"about":[{"href":"https:\/\/grandepremio.com\/br\/wp-json\/wp\/v2\/types\/post"}],"replies":[{"embeddable":true,"href":"https:\/\/grandepremio.com\/br\/wp-json\/wp\/v2\/comments?post=124846"}],"version-history":[{"count":0,"href":"https:\/\/grandepremio.com\/br\/wp-json\/wp\/v2\/posts\/124846\/revisions"}],"wp:featuredmedia":[{"embeddable":true,"href":"https:\/\/grandepremio.com\/br\/wp-json\/wp\/v2\/media\/1000439533"}],"wp:attachment":[{"href":"https:\/\/grandepremio.com\/br\/wp-json\/wp\/v2\/media?parent=124846"}],"wp:term":[{"taxonomy":"category","embeddable":true,"href":"https:\/\/grandepremio.com\/br\/wp-json\/wp\/v2\/categories?post=124846"},{"taxonomy":"post_tag","embeddable":true,"href":"https:\/\/grandepremio.com\/br\/wp-json\/wp\/v2\/tags?post=124846"},{"taxonomy":"42wp_author","embeddable":true,"href":"https:\/\/grandepremio.com\/br\/wp-json\/wp\/v2\/42wp_author?post=124846"}],"curies":[{"name":"wp","href":"https:\/\/api.w.org\/{rel}","templated":true}]}}