{"id":124848,"date":"2020-12-01T13:48:49","date_gmt":"2020-12-01T16:48:49","guid":{"rendered":"https:\/\/grandepremio.com\/br\/noticias\/com-melhor-volta-dos-testes-gunther-lidera-ultimo-dia-em-valencia-sette-camara-e-2o\/"},"modified":"2020-12-01T14:28:49","modified_gmt":"2020-12-01T17:28:49","slug":"com-melhor-volta-dos-testes-gunther-lidera-ultimo-dia-em-valencia-sette-camara-e-2o","status":"publish","type":"post","link":"https:\/\/grandepremio.com\/br\/formula-e\/com-melhor-volta-dos-testes-gunther-lidera-ultimo-dia-em-valencia-sette-camara-e-2o\/","title":{"rendered":"Com melhor volta dos testes, G\u00fcnther lidera \u00faltimo dia em Val\u00eancia. Sette C\u00e2mara \u00e9 2\u00ba"},"content":{"rendered":"\n<figure class=\"wp-block-embed-youtube wp-block-embed is-type-video is-provider-youtube wp-embed-aspect-16-9 wp-has-aspect-ratio\"><div class=\"wp-block-embed__wrapper\">\n<iframe loading=\"lazy\" title=\"BOMBA na F1: Lewis HAMILTON com coronav\u00edrus fora do GP de Sakhir | Briefing\" width=\"500\" height=\"281\" src=\"https:\/\/www.youtube.com\/embed\/VEVkS6_Cg4s?feature=oembed\" frameborder=\"0\" allow=\"accelerometer; autoplay; clipboard-write; encrypted-media; gyroscope; picture-in-picture; web-share\" referrerpolicy=\"strict-origin-when-cross-origin\" allowfullscreen><\/iframe>\n<\/div><\/figure>\n\n\n\n<p class=\"wp-block-paragraph\">A quinta e \u00faltima sess\u00e3o de testes coletivos da F\u00f3rmula E em Val\u00eancia, realizada nesta ter\u00e7a-feira (1), foi puro suco da categoria. Extremo equil\u00edbrio, com os 24 pilotos separados somente por 0s8, al\u00e9m das melhores voltas da pr\u00e9-temporada. O mais r\u00e1pido foi Maximilian G\u00fcnther, da BMW, que marcou 1min11s760.<\/p>\n\n\n\n<p class=\"wp-block-paragraph\"><strong>Conhe\u00e7a o canal do Grande Pr\u00eamio no YouTube! Clique\u00a0<a rel=\"noreferrer noopener\" href=\"https:\/\/youtube.com\/GrandePremioTV\" target=\"_blank\">aqui<\/a>.<br>Siga o Grande Pr\u00eamio no\u00a0<a rel=\"noreferrer noopener\" href=\"https:\/\/twitter.com\/grandepremio\" target=\"_blank\">Twitter\u00a0<\/a>e no\u00a0<a rel=\"noreferrer noopener\" href=\"https:\/\/instagram.com\/grandepremio\" target=\"_blank\">Instagram<\/a>!<\/strong><br><strong>Audi <a href=\"https:\/\/www.grandepremio.com\/br\/formula-e\/noticias\/audi-anuncia-fim-de-projeto-oficial-na-formula-e-e-entrada-no-dakar-em-2022\/\">encerra projeto oficial<\/a> na FE e entra no Dakar em 2022<\/strong><\/p>\n\n\n\n<p class=\"wp-block-paragraph\">A segunda coloca\u00e7\u00e3o foi uma surpresa no dia de melhores voltas: foi da Dragon, que tem sido a segunda pior equipe do pelot\u00e3o nos \u00faltimos anos. N\u00e3o apenas isso: com o tempo de S\u00e9rgio Sette C\u00e2mara, apenas 0s036 atr\u00e1s do l\u00edder. O companheiro, Nico M\u00fcller, foi o terceiro.<\/p>\n\n\n\n<p class=\"wp-block-paragraph\">Os tr\u00eas pilotos que vieram na sequ\u00eancia, Ant\u00f3nio F\u00e9lix da Costa, Mitch Evans &#8211; finalmente andando r\u00e1pido nos testes &#8211; e Pascal Wehrlein tamb\u00e9m anotaram tempos melhores que todos os que haviam sido registrados nas ses\u00f5es de testes anteriores.<\/p>\n\n\n\n<p class=\"wp-block-paragraph\">Oliver Rowland, Jean-\u00c9ric Vergne, Oliver Turvey e Norman Nato finalizaram o top-10. Com isso, oito das 12 equipes foram contempladas na primeira parte da tabela: BMW, Dragon, DS Techeetah, Jaguar, Porsche, Nissan, NIO e Venturi.<\/p>\n\n\n\n<figure class=\"wp-block-image size-large\"><img decoding=\"async\" src=\"https:\/\/www.grandepremio.com\/br\/wp-content\/uploads\/2020\/12\/GPF2-1024x576.jpeg\" alt=\"\" class=\"wp-image-439516\"\/><figcaption>Rast foi 20\u00ba e Di Grassi fechou em 24\u00ba (Foto: Audi Sport)<\/figcaption><\/figure>\n\n\n\n<p class=\"wp-block-paragraph\">Apesar de fora da lista, Virgin, Mahindra, Mercedes e Audi seguiram uma toada parecida. O 24\u00ba e \u00faltimo colocado foi Lucas Di Grassi, representante da futura desertora marca das tr\u00eas argolas, com 0s761 de defasagem para G\u00fcnther.<\/p>\n\n\n\n<p class=\"wp-block-paragraph\">O dia n\u00e3o contou com bandeiras vermelhas, mas uma s\u00e9rie de pilotos tiveram de pagar puni\u00e7\u00f5es de 15 minutos no pit-lane por conta de desrespeito aos limites da pista nas curvas um, seis e dez.<\/p>\n\n\n\n<p class=\"wp-block-paragraph\">Na contagem geral dos tempos, 21 dos 24 pilotos fizeram suas voltas mais r\u00e1pidas nesta quinta sess\u00e3o. Somente Alex Lynn e Sam Bird foram mais r\u00e1pidos na tarde do domingo, enquanto Di Grassi foi mais veloz na manh\u00e3 do domingo.<\/p>\n\n\n\n<p class=\"wp-block-paragraph\">A F\u00f3rmula E agora come\u00e7a a enviar carros e todo o material e equipamento dispon\u00edvel para o Chile. No dia 16 de janeiro, a temporada abre no Parque O&#8217;Higgins, em Santiago.<\/p>\n\n\n\n<p class=\"wp-block-paragraph\"><strong>F\u00f3rmula E 2020, Val\u00eancia, Testes Coletivos, Dia 3, Manh\u00e3:<\/strong><\/p>\n\n\n\n<figure class=\"wp-block-table\"><table><tbody><tr><td>1<\/td><td>M G\u00dcNTHER<\/td><td>BMW<\/td><td>&nbsp;<\/td><td>1:11.760<\/td><td>&nbsp;<\/td><td>80<\/td><\/tr><tr><td>2<\/td><td>S. SETTE C\u00c2MARA<\/td><td>Dragon Penske<\/td><td>&nbsp;<\/td><td>1:11.796<\/td><td>+0.036<\/td><td>55<\/td><\/tr><tr><td>3<\/td><td>N M\u00dcLLER<\/td><td>Dragon Penske<\/td><td>&nbsp;<\/td><td>1:11.810<\/td><td>+0.050<\/td><td>72<\/td><\/tr><tr><td>4<\/td><td>A.F DA COSTA<\/td><td>DS Techeetah<\/td><td>&nbsp;<\/td><td>1:11.815<\/td><td>+0.055<\/td><td>81<\/td><\/tr><tr><td>5<\/td><td>M EVANS<\/td><td>Jaguar<\/td><td>&nbsp;<\/td><td>1:11.880<\/td><td>+0.120<\/td><td>76<\/td><\/tr><tr><td>6<\/td><td>P WEHRLEIN<\/td><td>Porsche<\/td><td>&nbsp;<\/td><td>1:11.908<\/td><td>+0.287<\/td><td>68<\/td><\/tr><tr><td>7<\/td><td>O ROWLAND<\/td><td>Nissan<\/td><td>&nbsp;<\/td><td>1:11.943<\/td><td>+0.148<\/td><td>61<\/td><\/tr><tr><td>8<\/td><td>J.E VERGNE<\/td><td>DS Techeetah<\/td><td>&nbsp;<\/td><td>1:11.978<\/td><td>+0.183<\/td><td>78<\/td><\/tr><tr><td>9<\/td><td>O TURVEY<\/td><td>NIO<\/td><td>&nbsp;<\/td><td>1:11.996<\/td><td>+0.218<\/td><td>92<\/td><\/tr><tr><td>10<\/td><td>N NATO<\/td><td>Venturi Mercedes<\/td><td>&nbsp;<\/td><td>1:12.002<\/td><td>+0.236<\/td><td>84<\/td><\/tr><tr><td>11<\/td><td>J DENNIS<\/td><td>BMW<\/td><td>&nbsp;<\/td><td>1:12.047<\/td><td>+0.242<\/td><td>76<\/td><\/tr><tr><td>12<\/td><td>E MORTARA<\/td><td>Venturi Mercedes<\/td><td>&nbsp;<\/td><td>1:12.066<\/td><td>+0.306<\/td><td>69<\/td><\/tr><tr><td>13<\/td><td>N CASSIDY<\/td><td>Virgin Audi<\/td><td>&nbsp;<\/td><td>1:12.099<\/td><td>+0.339<\/td><td>81<\/td><\/tr><tr><td>14<\/td><td>S BUEMI<\/td><td>Nissan<\/td><td>&nbsp;<\/td><td>1:12.134<\/td><td>+0.374<\/td><td>55<\/td><\/tr><tr><td>15<\/td><td>A SIMS<\/td><td>Mahindra<\/td><td>&nbsp;<\/td><td>1:12.163<\/td><td>+0.403<\/td><td>89<\/td><\/tr><tr><td>16<\/td><td>A LYNN<\/td><td>Mahindra<\/td><td>&nbsp;<\/td><td>1:12.180<\/td><td>+0.420<\/td><td>91<\/td><\/tr><tr><td>17<\/td><td>A LOTTERER<\/td><td>Porsche<\/td><td>&nbsp;<\/td><td>1:12.205<\/td><td>+0.445<\/td><td>84<\/td><\/tr><tr><td>18<\/td><td>S VANDOORNE<\/td><td>Mercedes<\/td><td>&nbsp;<\/td><td>1:12.219<\/td><td>+0.459<\/td><td>78<\/td><\/tr><tr><td>19<\/td><td>R FRIJNS<\/td><td>Virgin Audi<\/td><td>&nbsp;<\/td><td>1:12.244<\/td><td>+0.484<\/td><td>73<\/td><\/tr><tr><td>20<\/td><td>R RAST<\/td><td>Audi<\/td><td>&nbsp;<\/td><td>1:12.245<\/td><td>+0.485<\/td><td>98<\/td><\/tr><tr><td>21<\/td><td>N DE VRIES<\/td><td>Mercedes<\/td><td>&nbsp;<\/td><td>1:12.279<\/td><td>+0.519<\/td><td>76<\/td><\/tr><tr><td>22<\/td><td>T BLOMQVIST<\/td><td>NIO<\/td><td>&nbsp;<\/td><td>1:12.308<\/td><td>+0.548<\/td><td>88<\/td><\/tr><tr><td>23<\/td><td>S BIRD<\/td><td>Jaguar<\/td><td>&nbsp;<\/td><td>1:12.339<\/td><td>+0.579<\/td><td>55<\/td><\/tr><tr><td>24<\/td><td>L DI GRASSI<\/td><td>Audi<\/td><td>&nbsp;<\/td><td>1:12.521<\/td><td>+0.761<\/td><td>68<\/td><\/tr><\/tbody><\/table><\/figure>\n\n\n\n<figure class=\"wp-block-embed-youtube wp-block-embed is-type-video is-provider-youtube wp-embed-aspect-16-9 wp-has-aspect-ratio\"><div class=\"wp-block-embed__wrapper\">\n<iframe loading=\"lazy\" title=\"AINDA ASSIM ME LEVANTO \u2014 Lewis Hamilton, o maior da F1 | Doc. GP, Parte 2\" width=\"500\" height=\"281\" src=\"https:\/\/www.youtube.com\/embed\/43b4tNikqY4?feature=oembed\" frameborder=\"0\" allow=\"accelerometer; autoplay; clipboard-write; encrypted-media; gyroscope; picture-in-picture; web-share\" referrerpolicy=\"strict-origin-when-cross-origin\" allowfullscreen><\/iframe>\n<\/div><\/figure>\n","protected":false},"excerpt":{"rendered":"<p>O fim da pr\u00e9-temporada em Val\u00eancia teve a BMW na ponta e Lucas Di Grassi, com a Audi, na \u00faltima coloca\u00e7\u00e3o. Pr\u00f3xima parada \u00e9 Santiago<\/p>\n","protected":false},"author":0,"featured_media":1000439517,"comment_status":"closed","ping_status":"closed","sticky":false,"template":"","format":"standard","meta":{"42wp_featured_image_caption":"","42wp_featured_image_credits":"","42wp_featured_video":"","42wp_featured_image_hidden":false,"42wp_authors_list":[],"footnotes":""},"categories":[19],"tags":[25774,707,195,24985,966,25777,25297,25527,1881,26648],"42wp_author":[47120],"class_list":["post-124848","post","type-post","status-publish","format-standard","has-post-thumbnail","hentry","category-formula-e","tag-antonio-felix-da-costa","tag-bmw","tag-fe-2020","tag-formula-e-2020-2","tag-lucas-di-grassi","tag-maximilian-gunther-2","tag-pre-temporada-2","tag-sergio-sette-camara-2","tag-testes-coletivos","tag-valencia-2","42wp_author-pedro-henrique-marum"],"_links":{"self":[{"href":"https:\/\/grandepremio.com\/br\/wp-json\/wp\/v2\/posts\/124848","targetHints":{"allow":["GET"]}}],"collection":[{"href":"https:\/\/grandepremio.com\/br\/wp-json\/wp\/v2\/posts"}],"about":[{"href":"https:\/\/grandepremio.com\/br\/wp-json\/wp\/v2\/types\/post"}],"replies":[{"embeddable":true,"href":"https:\/\/grandepremio.com\/br\/wp-json\/wp\/v2\/comments?post=124848"}],"version-history":[{"count":0,"href":"https:\/\/grandepremio.com\/br\/wp-json\/wp\/v2\/posts\/124848\/revisions"}],"wp:featuredmedia":[{"embeddable":true,"href":"https:\/\/grandepremio.com\/br\/wp-json\/wp\/v2\/media\/1000439517"}],"wp:attachment":[{"href":"https:\/\/grandepremio.com\/br\/wp-json\/wp\/v2\/media?parent=124848"}],"wp:term":[{"taxonomy":"category","embeddable":true,"href":"https:\/\/grandepremio.com\/br\/wp-json\/wp\/v2\/categories?post=124848"},{"taxonomy":"post_tag","embeddable":true,"href":"https:\/\/grandepremio.com\/br\/wp-json\/wp\/v2\/tags?post=124848"},{"taxonomy":"42wp_author","embeddable":true,"href":"https:\/\/grandepremio.com\/br\/wp-json\/wp\/v2\/42wp_author?post=124848"}],"curies":[{"name":"wp","href":"https:\/\/api.w.org\/{rel}","templated":true}]}}