{"id":124862,"date":"2020-12-01T06:47:09","date_gmt":"2020-12-01T09:47:09","guid":{"rendered":"https:\/\/grandepremio.com\/br\/noticias\/campeao-da-formula-3-piastri-e-promovido-pela-prema-e-disputa-formula-2-em-2021\/"},"modified":"2020-12-01T06:47:14","modified_gmt":"2020-12-01T09:47:14","slug":"campeao-da-formula-3-piastri-e-promovido-pela-prema-e-disputa-formula-2-em-2021","status":"publish","type":"post","link":"https:\/\/grandepremio.com\/br\/f2\/campeao-da-formula-3-piastri-e-promovido-pela-prema-e-disputa-formula-2-em-2021\/","title":{"rendered":"Campe\u00e3o da F\u00f3rmula 3, Piastri \u00e9 promovido pela Prema e disputa F\u00f3rmula 2 em 2021"},"content":{"rendered":"\n<figure class=\"wp-block-embed-youtube wp-block-embed is-type-video is-provider-youtube wp-embed-aspect-16-9 wp-has-aspect-ratio\"><div class=\"wp-block-embed__wrapper\">\n<iframe loading=\"lazy\" title=\"Romain GROSJEAN sobrevive, HAMILTON vence e FITTIPALDI estreia na F1 | Paddock GP #225\" width=\"500\" height=\"281\" src=\"https:\/\/www.youtube.com\/embed\/nQcPWRKNPOk?feature=oembed\" frameborder=\"0\" allow=\"accelerometer; autoplay; clipboard-write; encrypted-media; gyroscope; picture-in-picture; web-share\" referrerpolicy=\"strict-origin-when-cross-origin\" allowfullscreen><\/iframe>\n<\/div><\/figure>\n\n\n\n<p class=\"wp-block-paragraph\">A agitad\u00edssima manh\u00e3 de ter\u00e7a-feira (1), marcada pela <a href=\"https:\/\/www.grandepremio.com\/br\/f1\/noticias\/hamilton-testa-positivo-para-covid-19-e-fica-fora-do-gp-de-sakhir-de-f1\/\">confirma\u00e7\u00e3o da aus\u00eancia de Lewis Hamilton do GP de Sakhir depois do teste positivo para Covid-19<\/a> e do an\u00fancio da ida de <a href=\"https:\/\/www.grandepremio.com\/br\/f1\/noticias\/haas-confirma-mazepin-na-formula-1-em-acordo-plurianual-a-partir-de-2021\/\">Nikita Mazepin para a Haas na F\u00f3rmula 1, trouxe tamb\u00e9m uma nova oficializa\u00e7\u00e3o, desta vez na F\u00f3rmula 2<\/a>, mas que tem seu impacto na principal categoria do esporte a motor. A Prema Powerteam, hoje a principal equipe da categoria de acesso, confirmou que Oscar Piastri, <a href=\"https:\/\/www.grandepremio.com\/br\/f3\/noticias\/sargeant-bate-na-largada-e-piastri-e-campeao-da-f3-lawson-vence-em-mugello\/\">campe\u00e3o da F\u00f3rmula 3 neste ano<\/a>, segue com a equipe baseada em Vicenza e vai ser um dos pilotos na temporada 2021 da F2.<\/p>\n\n\n\n<p class=\"wp-block-paragraph\">Australiano de 19 anos nascido em Melbourne, Oscar \u00e9 vinculado ao programa de desenvolvimento de pilotos da Renault e conquistou, no ano passado, o t\u00edtulo da F\u00f3rmula Renault Eurocup, deixando para tr\u00e1s advers\u00e1rios como Victor Martins e Caio Collet.<\/p>\n\n\n\n<p class=\"wp-block-paragraph\">Nesta temporada, j\u00e1 contratado pela Prema para correr na F\u00f3rmula 3, travou disputa ao longo de todo o campeonato contra seus dois companheiros de equipe, Logan Sargeant e Frederik Vesti, e faturou o t\u00edtulo na \u00faltima etapa da temporada, em Mugello.<\/p>\n\n\n\n<figure class=\"wp-block-image size-large\"><img decoding=\"async\" src=\"https:\/\/www.grandepremio.com\/br\/wp-content\/uploads\/2020\/07\/Piastri-1024x564.jpg\" alt=\"\" class=\"wp-image-398852\"\/><figcaption>Oscar Piastri segue na Prema e vai subir para a F2 em 2021 (Foto: Reprodu\u00e7\u00e3o\/Renault)<\/figcaption><\/figure>\n\n\n\n<p class=\"wp-block-paragraph\"><strong>Conhe\u00e7a o canal do Grande Pr\u00eamio no YouTube! Clique\u00a0<a rel=\"noreferrer noopener\" href=\"https:\/\/youtube.com\/GrandePremioTV\" target=\"_blank\">aqui<\/a>.<br>Siga o Grande Pr\u00eamio no\u00a0<a rel=\"noreferrer noopener\" href=\"https:\/\/twitter.com\/grandepremio\" target=\"_blank\">Twitter\u00a0<\/a>e no\u00a0<a rel=\"noreferrer noopener\" href=\"https:\/\/instagram.com\/grandepremio\" target=\"_blank\">Instagram<\/a>!<\/strong><\/p>\n\n\n\n<p class=\"wp-block-paragraph\">A promo\u00e7\u00e3o de Piastri tem sua rela\u00e7\u00e3o com Mick Schumacher. O alem\u00e3o lidera a temporada 2020 da F\u00f3rmula 2 com 14 pontos de vantagem para Callum Ilott e tem tudo para confirmar a conquista do t\u00edtulo j\u00e1 no pr\u00f3ximo s\u00e1bado, na primeira das duas corridas da categoria no anel externo de Sakhir. \u00c9 esperado que a Haas anuncie a contrata\u00e7\u00e3o do filho de Michael Schumacher nos pr\u00f3ximos dias \u00e0 conquista do t\u00edtulo para fechar a dupla com Mazepin, oficializado nesta ter\u00e7a-feira.<\/p>\n\n\n\n<p class=\"wp-block-paragraph\">Piastri j\u00e1 vai participar dos testes de p\u00f3s-temporada com a Prema no Bahrein na semana que vem. Ser\u00e1 a chance de o piloto se familiarizar com o carro com o qual vai correr no ano que vem.<\/p>\n\n\n\n<p class=\"wp-block-paragraph\">\u201cEstou super animado por correr com a Prema na F\u00f3rmula 2 em 2021. Tivemos uma temporada de muito \u00eaxito em 2020, conquistando o t\u00edtulo da F\u00f3rmula 3 juntos, e espero ter mais um ano de sucesso com eles. A Prema provou que \u00e9 a equipe a ser batida mais uma vez na F\u00f3rmula 2 neste ano, ent\u00e3o estou muito feliz por correr o campeonato com eles\u201d, comemorou.<\/p>\n\n\n\n<p class=\"wp-block-paragraph\">\u201cEstou muito grato por seguir fazendo parte da fam\u00edlia Prema e estou ansioso por muito mais pizza e macarr\u00e3o\u201d, destacou o piloto da Prema ao mencionar a origem da equipe italiana.<\/p>\n\n\n\n<p class=\"wp-block-paragraph\">Ren\u00e9 Rosin, chefe de equipe da Prema na F\u00f3rmula 2, ressaltou as qualidades do australiano. \u201cEstamos muito satisfeitos em receber Oscar em nossa equipe da F\u00f3rmula 2. Ele n\u00e3o \u00e9 somente um piloto talentoso e com habilidades excepcionais\u201d, disse.<\/p>\n\n\n\n<p class=\"wp-block-paragraph\">\u201cEle tem um entendimento claro das complexidades do automobilismo de hoje e \u00e9 extremamente adapt\u00e1vel. Vi seu progresso e sucesso ao longo da temporada 2020, levando nossa rela\u00e7\u00e3o para o pr\u00f3ximo passo na F\u00f3rmula 2 em 2021. Pareceu a coisa natural a ser feita e estamos ansiosos para t\u00ea-lo na pista no Bahrein\u201d, complementou o dirigente.<\/p>\n\n\n\n<figure class=\"wp-block-embed-youtube wp-block-embed is-type-video is-provider-youtube wp-embed-aspect-16-9 wp-has-aspect-ratio\"><div class=\"wp-block-embed__wrapper\">\n<iframe loading=\"lazy\" title=\"Halo livra F1 de TRAG\u00c9DIA ao salvar VIDA de GROSJEAN | GP \u00e0s 10\" width=\"500\" height=\"281\" src=\"https:\/\/www.youtube.com\/embed\/e1lMBOmbS1Q?feature=oembed\" frameborder=\"0\" allow=\"accelerometer; autoplay; clipboard-write; encrypted-media; gyroscope; picture-in-picture; web-share\" referrerpolicy=\"strict-origin-when-cross-origin\" allowfullscreen><\/iframe>\n<\/div><\/figure>\n","protected":false},"excerpt":{"rendered":"<p>Com toda a expectativa pela ida de Mick Schumacher para a F\u00f3rmula 1 na pr\u00f3xima temporada, a equipe sediada em Vicenza anunciou nesta ter\u00e7a-feira que o australiano Oscar Piastri, vinculado ao programa de desenvolvimento da Renault, vai disputar a F\u00f3rmula 2 em 2021<\/p>\n","protected":false},"author":0,"featured_media":1000439397,"comment_status":"closed","ping_status":"closed","sticky":false,"template":"","format":"standard","meta":{"42wp_featured_image_caption":"","42wp_featured_image_credits":"","42wp_featured_video":"","42wp_featured_image_hidden":false,"42wp_authors_list":[],"footnotes":""},"categories":[9],"tags":[24837,24951,24945,24836,1294,2916,349,229],"42wp_author":[47110],"class_list":["post-124862","post","type-post","status-publish","format-standard","has-post-thumbnail","hentry","category-f2","tag-formula-1-2","tag-formula-2-2","tag-formula-3-2","tag-grande-premio-2","tag-mick-schumacher","tag-oscar-piastri","tag-prema","tag-renault","42wp_author-fernando-silva"],"_links":{"self":[{"href":"https:\/\/grandepremio.com\/br\/wp-json\/wp\/v2\/posts\/124862","targetHints":{"allow":["GET"]}}],"collection":[{"href":"https:\/\/grandepremio.com\/br\/wp-json\/wp\/v2\/posts"}],"about":[{"href":"https:\/\/grandepremio.com\/br\/wp-json\/wp\/v2\/types\/post"}],"replies":[{"embeddable":true,"href":"https:\/\/grandepremio.com\/br\/wp-json\/wp\/v2\/comments?post=124862"}],"version-history":[{"count":0,"href":"https:\/\/grandepremio.com\/br\/wp-json\/wp\/v2\/posts\/124862\/revisions"}],"wp:featuredmedia":[{"embeddable":true,"href":"https:\/\/grandepremio.com\/br\/wp-json\/wp\/v2\/media\/1000439397"}],"wp:attachment":[{"href":"https:\/\/grandepremio.com\/br\/wp-json\/wp\/v2\/media?parent=124862"}],"wp:term":[{"taxonomy":"category","embeddable":true,"href":"https:\/\/grandepremio.com\/br\/wp-json\/wp\/v2\/categories?post=124862"},{"taxonomy":"post_tag","embeddable":true,"href":"https:\/\/grandepremio.com\/br\/wp-json\/wp\/v2\/tags?post=124862"},{"taxonomy":"42wp_author","embeddable":true,"href":"https:\/\/grandepremio.com\/br\/wp-json\/wp\/v2\/42wp_author?post=124862"}],"curies":[{"name":"wp","href":"https:\/\/api.w.org\/{rel}","templated":true}]}}