{"id":124919,"date":"2020-11-29T12:21:08","date_gmt":"2020-11-29T15:21:08","guid":{"rendered":"https:\/\/grandepremio.com\/br\/noticias\/grato-por-saude-de-grosjean-hamilton-lembra-que-riscos-da-f1-nao-sao-brincadeira\/"},"modified":"2020-11-29T19:04:48","modified_gmt":"2020-11-29T22:04:48","slug":"grato-por-saude-de-grosjean-hamilton-lembra-que-riscos-da-f1-nao-sao-brincadeira","status":"publish","type":"post","link":"https:\/\/grandepremio.com\/br\/f1\/grato-por-saude-de-grosjean-hamilton-lembra-que-riscos-da-f1-nao-sao-brincadeira\/","title":{"rendered":"Grato por sa\u00fade de Grosjean, Hamilton lembra que riscos da F1 &#8220;n\u00e3o s\u00e3o brincadeira&#8221;"},"content":{"rendered":"\n<figure class=\"wp-block-video\"><video class=\"video-js vjs-big-play-centered\" data-gp-vjs=\"1\" controls src=\"https:\/\/www.grandepremio.com\/br\/wp-content\/uploads\/2020\/11\/SaidaGrosjean.mp4\"><\/video><\/figure>\n\n\n\n<p class=\"wp-block-paragraph\">O grave acidente que interrompeu o GP do Bahrein neste domingo (29) logo nos primeiros metros impressionou a todos, inclusive os pilotos. Durante a bandeira vermelha, Lewis Hamilton manifestou a gratid\u00e3o por Romain Grosjean estar com sa\u00fade e em seguran\u00e7a e lembrou: o trabalho dos pilotos de F\u00f3rmula 1 \u00e9 bastante arriscado.<\/p>\n\n\n\n<p class=\"wp-block-paragraph\"><strong>Conhe\u00e7a o canal do Grande Pr\u00eamio no YouTube! Clique\u00a0<a rel=\"noreferrer noopener\" href=\"https:\/\/youtube.com\/GrandePremioTV\" target=\"_blank\">aqui<\/a>.<br>Siga o Grande Pr\u00eamio no\u00a0<a rel=\"noreferrer noopener\" href=\"https:\/\/twitter.com\/grandepremio\" target=\"_blank\">Twitter\u00a0<\/a>e no\u00a0<a rel=\"noreferrer noopener\" href=\"https:\/\/instagram.com\/grandepremio\" target=\"_blank\">Instagram<\/a>!<\/strong><\/p>\n\n\n\n<p class=\"wp-block-paragraph\">O heptacampe\u00e3o fez uma r\u00e1pida declara\u00e7\u00e3o nas redes sociais. Ainda agradeceu aos desenvolvimentos no procedimento de seguran\u00e7a nos \u00faltimos anos e que permitiram Grosjean de escapar de um violento acidente.<\/p>\n\n\n\n<figure class=\"wp-block-video\"><video class=\"video-js vjs-big-play-centered\" data-gp-vjs=\"1\" controls src=\"https:\/\/www.grandepremio.com\/br\/wp-content\/uploads\/2020\/11\/0ezZGU-QDJwHCCjY.mp4\"><\/video><\/figure>\n\n\n\n<p class=\"wp-block-paragraph\">&#8220;Estou muito grato por Romain estar em seguran\u00e7a. O risco que n\u00f3s assumimos n\u00e3o s\u00e3o brincadeira para quem e esquece que colocamos nossas vidas em risco por este esporte e para fazer o que amamos&#8221;, disse.<\/p>\n\n\n\n<p class=\"wp-block-paragraph\">&#8220;\u00c9 uma lembran\u00e7a para todos n\u00f3s. Agrade\u00e7o \u00e0 FIA pela grande evolu\u00e7\u00e3o que foram atingidas para que Romain saia dessa em seguran\u00e7a&#8221;, finalizou.<\/p>\n\n\n\n<p class=\"wp-block-paragraph\">Apesar de ter ficado quase 30 segundos no carro em chamas, Grosjean n\u00e3o sofreu les\u00f5es mais graves, segundo informou a Haas. A equipe falou do estado de sa\u00fade e registrou que o franc\u00eas tem queimaduras na m\u00e3o e no tornozelo. H\u00e1 ainda suspeita de uma fratura de costela.<\/p>\n\n\n\n<p class=\"wp-block-paragraph\">O GP do Bahrein agora sofrer\u00e1 um grande atraso para a repara\u00e7\u00e3o da barreira onde Grosjean bateu, O\u00a0<strong>GRANDE PR\u00caMIO<\/strong>\u00a0acompanha a corrida\u00a0<strong><a href=\"https:\/\/www.grandepremio.com\/br\/ao-vivo\/f1\/gp-do-bahrein-2020-corrida\/\">EM TEMPO REAL<\/a><\/strong>\u00a0e, assim que terminar a prova, apresenta o\u00a0<strong>BRIEFING<\/strong>\u00a0AO VIVO na\u00a0<a href=\"https:\/\/www.youtube.com\/c\/GrandePremioTV\/featured\">GPTV, o canal do GRANDE PR\u00caMIO no YouTube<\/a>.<\/p>\n\n\n\n<figure class=\"wp-block-embed-youtube wp-block-embed is-type-video is-provider-youtube wp-embed-aspect-16-9 wp-has-aspect-ratio\"><div class=\"wp-block-embed__wrapper\">\n<iframe loading=\"lazy\" title=\"F1 2020: HAMILTON 98: a classifica\u00e7\u00e3o e o pr\u00e9-corrida do GP DO BAHREIN | Briefing\" width=\"500\" height=\"281\" src=\"https:\/\/www.youtube.com\/embed\/v50SoKxLnN8?feature=oembed\" frameborder=\"0\" allow=\"accelerometer; autoplay; clipboard-write; encrypted-media; gyroscope; picture-in-picture; web-share\" referrerpolicy=\"strict-origin-when-cross-origin\" allowfullscreen><\/iframe>\n<\/div><\/figure>\n","protected":false},"excerpt":{"rendered":"<p>De acordo com Hamilton, apesar de Grosjean estar com sa\u00fade, o acidente foi uma recorda\u00e7\u00e3o de todos os riscos humanos do esporte<\/p>\n","protected":false},"author":0,"featured_media":1000438937,"comment_status":"closed","ping_status":"closed","sticky":false,"template":"","format":"standard","meta":{"42wp_featured_image_caption":"","42wp_featured_image_credits":"","42wp_featured_video":"","42wp_featured_image_hidden":false,"42wp_authors_list":[],"footnotes":""},"categories":[2],"tags":[487,118,1267,24837,1754,26783,610,87,120,1756],"42wp_author":[47120],"class_list":["post-124919","post","type-post","status-publish","format-standard","has-post-thumbnail","hentry","category-f1","tag-acidente","tag-f1-2020","tag-fogo","tag-formula-1-2","tag-gp-do-bahrein","tag-incendio","tag-largada","tag-lewis-hamilton","tag-romain-grosjean","tag-sakhir","42wp_author-pedro-henrique-marum"],"_links":{"self":[{"href":"https:\/\/grandepremio.com\/br\/wp-json\/wp\/v2\/posts\/124919","targetHints":{"allow":["GET"]}}],"collection":[{"href":"https:\/\/grandepremio.com\/br\/wp-json\/wp\/v2\/posts"}],"about":[{"href":"https:\/\/grandepremio.com\/br\/wp-json\/wp\/v2\/types\/post"}],"replies":[{"embeddable":true,"href":"https:\/\/grandepremio.com\/br\/wp-json\/wp\/v2\/comments?post=124919"}],"version-history":[{"count":0,"href":"https:\/\/grandepremio.com\/br\/wp-json\/wp\/v2\/posts\/124919\/revisions"}],"wp:featuredmedia":[{"embeddable":true,"href":"https:\/\/grandepremio.com\/br\/wp-json\/wp\/v2\/media\/1000438937"}],"wp:attachment":[{"href":"https:\/\/grandepremio.com\/br\/wp-json\/wp\/v2\/media?parent=124919"}],"wp:term":[{"taxonomy":"category","embeddable":true,"href":"https:\/\/grandepremio.com\/br\/wp-json\/wp\/v2\/categories?post=124919"},{"taxonomy":"post_tag","embeddable":true,"href":"https:\/\/grandepremio.com\/br\/wp-json\/wp\/v2\/tags?post=124919"},{"taxonomy":"42wp_author","embeddable":true,"href":"https:\/\/grandepremio.com\/br\/wp-json\/wp\/v2\/42wp_author?post=124919"}],"curies":[{"name":"wp","href":"https:\/\/api.w.org\/{rel}","templated":true}]}}