{"id":125011,"date":"2020-11-25T10:58:49","date_gmt":"2020-11-25T13:58:49","guid":{"rendered":"https:\/\/grandepremio.com\/br\/noticias\/brawn-diz-que-ferrari-deve-priorizar-carro-de-2022-nao-pode-perder-a-oportunidade\/"},"modified":"2020-11-25T10:58:54","modified_gmt":"2020-11-25T13:58:54","slug":"brawn-diz-que-ferrari-deve-priorizar-carro-de-2022-nao-pode-perder-a-oportunidade","status":"publish","type":"post","link":"https:\/\/grandepremio.com\/br\/f1\/brawn-diz-que-ferrari-deve-priorizar-carro-de-2022-nao-pode-perder-a-oportunidade\/","title":{"rendered":"Brawn diz que Ferrari deve priorizar carro de 2022: &#8220;N\u00e3o pode perder a oportunidade&#8221;"},"content":{"rendered":"\n<p class=\"wp-block-paragraph\">Ross Brawn conhece bem a Ferrari, local onde trabalhou por dez anos, entre 1996 e 2006. Atual diretor-esportivo da F\u00f3rmula 1, o brit\u00e2nico acredita que a escuderia tem boas chances de voltar ao caminho das vit\u00f3rias em 2022, com a entrada do novo regulamento na categoria.<\/p>\n\n\n\n<p class=\"wp-block-paragraph\">Sem vit\u00f3rias neste ano, o \u00faltimo triunfo da Ferrari foi no GP de Singapura de 2019, com Sebastian Vettel. Para 2021,<a href=\"https:\/\/www.grandepremio.com\/br\/f1\/noticias\/chefe-da-ferrari-confirma-que-nao-vai-ao-bahrein-nem-sempre-sou-necessario-na-pista\/\"> as equipes devem fazer poucas modifica\u00e7\u00f5es nos carros<\/a> por conta do corte de gastos previsto ap\u00f3s a pandemia de Covid-19. O novo regulamento, portanto, acabou adiado.<\/p>\n\n\n\n<p class=\"wp-block-paragraph\">&#8220;Acho que 2022 \u00e9 uma grande oportunidade, com um novo estilo dos carros. N\u00e3o tenho d\u00favida de que v\u00e3o trabalhar duro no pr\u00f3ximo ano em Maranello, mas a prioridade deve ser 2022, n\u00e3o podem perder essa oportunidade&#8221;, disse Brawn ao jornal italiano La Gazzetta dello Sport.<\/p>\n\n\n\n\n\n<figure class=\"wp-block-image size-large\"><img decoding=\"async\" src=\"https:\/\/www.grandepremio.com\/br\/wp-content\/uploads\/2020\/07\/Barrichello20anos08-1024x672.jpg\" alt=\"\" class=\"wp-image-401210\"\/><figcaption>Ross Brawn passou pela Ferrari entre 1996 e 2006 (Foto: AFP)<\/figcaption><\/figure>\n\n\n\n<p class=\"wp-block-paragraph\">Na entrevista, Brawn tamb\u00e9m comentou o s\u00e9timo t\u00edtulo de Lewis Hamilton na F1, conquistado no GP da Turquia.<\/p>\n\n\n\n<p class=\"wp-block-paragraph\">&#8220;Ele [Hamilton] \u00e9 parte de uma equipe excepcional e tem pelo menos mais tr\u00eas ou quatro anos pela frente em alto n\u00edvel. Neste momento, \u00e9 dif\u00edcil saber quem pode par\u00e1-lo&#8221;, afirmou.<\/p>\n\n\n\n<p class=\"wp-block-paragraph\">Por fim, o dirigente tamb\u00e9m comentou sobre o calend\u00e1rio da pr\u00f3xima temporada, com 23 datas definidas e 22 corridas j\u00e1 confirmadas. Apesar das certezas iniciais, Brawn admitiu que a pandemia de Covid-19 pode afetar os planos da categoria mais uma vez.<\/p>\n\n\n\n<p class=\"wp-block-paragraph\">&#8220;N\u00e3o temos d\u00favida de que queremos voltar a uma vida normal no pr\u00f3ximo ano. Alguns pa\u00edses estar\u00e3o melhores que outros financeiramente e poder\u00e3o fazer ofertas comerciais superiores, isso precisa estar em jogo. O aspecto comercial ter\u00e1 um peso maior do que neste ano&#8221;, finalizou.<\/p>\n\n\n\n<p class=\"wp-block-paragraph\"><strong>Conhe\u00e7a o canal do Grande Pr\u00eamio no YouTube! Clique\u00a0<a rel=\"noreferrer noopener\" href=\"https:\/\/youtube.com\/GrandePremioTV\" target=\"_blank\">aqui<\/a>.<br>Siga o Grande Pr\u00eamio no\u00a0<a rel=\"noreferrer noopener\" href=\"https:\/\/twitter.com\/grandepremio\" target=\"_blank\">Twitter\u00a0<\/a>e no\u00a0<a rel=\"noreferrer noopener\" href=\"https:\/\/instagram.com\/grandepremio\" target=\"_blank\">Instagram<\/a>!<\/strong><\/p>\n\n\n","protected":false},"excerpt":{"rendered":"<p>Ross Brawn, diretor-esportivo da F\u00f3rmula 1, acredita que a grande chance da Ferrari para retomar as vit\u00f3rias vai ser apenas em 2022. Por isso, sugeriu foco total da equipe no novo regulamento, mesmo com 2021 no meio do caminho<\/p>\n","protected":false},"author":0,"featured_media":1000435666,"comment_status":"closed","ping_status":"closed","sticky":false,"template":"","format":"standard","meta":{"42wp_featured_image_caption":"","42wp_featured_image_credits":"","42wp_featured_video":"","42wp_featured_image_hidden":false,"42wp_authors_list":[],"footnotes":""},"categories":[2],"tags":[147,118,1357,207,24837,24860,562,506,145],"42wp_author":[47135],"class_list":["post-125011","post","type-post","status-publish","format-standard","has-post-thumbnail","hentry","category-f1","tag-f1","tag-f1-2020","tag-f1-2022","tag-ferrari","tag-formula-1-2","tag-formula-1-2020-2","tag-novo-regulamento","tag-regulamento","tag-ross-brawn","42wp_author-pedro-luis-cuenca"],"_links":{"self":[{"href":"https:\/\/grandepremio.com\/br\/wp-json\/wp\/v2\/posts\/125011","targetHints":{"allow":["GET"]}}],"collection":[{"href":"https:\/\/grandepremio.com\/br\/wp-json\/wp\/v2\/posts"}],"about":[{"href":"https:\/\/grandepremio.com\/br\/wp-json\/wp\/v2\/types\/post"}],"replies":[{"embeddable":true,"href":"https:\/\/grandepremio.com\/br\/wp-json\/wp\/v2\/comments?post=125011"}],"version-history":[{"count":0,"href":"https:\/\/grandepremio.com\/br\/wp-json\/wp\/v2\/posts\/125011\/revisions"}],"wp:featuredmedia":[{"embeddable":true,"href":"https:\/\/grandepremio.com\/br\/wp-json\/wp\/v2\/media\/1000435666"}],"wp:attachment":[{"href":"https:\/\/grandepremio.com\/br\/wp-json\/wp\/v2\/media?parent=125011"}],"wp:term":[{"taxonomy":"category","embeddable":true,"href":"https:\/\/grandepremio.com\/br\/wp-json\/wp\/v2\/categories?post=125011"},{"taxonomy":"post_tag","embeddable":true,"href":"https:\/\/grandepremio.com\/br\/wp-json\/wp\/v2\/tags?post=125011"},{"taxonomy":"42wp_author","embeddable":true,"href":"https:\/\/grandepremio.com\/br\/wp-json\/wp\/v2\/42wp_author?post=125011"}],"curies":[{"name":"wp","href":"https:\/\/api.w.org\/{rel}","templated":true}]}}