{"id":125020,"date":"2020-11-25T07:56:56","date_gmt":"2020-11-25T10:56:56","guid":{"rendered":"https:\/\/grandepremio.com\/br\/noticias\/veloce-anuncia-chadwick-na-temporada-de-estreia-da-extreme-e-em-2021\/"},"modified":"2020-11-25T07:57:02","modified_gmt":"2020-11-25T10:57:02","slug":"veloce-anuncia-chadwick-na-temporada-de-estreia-da-extreme-e-em-2021","status":"publish","type":"post","link":"https:\/\/grandepremio.com\/br\/formula-e\/veloce-anuncia-chadwick-na-temporada-de-estreia-da-extreme-e-em-2021\/","title":{"rendered":"Veloce anuncia Chadwick na temporada de estreia da Extreme E em 2021"},"content":{"rendered":"\n<p class=\"wp-block-paragraph\">Jamie Chadwick vai estar no grid da temporada de estreia da Extreme E. Nesta quarta-feira (25), a Veloce anunciou a inglesa como o primeiro nome da equipe, promovendo tamb\u00e9m a estreia da pilota em provas off-road.<\/p>\n\n\n\n<p class=\"wp-block-paragraph\">A categoria, <a href=\"https:\/\/www.grandepremio.com\/br\/formula-e\/noticias\/extreme-e-promove-igualdade-de-genero-e-traz-grid-com-homens-e-mulheres-para-1-temporada\/\">que promove a igualdade de g\u00eanero<\/a>, \u00e9 a primeira off-road el\u00e9trica do mundo. O conceito da competi\u00e7\u00e3o \u00e9 de ser uma nova maneira de entretenimento e correr em ambientes remotos para promover alertas das mudan\u00e7as clim\u00e1ticas nesses ecossistemas. <a href=\"https:\/\/www.grandepremio.com\/br\/formula-e\/noticias\/com-final-na-patagonia-extreme-e-divulga-novo-calendario-para-temporada-inaugural\/\">O calend\u00e1rio, que conta com cinco etapas, passa pelo Brasil, em Santar\u00e9m, no Par\u00e1<\/a>. A abertura da temporada acontece nos dias 20 e 21 de mar\u00e7o, na Ar\u00e1bia Saudita.<\/p>\n\n\n\n<p class=\"wp-block-paragraph\">\u201cEstou orgulhosa de pilotas para a Veloce em um campeonato t\u00e3o revolucion\u00e1rio como as Extreme E. Estive envolvida com a equipe por um longo tempo e s\u00e3o como uma fam\u00edlia para mim, estou incrivelmente honrada em ser sua pilota em um campeonato t\u00e3o animador e importante\u201d, disse a competidora de 22 anos.<\/p>\n\n\n\n<p class=\"wp-block-paragraph\">\u201cAs mudan\u00e7as clim\u00e1ticas s\u00e3o algo que afeta a todos n\u00f3s, ent\u00e3o, estou ansiosa para come\u00e7ar a fazer minha parte para lutar contra isso. Posso dizer que testar o carro foi uma das experi\u00eancias mais divertidas que j\u00e1 tive em minha carreira at\u00e9 o momento\u201d, continuou.<\/p>\n\n\n\n<figure class=\"wp-block-image size-large\"><img decoding=\"async\" src=\"https:\/\/www.grandepremio.com\/br\/wp-content\/uploads\/2020\/11\/EnqEFUYW8AAH364-1024x666.jpg\" alt=\"\" class=\"wp-image-438095\"\/><figcaption>Chadwick faz a estreia na Extreme E pela Veloce (Foto: Reprodu\u00e7\u00e3o)<\/figcaption><\/figure>\n\n\n\n<p class=\"wp-block-paragraph\">\u201cMal posso esperar para ir at\u00e9 os incr\u00edveis locais onde correremos no ano que vem. Esses s\u00e3o alguns dos mais belos e perigosos locais de nosso planeta. Tanto dentro quanto fora da pista, promete ser uma jornada recompensadora\u201d, concluiu a atual campe\u00e3 da W Series.<\/p>\n\n\n\n<p class=\"wp-block-paragraph\">A pilota de desenvolvimento da Williams j\u00e1 tem experi\u00eancia com carros el\u00e9tricos, participando do teste de novatos da F\u00f3rmula E com a NIO e Jaguar. Na \u00faltima semana, testou o Odyssey 21 da Extreme E em Fontjoncouse, no sul da Fran\u00e7a.<\/p>\n\n\n\n<p class=\"wp-block-paragraph\">\u201cConquistando t\u00edtulos em carros esportivos e monopostos, n\u00e3o h\u00e1 raz\u00e3o para que n\u00e3o transfira as habilidades e ven\u00e7a na Extreme E, que promete ter um grid de alto calibre. Seu primeiro teste no carro durante nosso shakedown na Fran\u00e7a, na \u00faltima semana, foi muito positivo e um come\u00e7o encorajador\u201d, disse Ian Davis, chefe da Veloce.<\/p>\n\n\n\n<p class=\"wp-block-paragraph\">\u201cSua experi\u00eancia nos monospostos e competi\u00e7\u00f5es de GT foram importantes em um primeiro desenvolvimento do carro, al\u00e9m de ter significativo input em nossos refinamentos de engenharia\u201d, emendou o dirigente.<\/p>\n\n\n\n<p class=\"wp-block-paragraph\">\u201cJamie tem conhecimento de que o off-road \u00e9 completamente novo para ela, mas aprende r\u00e1pido e escuta cuidadosamente tudo o que dizemos, trabalhou bem com os engenheiros, levou tudo para dentro do carro e, o mais importante, ficou cada vez mais r\u00e1pida a cada volta\u201d, encerrou.<\/p>\n\n\n\n<p class=\"wp-block-paragraph\">Em 2020, com o cancelamento da temporada 2020 da W Series por conta da pandemia, a competidora nascida em Bath disputou o campeonato da F\u00f3rmula Regional Europeia pela Prema, terminando o campeonato na d\u00e9cima posi\u00e7\u00e3o com um terceiro lugar como melhor resultado.<\/p>\n\n\n\n<p class=\"wp-block-paragraph\">Lewis Hamilton e Nico Rosberg estar\u00e3o envolvidos com a Extreme E desde seu ano de estreia. Os ex-companheiros de Mercedes anunciaram equipes no grid, <a href=\"https:\/\/www.grandepremio.com\/br\/formula-e\/noticias\/hamilton-vira-dono-de-equipe-e-lanca-x44-para-primeira-temporada-da-extreme-e\/\">a X44<\/a> e <a href=\"https:\/\/www.grandepremio.com\/br\/formula-e\/noticias\/rosberg-segue-passos-de-hamilton-e-tambem-lanca-equipe-na-extreme-e\/\">Rosberg Extreme Racing<\/a>, respectivamente.<\/p>\n\n\n\n<figure class=\"wp-block-video\"><video class=\"video-js vjs-big-play-centered\" data-gp-vjs=\"1\" controls src=\"https:\/\/www.grandepremio.com\/br\/wp-content\/uploads\/2020\/11\/F9qJplDVw0VaS31A.mp4\"><\/video><\/figure>\n\n\n\n<figure class=\"wp-block-embed-youtube wp-block-embed is-type-video is-provider-youtube wp-embed-aspect-16-9 wp-has-aspect-ratio\"><div class=\"wp-block-embed__wrapper\">\n<iframe loading=\"lazy\" title=\"F1 no Bahrein + final da MotoGP + Indy - com TONY KANAAN | Paddock GP #224\" width=\"500\" height=\"281\" src=\"https:\/\/www.youtube.com\/embed\/HZI6EgNffXg?feature=oembed\" frameborder=\"0\" allow=\"accelerometer; autoplay; clipboard-write; encrypted-media; gyroscope; picture-in-picture; web-share\" referrerpolicy=\"strict-origin-when-cross-origin\" allowfullscreen><\/iframe>\n<\/div><\/figure>\n","protected":false},"excerpt":{"rendered":"<p>A equipe anunciou a inglesa como o primeiro nome da dupla para a temporada 2021. A atual campe\u00e3 da W Series vai fazer sua estreia em competi\u00e7\u00f5es off-road<\/p>\n","protected":false},"author":0,"featured_media":1000438095,"comment_status":"closed","ping_status":"closed","sticky":false,"template":"","format":"standard","meta":{"42wp_featured_image_caption":"","42wp_featured_image_credits":"","42wp_featured_video":"","42wp_featured_image_hidden":false,"42wp_authors_list":[],"footnotes":""},"categories":[19],"tags":[1405,25000,476],"42wp_author":[47123],"class_list":["post-125020","post","type-post","status-publish","format-standard","has-post-thumbnail","hentry","category-formula-e","tag-extreme-e","tag-formula-e-2","tag-jamie-chadwick","42wp_author-nathalia-de-vivo"],"_links":{"self":[{"href":"https:\/\/grandepremio.com\/br\/wp-json\/wp\/v2\/posts\/125020","targetHints":{"allow":["GET"]}}],"collection":[{"href":"https:\/\/grandepremio.com\/br\/wp-json\/wp\/v2\/posts"}],"about":[{"href":"https:\/\/grandepremio.com\/br\/wp-json\/wp\/v2\/types\/post"}],"replies":[{"embeddable":true,"href":"https:\/\/grandepremio.com\/br\/wp-json\/wp\/v2\/comments?post=125020"}],"version-history":[{"count":0,"href":"https:\/\/grandepremio.com\/br\/wp-json\/wp\/v2\/posts\/125020\/revisions"}],"wp:featuredmedia":[{"embeddable":true,"href":"https:\/\/grandepremio.com\/br\/wp-json\/wp\/v2\/media\/1000438095"}],"wp:attachment":[{"href":"https:\/\/grandepremio.com\/br\/wp-json\/wp\/v2\/media?parent=125020"}],"wp:term":[{"taxonomy":"category","embeddable":true,"href":"https:\/\/grandepremio.com\/br\/wp-json\/wp\/v2\/categories?post=125020"},{"taxonomy":"post_tag","embeddable":true,"href":"https:\/\/grandepremio.com\/br\/wp-json\/wp\/v2\/tags?post=125020"},{"taxonomy":"42wp_author","embeddable":true,"href":"https:\/\/grandepremio.com\/br\/wp-json\/wp\/v2\/42wp_author?post=125020"}],"curies":[{"name":"wp","href":"https:\/\/api.w.org\/{rel}","templated":true}]}}