{"id":125064,"date":"2020-11-23T06:30:37","date_gmt":"2020-11-23T09:30:37","guid":{"rendered":"https:\/\/grandepremio.com\/br\/noticias\/hamilton-nao-ser-racista-nao-e-suficiente-voce-tem-de-ser-antirracista\/"},"modified":"2020-11-23T06:30:43","modified_gmt":"2020-11-23T09:30:43","slug":"hamilton-nao-ser-racista-nao-e-suficiente-voce-tem-de-ser-antirracista","status":"publish","type":"post","link":"https:\/\/grandepremio.com\/br\/f1\/hamilton-nao-ser-racista-nao-e-suficiente-voce-tem-de-ser-antirracista\/","title":{"rendered":"Hamilton reitera que \u201capenas n\u00e3o ser racista n\u00e3o \u00e9 suficiente: voc\u00ea tem de ser antirracista\u201d"},"content":{"rendered":"\n<figure class=\"wp-block-embed-youtube wp-block-embed is-type-video is-provider-youtube wp-embed-aspect-16-9 wp-has-aspect-ratio\"><div class=\"wp-block-embed__wrapper\">\n<iframe loading=\"lazy\" title=\"AINDA ASSIM ME LEVANTO \u2014 Lewis Hamilton, o maior da F1 | Doc. GP,  Parte 1\" width=\"500\" height=\"281\" src=\"https:\/\/www.youtube.com\/embed\/roSQOzOwQE8?feature=oembed\" frameborder=\"0\" allow=\"accelerometer; autoplay; clipboard-write; encrypted-media; gyroscope; picture-in-picture; web-share\" referrerpolicy=\"strict-origin-when-cross-origin\" allowfullscreen><\/iframe>\n<\/div><\/figure>\n\n\n\n<p class=\"wp-block-paragraph\">Muito mais do que a trajet\u00f3ria \u00edmpar na F\u00f3rmula 1 com os sete t\u00edtulos mundiais, 94 vit\u00f3rias e 97 poles em uma carreira de 264 GPs disputados, Lewis Hamilton tem um legado que vai muito al\u00e9m das pistas. A voz do brit\u00e2nico de 35 anos ecoa para falar n\u00e3o apenas das suas gl\u00f3rias no esporte a motor, mas tamb\u00e9m brada contra o racismo e toda forma de preconceito, <a href=\"https:\/\/www.grandepremio.com\/br\/f1\/noticias\/hamilton-pede-atencao-da-f1-a-direitos-humanos-vamos-a-paises-com-problemas\/\">contra a viola\u00e7\u00e3o dos direitos humanos<\/a> e contra a viol\u00eancia policial neste ano em que o piloto viu que era fundamental n\u00e3o ficar em sil\u00eancio.<\/p>\n\n\n\n<p class=\"wp-block-paragraph\">Lewis, que foi para as ruas de Londres para protestar contra o assassinato brutal de George Floyd pelo joelho de um policial branco norte-americano em Minneapolis, levou o protesto contra a morte, igualmente brutal, de Breonna Taylor, para o p\u00f3dio do GP da Toscana, e no <a href=\"https:\/\/www.grandepremio.com\/br\/f1\/noticias\/devastado-hamilton-protesta-apos-morte-de-joao-alberto-outra-vida-preta-perdida\/\">\u00faltimo fim de semana se pronunciou sobre o assassinato do brasileiro Jo\u00e3o Alberto Silveira Freitas por seguran\u00e7as brancos em uma loja do hipermercado Carrefour, em Porto Alegre<\/a>, sabe que sua voz \u00e9 ouvida por todo o mundo. Por isso, <a href=\"https:\/\/www.grandepremio.com\/br\/f1\/noticias\/hamilton-diz-que-assassinato-de-george-floyd-gerou-mudanca-nao-posso-ficar-em-silencio\/\">decidiu que n\u00e3o iria mais se calar<\/a>.<\/p>\n\n\n\n<p class=\"wp-block-paragraph\">O novo heptacampe\u00e3o do mundo foi entrevistado pelo ator, diretor, produtor e apresentador L\u00e1zaro Ramos. Um trecho da entrevista foi veiculado na noite do \u00faltimo domingo no \u2018Fant\u00e1stico\u2019, da Globo, e ser\u00e1 exibida na \u00edntegra no programa \u2018Espelho\u2019, do Canal Brasil, \u00e0s 23h30 desta segunda-feira (23). Lewis foi perguntado sobre o pre\u00e7o que paga por falar sobre racismo no esporte e lembrou, novamente, que n\u00e3o basta se dizer contra o preconceito, mas \u00e9 preciso ir al\u00e9m.<\/p>\n\n\n\n<p class=\"wp-block-paragraph\"><strong>Conhe\u00e7a o canal do Grande Pr\u00eamio no YouTube! Clique\u00a0<a rel=\"noreferrer noopener\" href=\"https:\/\/youtube.com\/GrandePremioTV\" target=\"_blank\">aqui<\/a>.<br>Siga o Grande Pr\u00eamio no\u00a0<a rel=\"noreferrer noopener\" href=\"https:\/\/twitter.com\/grandepremio\" target=\"_blank\">Twitter\u00a0<\/a>e no\u00a0<a rel=\"noreferrer noopener\" href=\"https:\/\/instagram.com\/grandepremio\" target=\"_blank\">Instagram<\/a>!<\/strong><\/p>\n\n\n\n<figure class=\"wp-block-image size-large\"><img decoding=\"async\" src=\"https:\/\/www.grandepremio.com\/br\/wp-content\/uploads\/2020\/10\/afp-mercedes-lewishamilton-10-1024x682.jpg\" alt=\"\" class=\"wp-image-429786\"\/><figcaption>Lewis Hamilton ressaltou a import\u00e2ncia de ser antirracista (Foto: AFP)<\/figcaption><\/figure>\n\n\n\n\n\n<p class=\"wp-block-paragraph\">\u201cSim. Acho que, provavelmente at\u00e9 nesse ano, voc\u00ea viu pessoas nervosas por compartilharem suas experi\u00eancias e o abuso que possam ter sofrido, e o pre\u00e7o, a repercuss\u00e3o. Tem pessoas que acham que n\u00e3o existe problema pelo mundo afora, tem pessoas que n\u00e3o entendem o que \u00e9 racismo porque n\u00e3o viveram isso ou n\u00e3o cresceram perto disso\u201d, ressaltou.<\/p>\n\n\n\n<p class=\"wp-block-paragraph\">\u201cNo mundo de hoje, apenas n\u00e3o ser racista n\u00e3o \u00e9 suficiente, voc\u00ea tem de ser antirracista. Se voc\u00ea ver acontecendo, tem de falar, tem de contar, tem de n\u00e3o deixar acontecer\u201d, bradou Hamilton.<\/p>\n\n\n\n<p class=\"wp-block-paragraph\">Questionado por L\u00e1zaro se no futuro vamos todos ver outros pilotos pretos em a\u00e7\u00e3o na F\u00f3rmula 1, Lewis ressaltou as dificuldades que envolvem o acesso a um esporte t\u00e3o caro, mas fez men\u00e7\u00e3o \u00e0 Comiss\u00e3o Hamilton, projeto liderado pelo piloto que busca uma maior inclus\u00e3o de profissionais em outras \u00e1reas da ind\u00fastria do esporte a motor.<\/p>\n\n\n\n<p class=\"wp-block-paragraph\">\u201cN\u00e3o tenho muito mais tempo de corrida, mas n\u00e3o tem ningu\u00e9m vindo atr\u00e1s de mim. O que \u00e9 muito importante \u00e9 que o esporte tem tanto a oferecer, n\u00e3o \u00e9 s\u00f3 pilotar: tem marketing, engenharia, e tem tanto emprego no esporte que n\u00e3o s\u00e3o nada diversos. O que sei que posso ajudar a mudar \u00e9 particularmente isso\u201d, disse.<\/p>\n\n\n\n<p class=\"wp-block-paragraph\">\u201cSempre ser\u00e1 um esporte caro, infelizmente, ent\u00e3o \u00e9 complicado para as crian\u00e7as ou fam\u00edlias negras que tentam entrar no esporte e gastar tanto dinheiro nisso. E \u00e9 claro que eu espero que um dia a gente veja uma jovem, uma mo\u00e7a, pilotar na F\u00f3rmula 1\u201d, comentou o piloto.<\/p>\n\n\n\n<p class=\"wp-block-paragraph\">Hamilton, que na entrevista teve sua voz dublada pelo ator \u00cdcaro Silva, falou que a sua luta por mudan\u00e7a e por um mundo menos injusto e desigual \u00e9 uma forma de dar voz \u00e0queles que n\u00e3o s\u00e3o ouvidos pela sociedade.<\/p>\n\n\n\n\n\n<figure class=\"wp-block-image size-large\"><img decoding=\"async\" src=\"https:\/\/www.grandepremio.com\/br\/wp-content\/uploads\/2020\/09\/EbDtOv6X0AEyX5i-1024x731.jpg\" alt=\"Lewis Hamilton, Mercedes, F\u00f3rmula 1\" class=\"wp-image-419673\"\/><figcaption>Em junho, Hamilton participou de manifesta\u00e7\u00f5es em Londres em apoio ao movimento Black Lives Matter (Foto: Reprodu\u00e7\u00e3o)<\/figcaption><\/figure>\n\n\n\n<p class=\"wp-block-paragraph\">\u201cN\u00e3o sou do jeito que um piloto faz as coisas. Gosto de fazer outras coisas fora do esporte. Tem gente que fala que isso \u00e9 distra\u00e7\u00e3o, mas para mim isso me d\u00e1 energia. E acho que nesse ano tive esse foco de pressionar por mudan\u00e7a, pressionar pela conscientiza\u00e7\u00e3o sobre a discrimina\u00e7\u00e3o que acontece por a\u00ed, pelas pessoas que sentem que n\u00e3o t\u00eam voz\u201d, comentou.<\/p>\n\n\n\n<p class=\"wp-block-paragraph\">Lewis se mostrou feliz por saber que tem uma boa base dos seus milh\u00f5es de seguidores e f\u00e3s no Brasil.<\/p>\n\n\n\n<p class=\"wp-block-paragraph\">\u201cSou t\u00e3o grato. Nunca pensei que fosse ter uma rea\u00e7\u00e3o assim. Uma grande parte dos seguidores \u00e9 do Brasil. Obrigado. Eu amo muito o Brasil, tenho muito amor pelas pessoas da\u00ed. Qualquer coisa que possa encorajar as crian\u00e7as da\u00ed, as pessoas que est\u00e3o enfrentando dificuldades neste ano&#8230; Realmente espero que as palavras que eu uso, as coisas que eu posto, que isso ajude, mesmo que s\u00f3 um pouco\u201d, disse.<\/p>\n\n\n\n<p class=\"wp-block-paragraph\">O heptacampe\u00e3o tamb\u00e9m falou sobre ter chegado \u00e0 condi\u00e7\u00e3o de maior vencedor e campe\u00e3o da F\u00f3rmula 1 e reiterou sua admira\u00e7\u00e3o por Ayrton Senna. \u201c\u00c9 uma coisa muito estranha at\u00e9 de pensar. Cresci vendo F\u00f3rmula 1 e amava o Ayrton, e atrav\u00e9s do Ayrton ganhei esse amor pelo Brasil. Sempre quis ser piloto como ele, e acho que hoje gostaria de pensar que ele se orgulharia do jeito que eu piloto\u201d, concluiu.<\/p>\n\n\n\n<figure class=\"wp-block-embed-youtube wp-block-embed is-type-video is-provider-youtube wp-embed-aspect-16-9 wp-has-aspect-ratio\"><div class=\"wp-block-embed__wrapper\">\n<iframe loading=\"lazy\" title=\"N\u00e3o \u00e9 a F1: a STOCK CAR faz bem ao trocar GLOBO pela BAND? | GP \u00e0s 10\" width=\"500\" height=\"281\" src=\"https:\/\/www.youtube.com\/embed\/SnJddBq87C4?feature=oembed\" frameborder=\"0\" allow=\"accelerometer; autoplay; clipboard-write; encrypted-media; gyroscope; picture-in-picture; web-share\" referrerpolicy=\"strict-origin-when-cross-origin\" allowfullscreen><\/iframe>\n<\/div><\/figure>\n","protected":false},"excerpt":{"rendered":"<p>Lewis Hamilton \u00e9 hoje uma das principais vozes ao redor do mundo na luta contra o racismo, a viol\u00eancia policial e todo tipo de preconceito. Em trecho de entrevista a L\u00e1zaro Ramos veiculado no \u2018Fant\u00e1stico\u2019, da Globo, o heptacampe\u00e3o mundial falou sobre a sua luta por inclus\u00e3o e dos esfor\u00e7os para que o planeta seja um pouco menos desigual e injusto<\/p>\n","protected":false},"author":0,"featured_media":1000436516,"comment_status":"closed","ping_status":"closed","sticky":false,"template":"","format":"standard","meta":{"42wp_featured_image_caption":"","42wp_featured_image_credits":"","42wp_featured_video":"","42wp_featured_image_hidden":false,"42wp_authors_list":[],"footnotes":""},"categories":[2],"tags":[147,118,24837,24836,25318,87],"42wp_author":[47110],"class_list":["post-125064","post","type-post","status-publish","format-standard","has-post-thumbnail","hentry","category-f1","tag-f1","tag-f1-2020","tag-formula-1-2","tag-grande-premio-2","tag-heptacampeao","tag-lewis-hamilton","42wp_author-fernando-silva"],"_links":{"self":[{"href":"https:\/\/grandepremio.com\/br\/wp-json\/wp\/v2\/posts\/125064","targetHints":{"allow":["GET"]}}],"collection":[{"href":"https:\/\/grandepremio.com\/br\/wp-json\/wp\/v2\/posts"}],"about":[{"href":"https:\/\/grandepremio.com\/br\/wp-json\/wp\/v2\/types\/post"}],"replies":[{"embeddable":true,"href":"https:\/\/grandepremio.com\/br\/wp-json\/wp\/v2\/comments?post=125064"}],"version-history":[{"count":0,"href":"https:\/\/grandepremio.com\/br\/wp-json\/wp\/v2\/posts\/125064\/revisions"}],"wp:featuredmedia":[{"embeddable":true,"href":"https:\/\/grandepremio.com\/br\/wp-json\/wp\/v2\/media\/1000436516"}],"wp:attachment":[{"href":"https:\/\/grandepremio.com\/br\/wp-json\/wp\/v2\/media?parent=125064"}],"wp:term":[{"taxonomy":"category","embeddable":true,"href":"https:\/\/grandepremio.com\/br\/wp-json\/wp\/v2\/categories?post=125064"},{"taxonomy":"post_tag","embeddable":true,"href":"https:\/\/grandepremio.com\/br\/wp-json\/wp\/v2\/tags?post=125064"},{"taxonomy":"42wp_author","embeddable":true,"href":"https:\/\/grandepremio.com\/br\/wp-json\/wp\/v2\/42wp_author?post=125064"}],"curies":[{"name":"wp","href":"https:\/\/api.w.org\/{rel}","templated":true}]}}