{"id":125089,"date":"2020-11-22T07:43:13","date_gmt":"2020-11-22T10:43:13","guid":{"rendered":"https:\/\/grandepremio.com\/br\/noticias\/devastado-hamilton-protesta-apos-morte-de-joao-alberto-outra-vida-preta-perdida\/"},"modified":"2020-11-22T07:44:42","modified_gmt":"2020-11-22T10:44:42","slug":"devastado-hamilton-protesta-apos-morte-de-joao-alberto-outra-vida-preta-perdida","status":"publish","type":"post","link":"https:\/\/grandepremio.com\/br\/f1\/devastado-hamilton-protesta-apos-morte-de-joao-alberto-outra-vida-preta-perdida\/","title":{"rendered":"\u201cDevastado&#8221;, Hamilton protesta ap\u00f3s morte de Jo\u00e3o Alberto: &#8220;Outra vida preta perdida&#8221;"},"content":{"rendered":"\n<figure class=\"wp-block-embed-youtube wp-block-embed is-type-video is-provider-youtube wp-embed-aspect-16-9 wp-has-aspect-ratio\"><div class=\"wp-block-embed__wrapper\">\n<iframe loading=\"lazy\" title=\"HAMILTON n\u00e3o \u00e9 s\u00f3 maior na F1: \u00e9 o atleta mais IMPORTANTE do mundo | GP \u00e0s 10\" width=\"500\" height=\"281\" src=\"https:\/\/www.youtube.com\/embed\/_fYnxf9HPGM?feature=oembed\" frameborder=\"0\" allow=\"accelerometer; autoplay; clipboard-write; encrypted-media; gyroscope; picture-in-picture; web-share\" referrerpolicy=\"strict-origin-when-cross-origin\" allowfullscreen><\/iframe>\n<\/div><\/figure>\n\n\n\n<p class=\"wp-block-paragraph\">Lewis Hamilton voltou a se manifestar a respeito da viol\u00eancia contra pessoas pretas. Neste s\u00e1bado (21), em seu perfil pessoal no &#8216;Instagram&#8217;, o ingl\u00eas se disse devastado com a not\u00edcia da morte de Jo\u00e3o Alberto Silveira Freitas, ga\u00facho de 40 anos que foi espancado e morto por dois seguran\u00e7as brancos em um supermercado Carrefour, em Porto Alegre, na \u00faltima quinta-feira, v\u00e9spera do Dia da Consci\u00eancia Negra.<\/p>\n\n\n\n<p class=\"wp-block-paragraph\">&#8220;Devastado ao ouvir a not\u00edcia, outra vida preta perdida. Ainda est\u00e1 acontecendo e temos de lutar para impedir que isso continue. Estou mandando todos os meus pensamentos e ora\u00e7\u00f5es para o Brasil. Descanse em paz, Jo\u00e3o Alberto Silveira Freitas.&#8221;<\/p>\n\n\n\n<p class=\"wp-block-paragraph\">A cena da morte de Jo\u00e3o Alberto foi filmada e vista por cerca de 15 testemunhas, que nada fizeram para impedir o ataque. Os dois seguran\u00e7as tiveram pris\u00e3o preventiva decretada. O policial Giovani Gaspar da Silva foi levado para um pres\u00eddio militar. Magno Braz Borges foi levado a um pr\u00e9dio da Pol\u00edcia Civil. A investiga\u00e7\u00e3o trata o crime como homic\u00eddio qualificado.<\/p>\n\n\n\n<figure class=\"wp-block-image size-large\"><img decoding=\"async\" src=\"https:\/\/www.grandepremio.com\/br\/wp-content\/uploads\/2020\/11\/Lewis-Hamilton-652x1024.jpg\" alt=\"\" class=\"wp-image-437523\"\/><figcaption>Lewis Hamilton protestou ap\u00f3s a morte de Jo\u00e3o Alberto (Foto: Reprodu\u00e7\u00e3o\/Instagram)<\/figcaption><\/figure>\n\n\n\n<p class=\"wp-block-paragraph\">Desde o come\u00e7o do campeonato 2020, realizado logo ap\u00f3s eclodirem as manifesta\u00e7\u00f5es populares nos Estados Unidos e em todo o mundo contra a brutalidade policial e racismo sist\u00eamico, que contaram com o assassinato inumano de George Floyd como estopim, <a href=\"https:\/\/www.grandepremio.com\/br\/f1\/noticias\/hamilton-manda-recado-a-fia-sobre-protestos-na-formula-1-nao-vou-parar-nao-vou-desistir\/\">Hamilton tem comparecido<\/a> aos eventos com a blusa que diz \u201cVidas Pretas Importam\u201d.<\/p>\n\n\n\n<p class=\"wp-block-paragraph\">Foi al\u00e9m disso: conseguiu fazer com que a F\u00f3rmula 1 permitisse manifesta\u00e7\u00f5es antes de cada corrida, nas quais grande parte dos pilotos j\u00e1 participaram ao ajoelhar frente \u00e0s c\u00e2meras, ecoando o que tem sido feito h\u00e1 anos nos esportes americanos. Fez ainda nomes como Sebastian Vettel e Daniel Ricciardo se engajarem e se interessarem por sua luta.<\/p>\n\n\n\n<figure class=\"wp-block-image size-large\"><img decoding=\"async\" src=\"https:\/\/www.grandepremio.com\/br\/wp-content\/uploads\/2020\/09\/mercedes-lewishamilton-14-1024x683.jpg\" alt=\"\" class=\"wp-image-418965\"\/><figcaption>Lewis Hamilton usou camisa pedindo a pris\u00e3o dos policiais que mataram a jovem negra Breonna Taylor (Foto: AFP)<\/figcaption><\/figure>\n\n\n\n<p class=\"wp-block-paragraph\">Em Mugello, no dia da vit\u00f3ria #90 da carreira \u2013 que o colocava uma atr\u00e1s de Michael Schumacher na lideran\u00e7a hist\u00f3rica -, fez mais uma vez. \u201cEssa vit\u00f3ria de hoje<a href=\"https:\/\/www.grandepremio.com\/br\/f1\/noticias\/prendam-os-policiais-que-mataram-breonna-taylor-hamilton-pede-justica-em-mugello\/\"> \u00e9 para Breonna Taylor<\/a>\u201d, dedicou. Naquela prova, na Toscana, o piloto subiu ao p\u00f3dio usando uma blusa que dizia \u201cPrendam os policiais que mataram Breonna Taylor\u201d. Ap\u00f3s isso, a FIA proibiu manifesta\u00e7\u00f5es do tipo no p\u00f3dio.<\/p>\n\n\n\n<p class=\"wp-block-paragraph\">\u00danico piloto preto do grid, Lewis chegou a usar tamb\u00e9m camisetas e frases que pediam o fim da viol\u00eancia policial na Nig\u00e9ria, mostrando que sua luta n\u00e3o estava apenas focada nos casos que ficaram famosos nos EUA.<\/p>\n\n\n\n<figure class=\"wp-block-embed-youtube wp-block-embed is-type-video is-provider-youtube wp-embed-aspect-16-9 wp-has-aspect-ratio\"><div class=\"wp-block-embed__wrapper\">\n<iframe loading=\"lazy\" title=\"AINDA ASSIM ME LEVANTO \u2014 Lewis Hamilton, o maior da F1 | Doc. GP,  Parte 1\" width=\"500\" height=\"281\" src=\"https:\/\/www.youtube.com\/embed\/roSQOzOwQE8?feature=oembed\" frameborder=\"0\" allow=\"accelerometer; autoplay; clipboard-write; encrypted-media; gyroscope; picture-in-picture; web-share\" referrerpolicy=\"strict-origin-when-cross-origin\" allowfullscreen><\/iframe>\n<\/div><\/figure>\n\n\n\n<p class=\"wp-block-paragraph\"><strong>Conhe\u00e7a o canal do Grande Pr\u00eamio no YouTube! Clique&nbsp;<a rel=\"noreferrer noopener\" href=\"https:\/\/youtube.com\/GrandePremioTV\" target=\"_blank\">aqui<\/a>.<br>Siga o Grande Pr\u00eamio no&nbsp;<a rel=\"noreferrer noopener\" href=\"https:\/\/twitter.com\/grandepremio\" target=\"_blank\">Twitter&nbsp;<\/a>e no&nbsp;<a rel=\"noreferrer noopener\" href=\"https:\/\/instagram.com\/grandepremio\" target=\"_blank\">Instagram<\/a>!<\/strong><\/p>\n","protected":false},"excerpt":{"rendered":"<p>Lewis Hamilton n\u00e3o deixou de prestar solidariedade a Jo\u00e3o Alberto Silveira Freitas, assassinado por seguran\u00e7as brancos em uma loja do supermercado Carrefour, em Porto Alegre. Em sua conta no &#8216;Instagram&#8217;, o ingl\u00eas lamentou mais uma vida preta perdida e pediu luta para que a situa\u00e7\u00e3o seja modificada<\/p>\n","protected":false},"author":0,"featured_media":1000436516,"comment_status":"closed","ping_status":"closed","sticky":false,"template":"","format":"standard","meta":{"42wp_featured_image_caption":"","42wp_featured_image_credits":"","42wp_featured_video":"","42wp_featured_image_hidden":false,"42wp_authors_list":[],"footnotes":""},"categories":[2],"tags":[147,24837,24862,87,12787],"42wp_author":[47117],"class_list":["post-125089","post","type-post","status-publish","format-standard","has-post-thumbnail","hentry","category-f1","tag-f1","tag-formula-1-2","tag-george-floyd","tag-lewis-hamilton","tag-porto-alegre","42wp_author-gabriel-curty"],"_links":{"self":[{"href":"https:\/\/grandepremio.com\/br\/wp-json\/wp\/v2\/posts\/125089","targetHints":{"allow":["GET"]}}],"collection":[{"href":"https:\/\/grandepremio.com\/br\/wp-json\/wp\/v2\/posts"}],"about":[{"href":"https:\/\/grandepremio.com\/br\/wp-json\/wp\/v2\/types\/post"}],"replies":[{"embeddable":true,"href":"https:\/\/grandepremio.com\/br\/wp-json\/wp\/v2\/comments?post=125089"}],"version-history":[{"count":0,"href":"https:\/\/grandepremio.com\/br\/wp-json\/wp\/v2\/posts\/125089\/revisions"}],"wp:featuredmedia":[{"embeddable":true,"href":"https:\/\/grandepremio.com\/br\/wp-json\/wp\/v2\/media\/1000436516"}],"wp:attachment":[{"href":"https:\/\/grandepremio.com\/br\/wp-json\/wp\/v2\/media?parent=125089"}],"wp:term":[{"taxonomy":"category","embeddable":true,"href":"https:\/\/grandepremio.com\/br\/wp-json\/wp\/v2\/categories?post=125089"},{"taxonomy":"post_tag","embeddable":true,"href":"https:\/\/grandepremio.com\/br\/wp-json\/wp\/v2\/tags?post=125089"},{"taxonomy":"42wp_author","embeddable":true,"href":"https:\/\/grandepremio.com\/br\/wp-json\/wp\/v2\/42wp_author?post=125089"}],"curies":[{"name":"wp","href":"https:\/\/api.w.org\/{rel}","templated":true}]}}