{"id":125154,"date":"2020-11-19T09:21:11","date_gmt":"2020-11-19T12:21:11","guid":{"rendered":"https:\/\/grandepremio.com\/br\/noticias\/vettel-diz-que-perder-podio-na-turquia-e-irrelevante-para-leclerc-muitos-ainda-virao\/"},"modified":"2020-11-19T10:18:37","modified_gmt":"2020-11-19T13:18:37","slug":"vettel-diz-que-perder-podio-na-turquia-e-irrelevante-para-leclerc-muitos-ainda-virao","status":"publish","type":"post","link":"https:\/\/grandepremio.com\/br\/f1\/vettel-diz-que-perder-podio-na-turquia-e-irrelevante-para-leclerc-muitos-ainda-virao\/","title":{"rendered":"Vettel diz que perder p\u00f3dio na Turquia \u00e9 irrelevante para Leclerc: \u201cMuitos ainda vir\u00e3o\u201d"},"content":{"rendered":"\n<figure class=\"wp-block-embed-youtube wp-block-embed is-type-video is-provider-youtube wp-embed-aspect-16-9 wp-has-aspect-ratio\"><div class=\"wp-block-embed__wrapper\">\n<iframe loading=\"lazy\" title=\"VETTEL mostra GRANDEZA ao exaltar hepta de HAMILTON na F\u00f3rmula 1 | GP \u00e0s 10\" width=\"500\" height=\"281\" src=\"https:\/\/www.youtube.com\/embed\/fh2YkXckopw?feature=oembed\" frameborder=\"0\" allow=\"accelerometer; autoplay; clipboard-write; encrypted-media; gyroscope; picture-in-picture; web-share\" referrerpolicy=\"strict-origin-when-cross-origin\" allowfullscreen><\/iframe>\n<\/div><\/figure>\n\n\n\n<p class=\"wp-block-paragraph\">Sebastian Vettel mostrou solidariedade a Charles Leclerc ap\u00f3s o erro na Turquia. O alem\u00e3o apontou que a perda do p\u00f3dio na volta final, olhando de maneira geral, n\u00e3o vai impactar de forma negativa a carreira do companheiro.<\/p>\n\n\n\n<p class=\"wp-block-paragraph\">Na corrida em Instambul, na \u00faltima semana, o monegasco alcan\u00e7ou Sergio P\u00e9rez nos \u00faltimos metros da disputa. Entretanto, quando fez lance em cima do mexicano para assumir a segunda coloca\u00e7\u00e3o, <a href=\"https:\/\/www.grandepremio.com\/br\/f1\/noticias\/4o-leclerc-admite-erro-que-custou-podio-na-turquia-puto-comigo-mesmo\/\">cometeu um erro e cruzou a linha de chegada em quarto<\/a>. Ap\u00f3s a prova, disse ser <a href=\"https:\/\/www.grandepremio.com\/br\/f1\/noticias\/leclerc-desabafa-no-radio-apos-erro-na-volta-final-na-turquia-sou-um-burro-do-caralho\/\">\u201cburro para caralho\u201d<\/a>.<\/p>\n\n\n\n<p class=\"wp-block-paragraph\">Mas o tetracampe\u00e3o n\u00e3o viu grandes problemas com o resultado. \u201cAcho que ter Charles como companheiro, \u00e0s vezes me vejo nele. \u00c9 muito mais novo, \u00e9 muito r\u00e1pido e acho que o fato de, e ainda n\u00e3o tive a chance de conversar com ele ainda, mas vou falar depois que estar no p\u00f3dio ou n\u00e3o, na verdade, \u00e9 um pouco irrelevante\u201d, disse.<\/p>\n\n\n\n<figure class=\"wp-block-image size-large\"><img decoding=\"async\" src=\"https:\/\/www.grandepremio.com\/br\/wp-content\/uploads\/2020\/11\/ferrari-vettelleclerc-01-1024x683.jpg\" alt=\"\" class=\"wp-image-432150\"\/><figcaption>Vettel cr\u00ea que Leclerc ainda vai conseguir muitos p\u00f3dios (Foto: Ferrari)<\/figcaption><\/figure>\n\n\n\n<p class=\"wp-block-paragraph\"><strong>Conhe\u00e7a o canal do Grande Pr\u00eamio no YouTube! Clique&nbsp;<a rel=\"noreferrer noopener\" href=\"https:\/\/youtube.com\/GrandePremioTV\" target=\"_blank\">aqui<\/a>.<br>Siga o Grande Pr\u00eamio no&nbsp;<a rel=\"noreferrer noopener\" href=\"https:\/\/twitter.com\/grandepremio\" target=\"_blank\">Twitter&nbsp;<\/a>e no&nbsp;<a rel=\"noreferrer noopener\" href=\"https:\/\/instagram.com\/grandepremio\" target=\"_blank\">Instagram<\/a>!<\/strong><\/p>\n\n\n\n<p class=\"wp-block-paragraph\">\u201cTem ainda muitos anos por vir e muitos p\u00f3dios vir\u00e3o, tenho certeza. \u00c9 certo estar bravo, cometeu um erro e perdeu o p\u00f3dio daquela maneira. Mas como disse, se olhar todo o cen\u00e1rio, provavelmente \u00e9 irrelevante para ele\u201d, completou o piloto de 33 anos.<\/p>\n\n\n\n<p class=\"wp-block-paragraph\">Sebastian ainda falou do relacionamento com o colega, insistindo n\u00e3o ter problemas entre a dupla. \u201cSou maduro o suficiente, nunca deixei que essas coisas aumentassem e ficassem entre n\u00f3s. Estou feliz por qualquer coisa que conquistar e vai alcan\u00e7ar no futuro, pois \u00e9 um bom garoto\u201d, apontou.<\/p>\n\n\n\n<p class=\"wp-block-paragraph\">\u201cClaro, foi uma corrida dif\u00edcil e acho que ficamos todos pr\u00f3ximos de perder tudo ao longo das voltas. E obviamente \u00e9 ainda mais doloroso quando acontece na \u00faltima volta\u201d, encerrou o alem\u00e3o que est\u00e1 de sa\u00edda da Ferrari em 2021.<\/p>\n\n\n\n<figure class=\"wp-block-embed-youtube wp-block-embed is-type-video is-provider-youtube wp-embed-aspect-16-9 wp-has-aspect-ratio\"><div class=\"wp-block-embed__wrapper\">\n<iframe loading=\"lazy\" title=\"7x HAMILTON na F1 e o t\u00edtulo de MIR na MOTOGP | Paddock GP #223\" width=\"500\" height=\"281\" src=\"https:\/\/www.youtube.com\/embed\/Cy6nt6l0cls?feature=oembed\" frameborder=\"0\" allow=\"accelerometer; autoplay; clipboard-write; encrypted-media; gyroscope; picture-in-picture; web-share\" referrerpolicy=\"strict-origin-when-cross-origin\" allowfullscreen><\/iframe>\n<\/div><\/figure>\n","protected":false},"excerpt":{"rendered":"<p>O tetracampe\u00e3o afirmou que ao olhar a carreira do monegasco de forma geral, o top-3 perdido vai parecer irrelevante, especialmente por ainda ter tantos anos pela frente na F1<\/p>\n","protected":false},"author":0,"featured_media":1000436366,"comment_status":"closed","ping_status":"closed","sticky":false,"template":"","format":"standard","meta":{"42wp_featured_image_caption":"","42wp_featured_image_credits":"","42wp_featured_video":"","42wp_featured_image_hidden":false,"42wp_authors_list":[],"footnotes":""},"categories":[2],"tags":[209,147,118,207,24837,24860,24859,24861,210],"42wp_author":[47123],"class_list":["post-125154","post","type-post","status-publish","format-standard","has-post-thumbnail","hentry","category-f1","tag-charles-leclerc","tag-f1","tag-f1-2020","tag-ferrari","tag-formula-1-2","tag-formula-1-2020-2","tag-horario-f1-2020","tag-horario-formula-1-2020","tag-sebastian-vettel","42wp_author-nathalia-de-vivo"],"_links":{"self":[{"href":"https:\/\/grandepremio.com\/br\/wp-json\/wp\/v2\/posts\/125154","targetHints":{"allow":["GET"]}}],"collection":[{"href":"https:\/\/grandepremio.com\/br\/wp-json\/wp\/v2\/posts"}],"about":[{"href":"https:\/\/grandepremio.com\/br\/wp-json\/wp\/v2\/types\/post"}],"replies":[{"embeddable":true,"href":"https:\/\/grandepremio.com\/br\/wp-json\/wp\/v2\/comments?post=125154"}],"version-history":[{"count":0,"href":"https:\/\/grandepremio.com\/br\/wp-json\/wp\/v2\/posts\/125154\/revisions"}],"wp:featuredmedia":[{"embeddable":true,"href":"https:\/\/grandepremio.com\/br\/wp-json\/wp\/v2\/media\/1000436366"}],"wp:attachment":[{"href":"https:\/\/grandepremio.com\/br\/wp-json\/wp\/v2\/media?parent=125154"}],"wp:term":[{"taxonomy":"category","embeddable":true,"href":"https:\/\/grandepremio.com\/br\/wp-json\/wp\/v2\/categories?post=125154"},{"taxonomy":"post_tag","embeddable":true,"href":"https:\/\/grandepremio.com\/br\/wp-json\/wp\/v2\/tags?post=125154"},{"taxonomy":"42wp_author","embeddable":true,"href":"https:\/\/grandepremio.com\/br\/wp-json\/wp\/v2\/42wp_author?post=125154"}],"curies":[{"name":"wp","href":"https:\/\/api.w.org\/{rel}","templated":true}]}}