{"id":125159,"date":"2020-11-19T07:21:38","date_gmt":"2020-11-19T10:21:38","guid":{"rendered":"https:\/\/grandepremio.com\/br\/noticias\/massa-diz-que-alonso-foi-companheiro-mais-duro-que-schumacher-longa-rivalidade\/"},"modified":"2020-11-19T07:21:45","modified_gmt":"2020-11-19T10:21:45","slug":"massa-diz-que-alonso-foi-companheiro-mais-duro-que-schumacher-longa-rivalidade","status":"publish","type":"post","link":"https:\/\/grandepremio.com\/br\/f1\/massa-diz-que-alonso-foi-companheiro-mais-duro-que-schumacher-longa-rivalidade\/","title":{"rendered":"Massa diz que Alonso foi companheiro mais duro que Schumacher: \u201cLonga rivalidade\u201d"},"content":{"rendered":"\n<p class=\"wp-block-paragraph\">Felipe Massa apontou como Fernando Alonso foi o companheiro mais duro que teve. O brasileiro o comparou com Michael Schumacher e apontou como desenvolveu uma rivalidade de muitos anos com o espanhol.<\/p>\n\n\n\n<p class=\"wp-block-paragraph\">O ex-F\u00f3rmula E chegou \u00e0 Ferrari em 2006, tendo o heptacampe\u00e3o alem\u00e3o como primeiro colega. No ano seguinte, Kimi R\u00e4ikk\u00f6nen chegou e j\u00e1 conquistou o t\u00edtulo pela escuderia de Maranello, com o asturiano desembarcando no time em 2010.<\/p>\n\n\n\n<p class=\"wp-block-paragraph\">Ao ser questionado qual o colega mais duro em seus tempos no time italiano, Massa foi direto ao dizer o bicampe\u00e3o. \u201cSchumacher s\u00f3 corri um ano com ele, era como um professor, n\u00e3o tinha essa rivalidade que tive com Alonso durante tantos anos juntos. Foi uma competi\u00e7\u00e3o de muitos anos e, sinceramente, foi mais dif\u00edcil, mas tamb\u00e9m \u00e9 certo que eram situa\u00e7\u00f5es diferentes\u201d, disse em entrevista ao jornal espanhol As.<a href=\"https:\/\/www.grandepremio.com\/br\/wp-admin\/edit.php?post_type=post\"><\/a><\/p>\n\n\n\n<figure class=\"wp-block-image size-large\"><img decoding=\"async\" src=\"https:\/\/www.grandepremio.com\/br\/wp-content\/uploads\/2020\/11\/Em9_21kW8A41EYu-1024x576.jpg\" alt=\"\" class=\"wp-image-436769\"\/><figcaption>Massa falou das diferen\u00e7as nas rela\u00e7\u00f5es com Alonso e Schumacher (Foto: Reprodu\u00e7\u00e3o)<\/figcaption><\/figure>\n\n\n\n<p class=\"wp-block-paragraph\"><strong>Conhe\u00e7a o canal do Grande Pr\u00eamio no\u00a0<a href=\"https:\/\/www.youtube.com\/GrandePremioTV\">YouTube<\/a>.<br>Siga o Grande Pr\u00eamio no\u00a0<a rel=\"noreferrer noopener\" href=\"https:\/\/twitter.com\/grandepremio\" target=\"_blank\">Twitter\u00a0<\/a>e no\u00a0<a rel=\"noreferrer noopener\" href=\"https:\/\/instagram.com\/grandepremio\" target=\"_blank\">Instagram<\/a>.<\/strong><\/p>\n\n\n\n<p class=\"wp-block-paragraph\">\u201cComo piloto diria Schumacher, claramente. \u00c9 certo que Fernando n\u00e3o teve tantos carros competitivos como Michael, mas Schumacher ganhou sete campeonatos e venceu 91 corridas. Os n\u00fameros s\u00e3o importantes e isso marca a diferen\u00e7a\u201d, completou o vice-campe\u00e3o de 2008.<\/p>\n\n\n\n<p class=\"wp-block-paragraph\">Felipe aproveitou ainda para comentar sobre o retorno de Fernando \u00e0 F1 em 2021 pela Renault, assumindo a vaga de Daniel Ricciando. \u201cFernando \u00e9 um fen\u00f4meno, um talento dif\u00edcil de encontrar entre os pilotos. Tem de lembrar que chega a uma equipe que n\u00e3o est\u00e1 entre as primeiras posi\u00e7\u00f5es e que esteve anos fora da F1\u201d, falou.<\/p>\n\n\n\n<p class=\"wp-block-paragraph\">\u201cN\u00e3o precisa esconder que pode ser um efeito negativo, como foi antes com Schumacher, que ficou tr\u00eas anos fora e n\u00e3o voltou no n\u00edvel de antes. A idade tamb\u00e9m \u00e9 um fator: Fernando far\u00e1 40 anos e vai lutar contra pilotos de 20, 25 anos. A idade \u00e9 um problema, mas temos de reconhecer que Alonso \u00e9 um talento e pode fazer bem. Para a F1, \u00e9 muito positivo que Fernando volte\u201d, encerrou.<\/p>\n\n\n\n<p class=\"wp-block-paragraph\">Na \u00faltima semana, Massa falou tamb\u00e9m sobre Lewis Hamilton. O brasileiro comparou o ingl\u00eas com Schumacher e apontou que ambos s\u00e3o diferentes de quaisquer outros competidores do grid <a href=\"https:\/\/www.grandepremio.com\/br\/f1\/noticias\/massa-compara-com-schumacher-e-ve-hamilton-diferente-de-todos-ate-no-salario\/\">\u201cat\u00e9 mesmo no sal\u00e1rio\u201d<\/a>.<\/p>\n\n\n\n<figure class=\"wp-block-embed-youtube wp-block-embed is-type-video is-provider-youtube wp-embed-aspect-16-9 wp-has-aspect-ratio\"><div class=\"wp-block-embed__wrapper\">\n<iframe loading=\"lazy\" title=\"AINDA ASSIM ME LEVANTO \u2014 Lewis Hamilton, o maior da F1 | Doc. GP,  Parte 1\" width=\"500\" height=\"281\" src=\"https:\/\/www.youtube.com\/embed\/roSQOzOwQE8?feature=oembed\" frameborder=\"0\" allow=\"accelerometer; autoplay; clipboard-write; encrypted-media; gyroscope; picture-in-picture; web-share\" referrerpolicy=\"strict-origin-when-cross-origin\" allowfullscreen><\/iframe>\n<\/div><\/figure>\n","protected":false},"excerpt":{"rendered":"<p>O brasileiro apontou como a rela\u00e7\u00e3o com o espanhol foi t\u00e3o diferente do que a do alem\u00e3o, a quem encarou como um professor, descartando qualquer tipo de rivalidade<\/p>\n","protected":false},"author":0,"featured_media":0,"comment_status":"closed","ping_status":"closed","sticky":false,"template":"","format":"standard","meta":{"42wp_featured_image_caption":"","42wp_featured_image_credits":"","42wp_featured_video":"","42wp_featured_image_hidden":false,"42wp_authors_list":[],"footnotes":""},"categories":[2],"tags":[147,118,504,176,207,24837,24860,24859,24861,758],"42wp_author":[47123],"class_list":["post-125159","post","type-post","status-publish","format-standard","hentry","category-f1","tag-f1","tag-f1-2020","tag-felipe-massa","tag-fernando-alonso","tag-ferrari","tag-formula-1-2","tag-formula-1-2020-2","tag-horario-f1-2020","tag-horario-formula-1-2020","tag-michael-schumacher","42wp_author-nathalia-de-vivo"],"_links":{"self":[{"href":"https:\/\/grandepremio.com\/br\/wp-json\/wp\/v2\/posts\/125159","targetHints":{"allow":["GET"]}}],"collection":[{"href":"https:\/\/grandepremio.com\/br\/wp-json\/wp\/v2\/posts"}],"about":[{"href":"https:\/\/grandepremio.com\/br\/wp-json\/wp\/v2\/types\/post"}],"replies":[{"embeddable":true,"href":"https:\/\/grandepremio.com\/br\/wp-json\/wp\/v2\/comments?post=125159"}],"version-history":[{"count":0,"href":"https:\/\/grandepremio.com\/br\/wp-json\/wp\/v2\/posts\/125159\/revisions"}],"wp:attachment":[{"href":"https:\/\/grandepremio.com\/br\/wp-json\/wp\/v2\/media?parent=125159"}],"wp:term":[{"taxonomy":"category","embeddable":true,"href":"https:\/\/grandepremio.com\/br\/wp-json\/wp\/v2\/categories?post=125159"},{"taxonomy":"post_tag","embeddable":true,"href":"https:\/\/grandepremio.com\/br\/wp-json\/wp\/v2\/tags?post=125159"},{"taxonomy":"42wp_author","embeddable":true,"href":"https:\/\/grandepremio.com\/br\/wp-json\/wp\/v2\/42wp_author?post=125159"}],"curies":[{"name":"wp","href":"https:\/\/api.w.org\/{rel}","templated":true}]}}