{"id":125163,"date":"2020-11-19T05:00:00","date_gmt":"2020-11-19T08:00:00","guid":{"rendered":"https:\/\/grandepremio.com\/br\/noticias\/entre-altos-e-baixos-stroll-evolui-mas-precisa-amadurecer-para-chegar-ao-topo\/"},"modified":"2020-11-18T15:35:42","modified_gmt":"2020-11-18T18:35:42","slug":"entre-altos-e-baixos-stroll-evolui-mas-precisa-amadurecer-para-chegar-ao-topo","status":"publish","type":"post","link":"https:\/\/grandepremio.com\/br\/f1\/entre-altos-e-baixos-stroll-evolui-mas-precisa-amadurecer-para-chegar-ao-topo\/","title":{"rendered":"Entre altos e baixos, Stroll evolui, mas precisa amadurecer para chegar ao topo"},"content":{"rendered":"\n<figure class=\"wp-block-embed-youtube wp-block-embed is-type-video is-provider-youtube wp-embed-aspect-16-9 wp-has-aspect-ratio\"><div class=\"wp-block-embed__wrapper\">\n<iframe loading=\"lazy\" title=\"AINDA ASSIM ME LEVANTO \u2014 Lewis Hamilton, o maior da F1 | Doc. GP,  Parte 1\" width=\"500\" height=\"281\" src=\"https:\/\/www.youtube.com\/embed\/roSQOzOwQE8?feature=oembed\" frameborder=\"0\" allow=\"accelerometer; autoplay; clipboard-write; encrypted-media; gyroscope; picture-in-picture; web-share\" referrerpolicy=\"strict-origin-when-cross-origin\" allowfullscreen><\/iframe>\n<\/div><\/figure>\n\n\n\n<p class=\"wp-block-paragraph\">O GP da Turquia teve todos os elementos de surpresa poss\u00edveis. Uma pista recapeada \u00e0s pressas poucas semanas antes da corrida e chuva. Com isso, o grid de largada ficou bagun\u00e7ado e viu um surpreendente Lance Stroll abocanhar a primeira pole position da carreira \u2014 <a href=\"https:\/\/www.grandepremio.com\/br\/f1\/noticias\/stroll-quebra-tabu-de-23-anos-e-da-primeira-pole-ao-canada-desde-villeneuve\/\">a primeira de um canadense na F\u00f3rmula 1 desde 1997<\/a> \u2014, mas o domingo n\u00e3o foi t\u00e3o generoso com o piloto da Racing Point.<\/p>\n\n\n\n<p class=\"wp-block-paragraph\">Apesar de largar bem e manter a lideran\u00e7a da prova por muitas voltas, Stroll <a href=\"https:\/\/www.grandepremio.com\/br\/f1\/noticias\/stroll-relata-desgaste-anormal-de-pneus-e-ve-9o-lugar-muito-frustrante-apos-liderar\/\">se queixou de muito desgaste nos pneus intermedi\u00e1rios<\/a> conforme a pista ia secando. Com duas visitas aos boxes e ainda reclamando deste problema nos compostos, o piloto de 22 anos despencou no pelot\u00e3o, foi superado pelos rivais e terminou em nono. Uma decep\u00e7\u00e3o ap\u00f3s um promissor in\u00edcio de fim de semana \u2014 ainda mais vendo o companheiro Sergio P\u00e9rez subir ao p\u00f3dio com a segunda posi\u00e7\u00e3o.<\/p>\n\n\n\n<p class=\"wp-block-paragraph\">Na segunda-feira ap\u00f3s a corrida, a Racing Point foi at\u00e9 as redes sociais e apressou-se em defender Stroll de maneira oficial: <a href=\"https:\/\/www.grandepremio.com\/br\/f1\/noticias\/stroll-perdeu-desempenho-na-turquia-por-dano-na-asa-dianteira-diz-racing-point\/\">um dano na parte inferior da asa dianteira causou significativa perda de downforce<\/a>, causando o excessivo desgaste nos pneus. Logo, podemos deduzir que n\u00e3o foi necessariamente culpa do piloto.<\/p>\n\n\n\n<figure class=\"wp-block-image size-large\"><img decoding=\"async\" src=\"https:\/\/www.grandepremio.com\/br\/wp-content\/uploads\/2020\/11\/GP2014_145309XPB_TURKEY_Q_01-medium-1024x683.jpg\" alt=\"F1; F\u00d3RMULA 1; LANCE STROLL; POLE; GP DA TURQUIA; ISTAMBUL;\" class=\"wp-image-435823\"\/><figcaption>O impens\u00e1vel aconteceu! Lance Stroll foi pole em Istambul (Foto: Racing Point)<\/figcaption><\/figure>\n\n\n\n<p class=\"wp-block-paragraph\">O GP da Turquia parecia ser a grande virada para Stroll na temporada 2020. Depois de come\u00e7ar bem o ano, sendo frequente na zona de pontua\u00e7\u00e3o, conseguiu um excelente terceiro lugar no GP da It\u00e1lia, em Monza. Ali, naquele momento, a decis\u00e3o em mant\u00ea-lo para 2021 parecia justa, ainda mais com resultados oscilantes de P\u00e9rez. Desde ent\u00e3o, no entanto, o canadense entrou em uma espiral negativa, pol\u00eamicas e virou alvo de cr\u00edticas de jornalistas e at\u00e9 mesmo de companheiros de grid.<\/p>\n\n\n\n<p class=\"wp-block-paragraph\">Ap\u00f3s o p\u00f3dio em Monza, Stroll abandonou tr\u00eas vezes, se ausentou em uma corrida e, por fim, a etapa turca. Neste per\u00edodo, \u00e9 verdade, podemos eximir de culpa o piloto nos abandonos no GP da Toscana \u2014 causado por um furo de pneu \u2014 e na R\u00fassia \u2014 abalroado por Charles Leclerc ainda na primeira volta.<\/p>\n\n\n\n\n\n<p class=\"wp-block-paragraph\">O problema do jovem piloto come\u00e7a no GP de Eifel. Sentindo-se mal, n\u00e3o participou do terceiro treino livre e foi substitu\u00eddo por Nico H\u00fclkenberg. O canadense e a equipe disseram que era uma gripe, que <a href=\"https:\/\/www.grandepremio.com\/br\/f1\/noticias\/stroll-fala-em-dor-de-estomago-e-justifica-teste-tardio-nao-achei-que-fosse-covid-19\/\">ele estava com dor de est\u00f4mago<\/a>, desmentindo cont\u00e1gio pelo novo coronav\u00edrus, mas <a href=\"https:\/\/www.grandepremio.com\/br\/f1\/noticias\/da-indisposicao-em-sochi-aos-dez-dias-de-segredo-a-linha-do-tempo-da-covid-19-de-stroll\/\">o caso de Covid-19 foi revelado apenas dez dias depois<\/a>. A indigna\u00e7\u00e3o no paddock foi not\u00f3ria, ainda mais pela aus\u00eancia de informa\u00e7\u00f5es \u00e0 Federa\u00e7\u00e3o Internacional de Automobilismo, <a href=\"https:\/\/www.grandepremio.com\/br\/f1\/noticias\/fia-adverte-stroll-e-racing-point-apos-omissao-de-dez-dias-sobre-caso-de-covid-19\/\">que advertiu os envolvidos no triste circo<\/a>.<\/p>\n\n\n\n<p class=\"wp-block-paragraph\">Para piorar, Stroll voltou a correr no GP de Portugal e teve um dos piores finais de semana da carreira. <a href=\"https:\/\/www.grandepremio.com\/br\/f1\/noticias\/verstappen-se-irrita-apos-acidente-no-tl2-em-portugal-e-chama-stroll-de-cego-e-retardado\/\">No segundo treino livre<\/a>, acidente com Max Verstappen. Na corrida, uma absurda tentativa de ultrapassagem em Lando Norris que rendeu puni\u00e7\u00e3o antes de abandonar. Os dois companheiros de grid <a href=\"https:\/\/www.grandepremio.com\/br\/f1\/noticias\/stroll-nao-aprende-acusa-norris-apos-incidente-no-gp-de-portugal\/\">n\u00e3o pouparam nas ofensas<\/a>, claramente irritados com as situa\u00e7\u00f5es protagonizadas pelo canadense.<\/p>\n\n\n\n<p class=\"wp-block-paragraph\">No GP da Em\u00edlia-Romanha, houve aquele momento em que perguntamos o que acontecia com Lance. <a href=\"https:\/\/www.grandepremio.com\/br\/f1\/noticias\/imola-acentua-cotacao-na-f1-ricciardo-esta-ao-lado-dos-grandes-stroll-despenca\/\">Ele alcan\u00e7ou o teto na F\u00f3rmula 1 e n\u00e3o tinha mais espa\u00e7o para evoluir?<\/a> Seu grande destaque na corrida foi atropelar um mec\u00e2nico da Racing Point durante o pit-stop e terminar em 13\u00ba, pouco ajudando a equipe na briga pelo terceiro lugar no Mundial de Construtores.<\/p>\n\n\n\n<figure class=\"wp-block-image size-large\"><img decoding=\"async\" src=\"https:\/\/www.grandepremio.com\/br\/wp-content\/uploads\/2020\/11\/Stroll.jpg\" alt=\"\" class=\"wp-image-432250\"\/><figcaption>Mec\u00e2nico de Lance Stroll foi derrubado em pit-stop  em \u00cdmola (Foto: Reprodu\u00e7\u00e3o\/TV)<\/figcaption><\/figure>\n\n\n\n<p class=\"wp-block-paragraph\"><a href=\"https:\/\/www.grandepremio.com\/br\/f1\/noticias\/ma-fase-de-vettel-e-stroll-aciona-alerta-na-racing-point-ha-como-substituir-perez\/\">A semana foi de questionamentos sobre a m\u00e1 fase<\/a> de Stroll. A Racing Point tinha errado em manter o piloto e mandar embora Sergio P\u00e9rez? Neste momento, o mexicano tinha embalado uma sequ\u00eancia de bons resultados e era quem carregava a equipe nas costas contra as rivais Renault e McLaren. A falta de ajuda fez chover cr\u00edticas direcionadas ao canadense at\u00e9 o GP da Turquia.<\/p>\n\n\n\n<p class=\"wp-block-paragraph\">Stroll \u00e9 um caso curioso na F\u00f3rmula 1. Para voc\u00ea acompanhar a categoria, parece que \u00e9 preciso am\u00e1-lo ou odi\u00e1-lo, n\u00e3o existe um ponto de consenso, uma parte intermedi\u00e1ria da discuss\u00e3o. Quem ama, \u00e9 fan\u00e1tico. Quem n\u00e3o gosta, gasta o dedos com ofensas. Tudo por um simples motivo: tem um pai bilion\u00e1rio que, por sinal, \u00e9 o dono da equipe que o emprega. A situa\u00e7\u00e3o inusitada divide opini\u00f5es dos f\u00e3s da F1 e gera um intermin\u00e1vel debate.<\/p>\n\n\n\n<p class=\"wp-block-paragraph\">A verdade \u00e9 que n\u00e3o sabemos se houve uma mudan\u00e7a de mentalidade ou foi o casamento perfeito dos elementos discritos no in\u00edcio do texto, mas o piloto da Racing Point alcan\u00e7ou seu melhor momento na carreira justamente em uma das situa\u00e7\u00f5es mais dif\u00edceis que j\u00e1 vivenciou \u2014 n\u00e3o apenas na pista, mas tamb\u00e9m fora dela. Diante das adversidades da falta de ader\u00eancia e da chuva, pressionado pela falta de resultados, Stroll brilhou e foi o que sempre cobrou-se: eficiente.<\/p>\n\n\n\n<figure class=\"wp-block-image size-large\"><img decoding=\"async\" src=\"https:\/\/www.grandepremio.com\/br\/wp-content\/uploads\/2020\/11\/racingpoint-lancestroll-02-3-1024x683.jpg\" alt=\"\" class=\"wp-image-436151\"\/><figcaption>Stroll liderou boa parte da corrida, mas despencou e foi nono na Turquia (Foto: Racing Point)<\/figcaption><\/figure>\n\n\n\n\n\n<p class=\"wp-block-paragraph\">Se na corrida n\u00e3o teve a mesma sorte e viu a encaminhada vit\u00f3ria se perder, nunca saberemos de fato se teve ou n\u00e3o culpa, mas mostrou evolu\u00e7\u00e3o. Liderar e encarar pilotos mais capacitados, com carros superiores, mostrou que houve algo de positivo para tirar do fim de semana na Turquia. O resultado final talvez n\u00e3o mostre o verdadeiro potencial de Lance, mas ter o momento de reden\u00e7\u00e3o o tornou um dos grandes personagens da etapa por algo positivo. Isso j\u00e1 \u00e9 louv\u00e1vel se considerarmos a forma com que ele apareceu na m\u00eddia durante as \u00faltimas semanas.<\/p>\n\n\n\n<p class=\"wp-block-paragraph\">Ainda h\u00e1, no entanto, uma brecha na subida de Stroll. Ter uma pole \u00e9 um belo feito, ainda mais sem ter um dos melhores carros do ano, mas \u00e9 preciso mais do que isso para chegar ao topo e, principalmente, se manter l\u00e1. A grande derrota do canadense na Turquia talvez tenha sido ver o companheiro Sergio P\u00e9rez alcan\u00e7ar o p\u00f3dio e manter a \u00f3tima fase que vive, chegando ao quarto posto no Mundial de Pilotos, enquanto se mant\u00e9m estacionado em 11\u00ba. Ainda h\u00e1 uma longa jornada at\u00e9 chegar na parte de cima, mas o primeiro passo j\u00e1 foi dado, considerando que esta \u00e9 sua melhor temporada na F1.<\/p>\n\n\n\n<p class=\"wp-block-paragraph\">Para o pr\u00f3ximo ano, a grande miss\u00e3o ser\u00e1 evoluir ainda mais. E ter o tetracampe\u00e3o Sebastian Vettel ao lado n\u00e3o vai ajudar. Lance, como &#8220;dono da equipe&#8221;, vai precisar mostrar que n\u00e3o est\u00e1 l\u00e1 apenas pelo dinheiro do pai. Tirar o espa\u00e7o de um bom piloto como Sergio P\u00e9rez s\u00f3 aumenta a press\u00e3o, mas se tirar exibi\u00e7\u00f5es interessantes como mostrou na Turquia, talvez a fama de piloto pagante desapare\u00e7a de vez.<\/p>\n\n\n\n<p class=\"wp-block-paragraph\"><strong><strong>Conhe\u00e7a o canal do Grande Pr\u00eamio no YouTube! Clique\u00a0<a rel=\"noreferrer noopener\" href=\"https:\/\/youtube.com\/GrandePremioTV\" target=\"_blank\">aqui<\/a>.<br>Siga o Grande Pr\u00eamio no\u00a0<a rel=\"noreferrer noopener\" href=\"https:\/\/twitter.com\/grandepremio\" target=\"_blank\">Twitter\u00a0<\/a>e no\u00a0<a rel=\"noreferrer noopener\" href=\"https:\/\/instagram.com\/grandepremio\" target=\"_blank\">Instagram<\/a>!<\/strong><\/strong><\/p>\n\n\n\n<figure class=\"wp-block-embed-youtube wp-block-embed is-type-video is-provider-youtube wp-embed-aspect-16-9 wp-has-aspect-ratio\"><div class=\"wp-block-embed__wrapper\">\n<iframe loading=\"lazy\" title=\"HAMILTON n\u00e3o \u00e9 s\u00f3 maior na F1: \u00e9 o atleta mais IMPORTANTE do mundo | GP \u00e0s 10\" width=\"500\" height=\"281\" src=\"https:\/\/www.youtube.com\/embed\/_fYnxf9HPGM?feature=oembed\" frameborder=\"0\" allow=\"accelerometer; autoplay; clipboard-write; encrypted-media; gyroscope; picture-in-picture; web-share\" referrerpolicy=\"strict-origin-when-cross-origin\" allowfullscreen><\/iframe>\n<\/div><\/figure>\n","protected":false},"excerpt":{"rendered":"<p>Sorriso no s\u00e1bado, decep\u00e7\u00e3o no domingo: no GP da Turquia, Lance Stroll mostrou claros sinais de evolu\u00e7\u00e3o, mas ainda tem muito o que aprender para alcan\u00e7ar o topo da F\u00f3rmula 1 e fazer a fama de &#8220;piloto pagante&#8221; sumir de vez do curr\u00edculo<\/p>\n","protected":false},"author":0,"featured_media":1000429817,"comment_status":"closed","ping_status":"closed","sticky":false,"template":"","format":"standard","meta":{"42wp_featured_image_caption":"","42wp_featured_image_credits":"","42wp_featured_video":"","42wp_featured_image_hidden":false,"42wp_authors_list":[],"footnotes":""},"categories":[2],"tags":[147,118,24837,24860,15288,15287,485,310,210,24863,15285],"42wp_author":[47135],"class_list":["post-125163","post","type-post","status-publish","format-standard","has-post-thumbnail","hentry","category-f1","tag-f1","tag-f1-2020","tag-formula-1-2","tag-formula-1-2020-2","tag-gp-da-turquia","tag-istambul","tag-lance-stroll","tag-racing-point","tag-sebastian-vettel","tag-sergio-perez-2","tag-turquia","42wp_author-pedro-luis-cuenca"],"_links":{"self":[{"href":"https:\/\/grandepremio.com\/br\/wp-json\/wp\/v2\/posts\/125163","targetHints":{"allow":["GET"]}}],"collection":[{"href":"https:\/\/grandepremio.com\/br\/wp-json\/wp\/v2\/posts"}],"about":[{"href":"https:\/\/grandepremio.com\/br\/wp-json\/wp\/v2\/types\/post"}],"replies":[{"embeddable":true,"href":"https:\/\/grandepremio.com\/br\/wp-json\/wp\/v2\/comments?post=125163"}],"version-history":[{"count":0,"href":"https:\/\/grandepremio.com\/br\/wp-json\/wp\/v2\/posts\/125163\/revisions"}],"wp:featuredmedia":[{"embeddable":true,"href":"https:\/\/grandepremio.com\/br\/wp-json\/wp\/v2\/media\/1000429817"}],"wp:attachment":[{"href":"https:\/\/grandepremio.com\/br\/wp-json\/wp\/v2\/media?parent=125163"}],"wp:term":[{"taxonomy":"category","embeddable":true,"href":"https:\/\/grandepremio.com\/br\/wp-json\/wp\/v2\/categories?post=125163"},{"taxonomy":"post_tag","embeddable":true,"href":"https:\/\/grandepremio.com\/br\/wp-json\/wp\/v2\/tags?post=125163"},{"taxonomy":"42wp_author","embeddable":true,"href":"https:\/\/grandepremio.com\/br\/wp-json\/wp\/v2\/42wp_author?post=125163"}],"curies":[{"name":"wp","href":"https:\/\/api.w.org\/{rel}","templated":true}]}}