{"id":12518,"date":"2026-02-02T07:22:16","date_gmt":"2026-02-02T10:22:16","guid":{"rendered":"https:\/\/grandepremio.com\/br\/noticias\/joan-mir-prega-consistencia-2026-devolver-honda-lugar-onde-pertence-motogp\/"},"modified":"2026-02-02T07:28:03","modified_gmt":"2026-02-02T10:28:03","slug":"joan-mir-prega-consistencia-2026-devolver-honda-lugar-onde-pertence-motogp","status":"publish","type":"post","link":"https:\/\/grandepremio.com\/br\/motogp\/joan-mir-prega-consistencia-2026-devolver-honda-lugar-onde-pertence-motogp\/","title":{"rendered":"Mir prega consist\u00eancia em 2026 para &#8220;devolver Honda ao lugar onde pertence&#8221; na MotoGP"},"content":{"rendered":"\n<p class=\"wp-block-paragraph\">O crescimento da <strong>Honda <\/strong>na \u00faltima temporada da <strong>MotoGP <\/strong>deixou <strong>Joan Mir<\/strong> entusiasmado e ao mesmo tempo ciente de que a palavra de ordem para 2026 \u00e9 consist\u00eancia. Para isso, o campe\u00e3o de 2020 destacou que os testes da pr\u00e9-temporada ser\u00e3o determinantes para aprontar tudo at\u00e9 o<strong> GP da Tail\u00e2ndia<\/strong>, que vai abrir o campeonato.<\/p>\n\n\n\n<p class=\"wp-block-paragraph\">A Honda alcan\u00e7ou significativo progresso em 2025 que a fez mudar do grupo D para o C no ranking de concess\u00f5es, sistema criado para trazer mais equil\u00edbrio ao grid e que flexibiliza testes e desenvolvimento para equipes com desempenhos piores. Gra\u00e7as ao esquema, a marca da asa dourada\u00a0somou 280% pontos mais do que em 2024.<\/p>\n\n\n\n<p class=\"wp-block-paragraph\"><a href=\"https:\/\/www.grandepremio.com\/br\/motogp\/noticias\/honda-exibe-motos-joan-mir-luca-marini-busca-novo-passo-adiante-motogp\/\">Na apresenta\u00e7\u00e3o das motos de Mir e <strong>Luca Marini<\/strong> <\/a>para 2026, o espanhol destacou o intenso trabalho dos engenheiros da montadora japonesa e deixou claro que n\u00e3o h\u00e1 mais tempo a perder.<\/p>\n\n\n\n<p class=\"wp-block-paragraph\">\u201cOutra moto linda que tenho orgulho de pilotar, fazer parte da Honda \u00e9 algo muito especial&#8221;, disse. &#8220;Em 2026, precisamos encontrar a consist\u00eancia com a qual tivemos dificuldade no ano passado, mas mostramos que tanto eu quanto a Honda RC213V temos velocidade e capacidade para deixar a Honda orgulhosa&#8221;, salientou.<\/p>\n\n\n\n<figure class=\"wp-block-image size-large\"><img decoding=\"async\" src=\"https:\/\/www.grandepremio.com\/br\/wp-content\/uploads\/2026\/02\/Joan-Mir-2026-7-1200x800.jpg\" alt=\"\" class=\"wp-image-1054925\"\/><figcaption class=\"wp-element-caption\">Joan Mir afirmou que quer deixar Honda orgulhosa em 2026 (Foto: Honda)<\/figcaption><\/figure>\n\n\n\n<p class=\"wp-block-paragraph\">A partir desta ter\u00e7a-feira (3), a MotoGP d\u00e1 in\u00edcio aos testes coletivos na Mal\u00e1sia. Depois seguir\u00e3o para a Tail\u00e2ndia, que recebe a abertura o campeonato no come\u00e7o de mar\u00e7o.<\/p>\n\n\n\n<p class=\"wp-block-paragraph\">&#8220;Esses dois testes de pr\u00e9-temporada ser\u00e3o muito importantes para deixar tudo acertado para o in\u00edcio do ano. Tenho certeza de que todos os engenheiros da Honda trabalharam diligentemente durante o inverno. N\u00e3o h\u00e1 tempo para esperar, precisamos trabalhar desde a primeira volta para alcan\u00e7ar o nosso m\u00e1ximo e devolver a Honda ao lugar onde ela pertence.\u201d<\/p>\n\n\n\n<p class=\"wp-block-paragraph\">A&nbsp;<a href=\"https:\/\/grandepremio.com\/motovelocidade\/\" target=\"_blank\" rel=\"noreferrer noopener\"><\/a><a href=\"https:\/\/grandepremio.com\/motovelocidade\/\" target=\"_blank\" rel=\"noreferrer noopener\">MotoGP<\/a>&nbsp;volta a acelerar no dia&nbsp;<strong>3 de fevereiro<\/strong>, para o primeiro dos tr\u00eas dias de testes pr\u00e9-temporada em&nbsp;<strong>Sepang<\/strong>, na&nbsp;<strong>Mal\u00e1sia<\/strong>. O&nbsp;<strong>GRANDE PR\u00caMIO&nbsp;<\/strong>faz a cobertura completa de todas as atividades da classe rainha, assim como das outras categorias do&nbsp;<strong>Mundial de&nbsp;<a href=\"https:\/\/www.grandepremio.com\/motovelocidade\/\">Motovelocidade<\/a><\/strong>.<\/p>\n\n\n\n<p class=\"wp-block-paragraph\">\u25b6\ufe0f <strong>Inscreva-se nos dois canais do GRANDE PR\u00caMIO no YouTube:\u00a0<a href=\"https:\/\/www.youtube.com\/channel\/UC9OlHEgxoaY6QY6nWPoiqQg?sub_confirmation=1\" target=\"_blank\" rel=\"noreferrer noopener\">GP<\/a>\u00a0|\u00a0<a href=\"https:\/\/www.youtube.com\/channel\/UC9csiS6q_C3C0FYhyr1rnFA?sub_confirmation=1\" target=\"_blank\" rel=\"noreferrer noopener\">GP2<\/a><\/strong><\/p>\n\n\n\n<h3 class=\"wp-block-heading\" id=\"h-motogp-hoje-saiba-aqui-as-noticias-mais-importantes-da-motogp\"><strong>MotoGP hoje: saiba aqui as not\u00edcias mais importantes da MotoGP<\/strong><\/h3>\n\n\n\n<p class=\"wp-block-paragraph\">A reda\u00e7\u00e3o do&nbsp;<strong>GRANDE PR\u00caMIO<\/strong>&nbsp;selecionou as not\u00edcias mais importantes das \u00faltimas horas para voc\u00ea ficar por dentro de tudo que acontece na MotoGP.<\/p>\n\n\n\n<p class=\"wp-block-paragraph\">\u25b6\ufe0f <strong><a href=\"https:\/\/www.grandepremio.com\/br\/motogp\/noticias\/honda-exibe-motos-joan-mir-luca-marini-busca-novo-passo-adiante-motogp\/\">Honda apresenta motos de Mir e Marini em busca de novo passo adiante na MotoGP<\/a><br>\u25b6\ufe0f<\/strong> <strong><a href=\"https:\/\/www.grandepremio.com\/br\/motogp\/noticias\/luca-marini-diz-honda-fez-dever-casa-almeja-fechar-era-1000cc-melhor-forma\/\">Marini diz que Honda fez \u201cdever de casa\u201d e visa fechar era das 1000cc \u201cda melhor forma\u201d<\/a><br>\u25b6\ufe0f<\/strong> <strong><a href=\"https:\/\/www.grandepremio.com\/br\/galeria\/motogp\/confira-imagens-rc213v-honda-temporada-2026-motogp\/\">Confira imagens da RC213V da Honda para temporada 2026 da MotoGP<\/a><\/strong><\/p>\n","protected":false},"excerpt":{"rendered":"<p>Apesar do crescimento not\u00f3rio, a Honda apresentou certa inconsist\u00eancia em 2025, por isso Joan Mir afirmou que esta precisa ser a prioridade para a atual temporada<\/p>\n","protected":false},"author":0,"featured_media":1001054924,"comment_status":"closed","ping_status":"closed","sticky":false,"template":"","format":"standard","meta":{"42wp_featured_image_caption":"","42wp_featured_image_credits":"","42wp_featured_video":"","42wp_featured_image_hidden":false,"42wp_authors_list":[],"footnotes":""},"categories":[8],"tags":[24853,5214,1491,28285,130,5455,187,78,27236,25819,847,34187,393,44250],"42wp_author":[47147],"class_list":["post-12518","post","type-post","status-publish","format-standard","has-post-thumbnail","hentry","category-motogp","tag-calendario-motogp","tag-classificacao-motogp","tag-grande-premio","tag-grandepremio","tag-honda","tag-horarios-motogp","tag-joan-mir","tag-motogp","tag-motogp-2026","tag-motogp-hoje","tag-mundial-de-motovelocidade","tag-onde-assistir-motogp","tag-rc213v","tag-temporada-2026-da-motogp","42wp_author-luana-marino"],"_links":{"self":[{"href":"https:\/\/grandepremio.com\/br\/wp-json\/wp\/v2\/posts\/12518","targetHints":{"allow":["GET"]}}],"collection":[{"href":"https:\/\/grandepremio.com\/br\/wp-json\/wp\/v2\/posts"}],"about":[{"href":"https:\/\/grandepremio.com\/br\/wp-json\/wp\/v2\/types\/post"}],"replies":[{"embeddable":true,"href":"https:\/\/grandepremio.com\/br\/wp-json\/wp\/v2\/comments?post=12518"}],"version-history":[{"count":0,"href":"https:\/\/grandepremio.com\/br\/wp-json\/wp\/v2\/posts\/12518\/revisions"}],"wp:featuredmedia":[{"embeddable":true,"href":"https:\/\/grandepremio.com\/br\/wp-json\/wp\/v2\/media\/1001054924"}],"wp:attachment":[{"href":"https:\/\/grandepremio.com\/br\/wp-json\/wp\/v2\/media?parent=12518"}],"wp:term":[{"taxonomy":"category","embeddable":true,"href":"https:\/\/grandepremio.com\/br\/wp-json\/wp\/v2\/categories?post=12518"},{"taxonomy":"post_tag","embeddable":true,"href":"https:\/\/grandepremio.com\/br\/wp-json\/wp\/v2\/tags?post=12518"},{"taxonomy":"42wp_author","embeddable":true,"href":"https:\/\/grandepremio.com\/br\/wp-json\/wp\/v2\/42wp_author?post=12518"}],"curies":[{"name":"wp","href":"https:\/\/api.w.org\/{rel}","templated":true}]}}