{"id":125213,"date":"2020-11-16T11:52:16","date_gmt":"2020-11-16T14:52:16","guid":{"rendered":"https:\/\/grandepremio.com\/br\/noticias\/chefe-da-pirelli-na-formula-1-isola-testa-positivo-para-covid-19-na-turquia\/"},"modified":"2020-11-16T11:52:45","modified_gmt":"2020-11-16T14:52:45","slug":"chefe-da-pirelli-na-formula-1-isola-testa-positivo-para-covid-19-na-turquia","status":"publish","type":"post","link":"https:\/\/grandepremio.com\/br\/f1\/chefe-da-pirelli-na-formula-1-isola-testa-positivo-para-covid-19-na-turquia\/","title":{"rendered":"Chefe da Pirelli na F\u00f3rmula 1, Isola testa positivo para Covid-19 na Turquia"},"content":{"rendered":"\n<p class=\"wp-block-paragraph\"><a href=\"https:\/\/www.grandepremio.com\/br\/f1\/\">A F\u00f3rmula 1 anunciou<\/a>, nesta segunda-feira (16), que Mario Isola, chefe da fornecedora de pneus Pirelli, testou positivo para Covid-19 no \u00faltimo domingo, que marcou a realiza\u00e7\u00e3o do GP da Turquia, no Istambul Park.<\/p>\n\n\n\n<p class=\"wp-block-paragraph\">Em curto comunicado, a categoria informou que Isola est\u00e1 assintom\u00e1tico e seguir\u00e1 as diretrizes m\u00e9dicas da Turquia, j\u00e1 em isolamento. O exame positivo veio como parte da testagem regular da F\u00f3rmula 1. Pessoas que tiveram contato com Mario passaram por novos testes, mas nenhum retornou positivo at\u00e9 o momento.<\/p>\n\n\n\n<figure class=\"wp-block-image size-large\"><img decoding=\"async\" src=\"https:\/\/www.grandepremio.com\/br\/wp-content\/uploads\/2020\/11\/Mario-ISola-Pirelli-F1.jpg\" alt=\"Mario Isola, Pirelli, F\u00f3rmula 1\" class=\"wp-image-436465\"\/><figcaption>Mario Isola, diretor de automobilismo da Pirelli (Foto: Pirelli)<\/figcaption><\/figure>\n\n\n\n<p class=\"wp-block-paragraph\"><strong>Conhe\u00e7a o canal do Grande Pr\u00eamio no YouTube! Clique\u00a0<a rel=\"noreferrer noopener\" href=\"https:\/\/youtube.com\/GrandePremioTV\" target=\"_blank\">aqui<\/a>.<br>Siga o Grande Pr\u00eamio no\u00a0<a rel=\"noreferrer noopener\" href=\"https:\/\/twitter.com\/grandepremio\" target=\"_blank\">Twitter\u00a0<\/a>e no\u00a0<a rel=\"noreferrer noopener\" href=\"https:\/\/instagram.com\/grandepremio\" target=\"_blank\">Instagram<\/a>!<\/strong><\/p>\n\n\n\n<p class=\"wp-block-paragraph\">Recentemente, a Williams tamb\u00e9m teve problemas com a Covid-19. Al\u00e9m de participar do GP da Turquia desfalcada de mec\u00e2nicos titulares, a esquadra localizada em Grove tamb\u00e9m perdeu o chefe de equipe Simon Roberts por conta de um exame positivo.<\/p>\n\n\n\n<p class=\"wp-block-paragraph\">A FIA e a F\u00f3rmula 1 ainda n\u00e3o divulgaram o mais recente n\u00famero da bateria de testes coletivos de Covid-19. Durante a semana do GP da Em\u00edlia-Romanha, em \u00cdmola, foram 8 novos infectados ap\u00f3s 1781 testes.<\/p>\n\n\n\n<p class=\"wp-block-paragraph\">As pr\u00f3ximas etapas da F\u00f3rmula 1 acontecem no Bahrein, nos dias 29 de novembro e 6 de dezembro. A presen\u00e7a de Mario n\u00e3o est\u00e1 confirmada.<\/p>\n\n\n\n<figure class=\"wp-block-embed-youtube wp-block-embed is-type-video is-provider-youtube wp-embed-aspect-16-9 wp-has-aspect-ratio\"><div class=\"wp-block-embed__wrapper\">\n<iframe loading=\"lazy\" title=\"F1 2020: HAMILTON HEPTA! Tudo sobre o GP da TURQUIA de F1 | Briefing\" width=\"500\" height=\"281\" src=\"https:\/\/www.youtube.com\/embed\/3JW4axy0kr4?feature=oembed\" frameborder=\"0\" allow=\"accelerometer; autoplay; clipboard-write; encrypted-media; gyroscope; picture-in-picture; web-share\" referrerpolicy=\"strict-origin-when-cross-origin\" allowfullscreen><\/iframe>\n<\/div><\/figure>\n","protected":false},"excerpt":{"rendered":"<p>Mario Isola \u00e9 o mais novo caso de Covid-19 no paddock da F\u00f3rmula 1. O chefe da Pirelli testou positivo em exame realizado no domingo do GP da Turquia. Diretor est\u00e1 assintom\u00e1tico e em isolamento<\/p>\n","protected":false},"author":0,"featured_media":1000436466,"comment_status":"closed","ping_status":"closed","sticky":false,"template":"","format":"standard","meta":{"42wp_featured_image_caption":"","42wp_featured_image_credits":"","42wp_featured_video":"","42wp_featured_image_hidden":false,"42wp_authors_list":[],"footnotes":""},"categories":[2],"tags":[24858,118,24837,24860,15288,1129,1126],"42wp_author":[47119],"class_list":["post-125213","post","type-post","status-publish","format-standard","has-post-thumbnail","hentry","category-f1","tag-covid-19","tag-f1-2020","tag-formula-1-2","tag-formula-1-2020-2","tag-gp-da-turquia","tag-mario-isola","tag-pirelli","42wp_author-gabriel-carvalho"],"_links":{"self":[{"href":"https:\/\/grandepremio.com\/br\/wp-json\/wp\/v2\/posts\/125213","targetHints":{"allow":["GET"]}}],"collection":[{"href":"https:\/\/grandepremio.com\/br\/wp-json\/wp\/v2\/posts"}],"about":[{"href":"https:\/\/grandepremio.com\/br\/wp-json\/wp\/v2\/types\/post"}],"replies":[{"embeddable":true,"href":"https:\/\/grandepremio.com\/br\/wp-json\/wp\/v2\/comments?post=125213"}],"version-history":[{"count":0,"href":"https:\/\/grandepremio.com\/br\/wp-json\/wp\/v2\/posts\/125213\/revisions"}],"wp:featuredmedia":[{"embeddable":true,"href":"https:\/\/grandepremio.com\/br\/wp-json\/wp\/v2\/media\/1000436466"}],"wp:attachment":[{"href":"https:\/\/grandepremio.com\/br\/wp-json\/wp\/v2\/media?parent=125213"}],"wp:term":[{"taxonomy":"category","embeddable":true,"href":"https:\/\/grandepremio.com\/br\/wp-json\/wp\/v2\/categories?post=125213"},{"taxonomy":"post_tag","embeddable":true,"href":"https:\/\/grandepremio.com\/br\/wp-json\/wp\/v2\/tags?post=125213"},{"taxonomy":"42wp_author","embeddable":true,"href":"https:\/\/grandepremio.com\/br\/wp-json\/wp\/v2\/42wp_author?post=125213"}],"curies":[{"name":"wp","href":"https:\/\/api.w.org\/{rel}","templated":true}]}}