{"id":125272,"date":"2020-11-14T17:30:16","date_gmt":"2020-11-14T20:30:16","guid":{"rendered":"https:\/\/grandepremio.com\/br\/noticias\/briefing-tem-edicoes-ao-vivo-e-analisa-pre-e-pos-gp-da-turquia-de-f1\/"},"modified":"2020-11-14T17:04:10","modified_gmt":"2020-11-14T20:04:10","slug":"briefing-tem-edicoes-ao-vivo-e-analisa-pre-e-pos-gp-da-turquia-de-f1","status":"publish","type":"post","link":"https:\/\/grandepremio.com\/br\/briefing\/briefing-tem-edicoes-ao-vivo-e-analisa-pre-e-pos-gp-da-turquia-de-f1\/","title":{"rendered":"Mais cedo, Briefing tem edi\u00e7\u00f5es ao vivo e analisa pr\u00e9 e p\u00f3s-GP da Turquia de F1"},"content":{"rendered":"\n<p class=\"wp-block-paragraph\">O fim de semana surpreendente e ca\u00f3tico do GP da Turquia de F\u00f3rmula 1 ser\u00e1 tema de debate das edi\u00e7\u00f5es pr\u00e9 e p\u00f3s-corrida do BRIEFING. O programa AO VIVO do <strong>GRANDE PR\u00caMIO<\/strong> vai ao ar cedinho neste domingo (15), a partir de 6h (de Bras\u00edlia), uma hora antes da largada em Istambul, para abordar tudo sobre a <strong><a href=\"https:\/\/www.grandepremio.com\/br\/f1\/noticias\/stroll-bate-verstappen-e-fatura-pole-inacreditavel-em-classificacao-louca-na-turquia\/\">inacredit\u00e1vel classifica\u00e7\u00e3o que coroou Lance Stroll como pole-position pela primeira vez na carreira<\/a><\/strong>. Tudo na <strong><a href=\"https:\/\/www.youtube.com\/c\/GrandePremioTV\/\">GPTV, o canal do GRANDE PR\u00caMIO no YouTube<\/a><\/strong>.<\/p>\n\n\n\n<p class=\"wp-block-paragraph\">Al\u00e9m da incr\u00edvel conquista de Stroll, a classifica\u00e7\u00e3o de s\u00e1bado foi palco de uma verdadeira aula de pilotagem de Max Verstappen, em uma das maiores exibi\u00e7\u00f5es de um piloto em classifica\u00e7\u00f5es na F\u00f3rmula 1 nos \u00faltimos tempos.<\/p>\n\n\n\n<figure class=\"wp-block-image size-large\"><img decoding=\"async\" src=\"https:\/\/www.grandepremio.com\/br\/wp-content\/uploads\/2020\/11\/GP2014_145309XPB_TURKEY_Q_01-medium-1024x683.jpg\" alt=\"F1; F\u00d3RMULA 1; LANCE STROLL; POLE; GP DA TURQUIA; ISTAMBUL;\" class=\"wp-image-435823\"\/><figcaption>O impens\u00e1vel aconteceu! Lance Stroll \u00e9 pole em Istambul (Foto: Racing Point)<\/figcaption><\/figure>\n\n\n\n<p class=\"wp-block-paragraph\"><strong>Conhe\u00e7a o canal do Grande Pr\u00eamio no YouTube! Clique\u00a0<a rel=\"noreferrer noopener\" href=\"https:\/\/youtube.com\/GrandePremioTV\" target=\"_blank\">aqui<\/a>.<br>Siga o Grande Pr\u00eamio no\u00a0<a rel=\"noreferrer noopener\" href=\"https:\/\/twitter.com\/grandepremio\" target=\"_blank\">Twitter\u00a0<\/a>e no\u00a0<a rel=\"noreferrer noopener\" href=\"https:\/\/instagram.com\/grandepremio\" target=\"_blank\">Instagram<\/a>!<\/strong><\/p>\n\n\n\n<p class=\"wp-block-paragraph\">Lewis Hamilton, desta vez, foi coadjuvante. O hexacampe\u00e3o, que vai largar em sexto, contudo, pode fazer novamente hist\u00f3ria neste domingo e tem totais condi\u00e7\u00f5es e confirmar a conquista do heptacampeonato mundial e igualar mais uma marca de Michael Schumacher para ser o maior detentor de t\u00edtulos na F\u00f3rmula 1 em todos os tempos.<\/p>\n\n\n\n<p class=\"wp-block-paragraph\">A edi\u00e7\u00e3o pr\u00e9-corrida do <strong>BRIEFING<\/strong> conta com Victor Martins comandando a mesa virtual, que ter\u00e1 ainda as presen\u00e7as de Fernando Silva e Pedro Henrique Marum, que v\u00e3o debater tudo sobre a lot\u00e9rica classifica\u00e7\u00e3o em Istambul e tamb\u00e9m trazer as \u00faltimas informa\u00e7\u00f5es que antecedem \u00e0 largada do GP da Turquia.<\/p>\n\n\n\n<h3 class=\"wp-block-heading\">BRIEFING pr\u00e9-GP da Turquia com Victor Martins, Fernando Silva e Pedro Henrique Marum<\/h3>\n\n\n\n<figure class=\"wp-block-embed-youtube wp-block-embed is-type-video is-provider-youtube wp-embed-aspect-16-9 wp-has-aspect-ratio\"><div class=\"wp-block-embed__wrapper\">\n<iframe loading=\"lazy\" title=\"F1 2020: Lance Stroll na pole! O pr\u00e9-corrida do GP da TURQUIA de F1 | Briefing\" width=\"500\" height=\"281\" src=\"https:\/\/www.youtube.com\/embed\/h-XZmwW6CKA?feature=oembed\" frameborder=\"0\" allow=\"accelerometer; autoplay; clipboard-write; encrypted-media; gyroscope; picture-in-picture; web-share\" referrerpolicy=\"strict-origin-when-cross-origin\" allowfullscreen><\/iframe>\n<\/div><\/figure>\n\n\n\n<p class=\"wp-block-paragraph\">Pouco depois, imediatamente ap\u00f3s a bandeira quadriculada em Istambul, Victor Martins volta ao vivo ao lado de Vitor Fazio e o convidado Ubiratan Leal para destrinchar todos os detalhes da 14\u00aa etapa da temporada 2020, os grandes nomes do domingo, a repercuss\u00e3o, as eventuais pol\u00eamicas da corrida e para dar as notas de todos os 20 pilotos do grid.<\/p>\n\n\n\n<h3 class=\"wp-block-heading\">BRIEFING p\u00f3s-GP da Turquia com Victor Martins, Vitor Fazio e Ubiratan Leal<\/h3>\n\n\n\n<figure class=\"wp-block-embed-youtube wp-block-embed is-type-video is-provider-youtube wp-embed-aspect-16-9 wp-has-aspect-ratio\"><div class=\"wp-block-embed__wrapper\">\n<iframe loading=\"lazy\" title=\"F1 2020: HAMILTON HEPTA! Tudo sobre o GP da TURQUIA de F1 | Briefing\" width=\"500\" height=\"281\" src=\"https:\/\/www.youtube.com\/embed\/3JW4axy0kr4?feature=oembed\" frameborder=\"0\" allow=\"accelerometer; autoplay; clipboard-write; encrypted-media; gyroscope; picture-in-picture; web-share\" referrerpolicy=\"strict-origin-when-cross-origin\" allowfullscreen><\/iframe>\n<\/div><\/figure>\n","protected":false},"excerpt":{"rendered":"<p>Dia de F1 tamb\u00e9m \u00e9 dia de BRIEFING. Os jornalistas do GRANDE PR\u00caMIO entram ao vivo antes e depois do GP da Turquia. A edi\u00e7\u00e3o pr\u00e9-corrida come\u00e7a cedinho, a partir de 6h (de Bras\u00edlia)<\/p>\n","protected":false},"author":0,"featured_media":1000435760,"comment_status":"closed","ping_status":"closed","sticky":false,"template":"","format":"standard","meta":{"42wp_featured_image_caption":"","42wp_featured_image_credits":"","42wp_featured_video":"","42wp_featured_image_hidden":false,"42wp_authors_list":[],"footnotes":""},"categories":[39],"tags":[3350,147,118,642,24837,15288,24836,485,203],"42wp_author":[47110],"class_list":["post-125272","post","type-post","status-publish","format-standard","has-post-thumbnail","hentry","category-briefing","tag-briefing","tag-f1","tag-f1-2020","tag-f1-ao-vivo","tag-formula-1-2","tag-gp-da-turquia","tag-grande-premio-2","tag-lance-stroll","tag-max-verstappen","42wp_author-fernando-silva"],"_links":{"self":[{"href":"https:\/\/grandepremio.com\/br\/wp-json\/wp\/v2\/posts\/125272","targetHints":{"allow":["GET"]}}],"collection":[{"href":"https:\/\/grandepremio.com\/br\/wp-json\/wp\/v2\/posts"}],"about":[{"href":"https:\/\/grandepremio.com\/br\/wp-json\/wp\/v2\/types\/post"}],"replies":[{"embeddable":true,"href":"https:\/\/grandepremio.com\/br\/wp-json\/wp\/v2\/comments?post=125272"}],"version-history":[{"count":0,"href":"https:\/\/grandepremio.com\/br\/wp-json\/wp\/v2\/posts\/125272\/revisions"}],"wp:featuredmedia":[{"embeddable":true,"href":"https:\/\/grandepremio.com\/br\/wp-json\/wp\/v2\/media\/1000435760"}],"wp:attachment":[{"href":"https:\/\/grandepremio.com\/br\/wp-json\/wp\/v2\/media?parent=125272"}],"wp:term":[{"taxonomy":"category","embeddable":true,"href":"https:\/\/grandepremio.com\/br\/wp-json\/wp\/v2\/categories?post=125272"},{"taxonomy":"post_tag","embeddable":true,"href":"https:\/\/grandepremio.com\/br\/wp-json\/wp\/v2\/tags?post=125272"},{"taxonomy":"42wp_author","embeddable":true,"href":"https:\/\/grandepremio.com\/br\/wp-json\/wp\/v2\/42wp_author?post=125272"}],"curies":[{"name":"wp","href":"https:\/\/api.w.org\/{rel}","templated":true}]}}