{"id":125281,"date":"2020-11-14T13:05:56","date_gmt":"2020-11-14T16:05:56","guid":{"rendered":"https:\/\/grandepremio.com\/br\/noticias\/vettel-ve-dificuldade-da-ferrari-na-chuva-e-leclerc-pede-explicacao-foi-um-desastre\/"},"modified":"2020-11-14T13:06:03","modified_gmt":"2020-11-14T16:06:03","slug":"vettel-ve-dificuldade-da-ferrari-na-chuva-e-leclerc-pede-explicacao-foi-um-desastre","status":"publish","type":"post","link":"https:\/\/grandepremio.com\/br\/f1\/vettel-ve-dificuldade-da-ferrari-na-chuva-e-leclerc-pede-explicacao-foi-um-desastre\/","title":{"rendered":"Vettel v\u00ea dificuldade da Ferrari na chuva e Leclerc pede explica\u00e7\u00e3o: &#8220;Foi um desastre&#8221;"},"content":{"rendered":"\n<figure class=\"wp-block-embed-youtube wp-block-embed is-type-video is-provider-youtube wp-embed-aspect-16-9 wp-has-aspect-ratio\"><div class=\"wp-block-embed__wrapper\">\n<iframe loading=\"lazy\" title=\"HAMILTON \u00d7 ALONSO: a &amp;apos;Guerra das Estrelas&amp;apos; da F1 que implodiu a McLAREN\" width=\"500\" height=\"281\" src=\"https:\/\/www.youtube.com\/embed\/OhAV4md4WeY?feature=oembed\" frameborder=\"0\" allow=\"accelerometer; autoplay; clipboard-write; encrypted-media; gyroscope; picture-in-picture; web-share\" referrerpolicy=\"strict-origin-when-cross-origin\" allowfullscreen><\/iframe>\n<\/div><\/figure>\n\n\n\n<p class=\"wp-block-paragraph\">Os treinos livres do GP da Turquia deram a impress\u00e3o de que a Ferrari brigaria pelas primeiras posi\u00e7\u00f5es, talvez at\u00e9 pela primeira fila. Mas veio <a href=\"https:\/\/www.grandepremio.com\/br\/f1\/noticias\/stroll-bate-verstappen-e-fatura-pole-inacreditavel-em-classificacao-louca-na-turquia\/\">a classifica\u00e7\u00e3o na chuva, neste s\u00e1bado (14),<\/a> e nada daquilo se concretizou. Nenhum dos dois pilotos conseguiu avan\u00e7ar ao Q3. &#8220;Um desastre&#8221;, segundo o piloto do futuro dos italianos.<\/p>\n\n\n\n<p class=\"wp-block-paragraph\"><strong>Conhe\u00e7a o canal do Grande Pr\u00eamio no YouTube! Clique\u00a0<a rel=\"noreferrer noopener\" href=\"https:\/\/youtube.com\/GrandePremioTV\" target=\"_blank\">aqui<\/a>.<br>Siga o Grande Pr\u00eamio no\u00a0<a rel=\"noreferrer noopener\" href=\"https:\/\/twitter.com\/grandepremio\" target=\"_blank\">Twitter\u00a0<\/a>e no\u00a0<a rel=\"noreferrer noopener\" href=\"https:\/\/instagram.com\/grandepremio\" target=\"_blank\">Instagram<\/a>!<\/strong><\/p>\n\n\n\n<p class=\"wp-block-paragraph\">Sebastian Vettel e Charles Leclerc terminaram, respectivamente, na 12\u00aa e 14\u00aa posi\u00e7\u00f5es, e deixaram o carro falando sobre os problemas que a Ferrari t\u00eam na chuva. Vettel falou de maneira mais suave, mas Leclerc estava nervoso.<\/p>\n\n\n\n<p class=\"wp-block-paragraph\">&#8220;Sob essas condi\u00e7\u00f5es foi dif\u00edcil para n\u00f3s dois. O que importa \u00e9 que nenhum de n\u00f3s conseguiu passar ao Q3. Temos dificuldades na chuva, olhando tamb\u00e9m para o que aconteceu na \u00c1ustria&#8221;, disse Seb.<\/p>\n\n\n\n<p class=\"wp-block-paragraph\">&#8220;N\u00e3o conseguimos fazer com que nossos pneus chegassem at\u00e9 a temperatura certa, o que foi nossa fraqueza no come\u00e7o da temporada. Trouxemos algumas atualiza\u00e7\u00f5es para melhorar isso, aquecer mais os aros e, com isso, os pneus, mas ainda parece que temos de melhorar mais&#8221;, falou.<\/p>\n\n\n\n<figure class=\"wp-block-image size-large\"><img decoding=\"async\" src=\"https:\/\/www.grandepremio.com\/br\/wp-content\/uploads\/2020\/11\/ferrari-charlesleclerc-01-2-1024x683.jpg\" alt=\"\" class=\"wp-image-435662\"\/><figcaption>F\u00e1cil a vida de Leclerc na Turquia? (Foto: Ferrari)<\/figcaption><\/figure>\n\n\n\n\n\n<p class=\"wp-block-paragraph\">Leclerc deixou claro: o desempenho foi inexplic\u00e1vel mesmo com a chuva, visto que o carro rendeu bem no terceiro treino livre, em condi\u00e7\u00e3o de pista ainda pior, realizado pela manh\u00e3.<\/p>\n\n\n\n<p class=\"wp-block-paragraph\">&#8220;N\u00e3o tem explica\u00e7\u00e3o, dessa vez eu n\u00e3o entendo. Est\u00e1vamos competitivos na TL3 hoje cedo mesmo com chuva forte &#8211; t\u00ednhamos, provavelmente, um dos carros mais r\u00e1pidos da pista. E, a\u00ed, chegamos na classifica\u00e7\u00e3o, eu n\u00e3o conseguia ficar na pista e est\u00e1vamos 6s mais lentos. Foi um desastre&#8221;, afirmou.<\/p>\n\n\n\n<p class=\"wp-block-paragraph\">&#8220;N\u00e3o estamos falando de alguns d\u00e9cimos, estamos falando de 6s, o que \u00e9 muito. Precisamos realmente entender o que estamos fazendo de errado na chuva, porque n\u00e3o \u00e9 a primeira vez. J\u00e1 tivemos dificuldades al\u00e9m dos demais na chuva algumas vezes&#8221;, finalizou.<\/p>\n\n\n\n<p class=\"wp-block-paragraph\">O GP da Turquia tem largada marcada para 7h10 (hor\u00e1rio de Bras\u00edlia). Antes, o\u00a0<strong>GRANDE PR\u00caMIO<\/strong>\u00a0debate tudo sobre a incr\u00edvel classifica\u00e7\u00e3o neste s\u00e1bado e traz as \u00faltimas informa\u00e7\u00f5es de Istambul no\u00a0<a href=\"https:\/\/www.youtube.com\/watch?v=h-XZmwW6CKA\">BRIEFING pr\u00e9-corrida. Tudo AO VIVO<\/a>\u00a0a partir de 6h na\u00a0<a href=\"https:\/\/www.youtube.com\/c\/GrandePremioTV\">GPTV, o canal do\u00a0<strong>GRANDE PR\u00caMIO<\/strong>\u00a0no YouTube<\/a>.<\/p>\n\n\n\n<figure class=\"wp-block-embed-youtube wp-block-embed is-type-video is-provider-youtube wp-embed-aspect-16-9 wp-has-aspect-ratio\"><div class=\"wp-block-embed__wrapper\">\n<iframe loading=\"lazy\" title=\"F1 com CALEND\u00c1RIO NORMAL de 23 corridas em 2021 n\u00e3o \u00e9 um ERRO? | GP \u00e0s 10\" width=\"500\" height=\"281\" src=\"https:\/\/www.youtube.com\/embed\/Xzip1y18I9Q?feature=oembed\" frameborder=\"0\" allow=\"accelerometer; autoplay; clipboard-write; encrypted-media; gyroscope; picture-in-picture; web-share\" referrerpolicy=\"strict-origin-when-cross-origin\" allowfullscreen><\/iframe>\n<\/div><\/figure>\n","protected":false},"excerpt":{"rendered":"<p>Um treino de classifica\u00e7\u00e3o de desastre para a Ferrari, usando a palavra de Leclerc. Ap\u00f3s aparentar \u00f3timo ritmo, os dois carros vermelhos nem foram ao Q3<\/p>\n","protected":false},"author":0,"featured_media":1000435665,"comment_status":"closed","ping_status":"closed","sticky":false,"template":"","format":"standard","meta":{"42wp_featured_image_caption":"","42wp_featured_image_credits":"","42wp_featured_video":"","42wp_featured_image_hidden":false,"42wp_authors_list":[],"footnotes":""},"categories":[2],"tags":[209,118,207,24860,15288,25081,25214,15287,210],"42wp_author":[47120],"class_list":["post-125281","post","type-post","status-publish","format-standard","has-post-thumbnail","hentry","category-f1","tag-charles-leclerc","tag-f1-2020","tag-ferrari","tag-formula-1-2020-2","tag-gp-da-turquia","tag-horarios-da-f1-2","tag-horarios-da-formula-1-2","tag-istambul","tag-sebastian-vettel","42wp_author-pedro-henrique-marum"],"_links":{"self":[{"href":"https:\/\/grandepremio.com\/br\/wp-json\/wp\/v2\/posts\/125281","targetHints":{"allow":["GET"]}}],"collection":[{"href":"https:\/\/grandepremio.com\/br\/wp-json\/wp\/v2\/posts"}],"about":[{"href":"https:\/\/grandepremio.com\/br\/wp-json\/wp\/v2\/types\/post"}],"replies":[{"embeddable":true,"href":"https:\/\/grandepremio.com\/br\/wp-json\/wp\/v2\/comments?post=125281"}],"version-history":[{"count":0,"href":"https:\/\/grandepremio.com\/br\/wp-json\/wp\/v2\/posts\/125281\/revisions"}],"wp:featuredmedia":[{"embeddable":true,"href":"https:\/\/grandepremio.com\/br\/wp-json\/wp\/v2\/media\/1000435665"}],"wp:attachment":[{"href":"https:\/\/grandepremio.com\/br\/wp-json\/wp\/v2\/media?parent=125281"}],"wp:term":[{"taxonomy":"category","embeddable":true,"href":"https:\/\/grandepremio.com\/br\/wp-json\/wp\/v2\/categories?post=125281"},{"taxonomy":"post_tag","embeddable":true,"href":"https:\/\/grandepremio.com\/br\/wp-json\/wp\/v2\/tags?post=125281"},{"taxonomy":"42wp_author","embeddable":true,"href":"https:\/\/grandepremio.com\/br\/wp-json\/wp\/v2\/42wp_author?post=125281"}],"curies":[{"name":"wp","href":"https:\/\/api.w.org\/{rel}","templated":true}]}}