{"id":125352,"date":"2020-11-12T12:55:33","date_gmt":"2020-11-12T15:55:33","guid":{"rendered":"https:\/\/grandepremio.com\/br\/noticias\/sao-paulo-anuncia-renovacao-com-formula-1-e-mantem-gp-do-brasil-em-interlagos\/"},"modified":"2022-05-11T11:48:40","modified_gmt":"2022-05-11T14:48:40","slug":"sao-paulo-anuncia-renovacao-com-formula-1-e-mantem-gp-do-brasil-em-interlagos","status":"publish","type":"post","link":"https:\/\/grandepremio.com\/br\/f1\/sao-paulo-anuncia-renovacao-com-formula-1-e-mantem-gp-do-brasil-em-interlagos\/","title":{"rendered":"S\u00e3o Paulo anuncia renova\u00e7\u00e3o com F\u00f3rmula 1 e mant\u00e9m GP do Brasil em Interlagos"},"content":{"rendered":"\n<figure class=\"wp-block-embed is-type-video is-provider-youtube wp-block-embed-youtube wp-embed-aspect-16-9 wp-has-aspect-ratio\"><div class=\"wp-block-embed__wrapper\">\n<iframe loading=\"lazy\" title=\"GLOBO confirma negocia\u00e7\u00f5es com F1 e Rio Motorsports j\u00e1 era | GP \u00e0s 10\" width=\"500\" height=\"281\" src=\"https:\/\/www.youtube.com\/embed\/aAkEAnIou7I?feature=oembed\" frameborder=\"0\" allow=\"accelerometer; autoplay; clipboard-write; encrypted-media; gyroscope; picture-in-picture; web-share\" referrerpolicy=\"strict-origin-when-cross-origin\" allowfullscreen><\/iframe>\n<\/div><\/figure>\n\n\n\n<p class=\"wp-block-paragraph\">Est\u00e1 dito e feito. Ap\u00f3s enorme imbr\u00f3glio que se esticou por mais de um ano, o Governo de S\u00e3o Paulo confirmou, na tarde desta quinta-feira (12), o acordo com a F\u00f3rmula 1 para a manuten\u00e7\u00e3o do GP do Brasil em Interlagos pelos pr\u00f3ximos cinco anos.<\/p>\n\n\n\n<p class=\"wp-block-paragraph\"><strong>Conhe\u00e7a o canal do Grande Pr\u00eamio no&nbsp;<a href=\"https:\/\/www.youtube.com\/GrandePremioTV\">YouTube<\/a>.<br>Siga o Grande Pr\u00eamio no&nbsp;<a rel=\"noreferrer noopener\" href=\"https:\/\/twitter.com\/grandepremio\" target=\"_blank\">Twitter&nbsp;<\/a>e no&nbsp;<a rel=\"noreferrer noopener\" href=\"https:\/\/instagram.com\/grandepremio\" target=\"_blank\">Instagram<\/a>.<\/strong><\/p>\n\n\n\n<p class=\"wp-block-paragraph\">O an\u00fancio foi feito pelo governador Jo\u00e3o Doria durante entrevista coletiva. Conforme apontado na primeira vers\u00e3o do <a href=\"https:\/\/www.grandepremio.com\/br\/f1\/noticias\/formula-1-confirma-gp-do-brasil-em-interlagos-em-calendario-de-23-corridas-para-2021\/\">calend\u00e1rio da temporada 2021<\/a> divulgada pela F1 nesta semana, a prova ser\u00e1 no fim de semana dos dias 12-14 de novembro. Exatamente daqui a um ano.<\/p>\n\n\n\n<p class=\"wp-block-paragraph\">&#8220;Tenho o orgulho de revelar, com [prefeito de S\u00e3o Paulo] Bruno Covas, que a F\u00f3rmula 1 acaba de renovar o seu contrato para a realiza\u00e7\u00e3o do GP do Brasil de F1 at\u00e9 2025&#8221;, afirmou Doria. &#8220;O contrato ser\u00e1 assinado pelo prefeito Covas com o Liberty Media&#8221;, disse.<\/p>\n\n\n\n<p class=\"wp-block-paragraph\">&#8220;\u00c9 uma grande vit\u00f3ria para a cidade de s\u00e3o Paulo, para o estado e para o Brasil. \u00c9 a vit\u00f3ria do bom senso e do equil\u00edbrio&#8221;, argumentou.<\/p>\n\n\n\n<p class=\"wp-block-paragraph\">J\u00e1 o prefeito Covas afirmou que o evento deixar\u00e1 de se chamar <a href=\"https:\/\/www.grandepremio.com\/br\/f1\/noticias\/com-novo-contrato-prefeito-anuncia-mudanca-sai-gp-do-brasil-entra-gp-de-sao-paulo\/\">GP do Brasil e passar\u00e1 a ser GP de S\u00e3o Paulo<\/a>, embora essa informa\u00e7\u00e3o ainda n\u00e3o tenha qualquer confirma\u00e7\u00e3o por parte do Liberty Media.<\/p>\n\n\n\n<p class=\"wp-block-paragraph\">O an\u00fancio finaliza as discuss\u00f5es que chegaram a tratar Interlagos como carta fora do baralho do GP do Brasil em determinado momento. Parte de uma iniciativa que visava for\u00e7ar o projeto de aut\u00f3dromo em Deodoro, inclusive com <a href=\"https:\/\/www.grandepremio.com\/br\/f1\/noticias\/a-carta-do-lobby-como-a-formula-1-pressiona-por-autodromo-e-agradar-rio-motorsports\/\">lobby direto do diretor-executivo<\/a> Chase Carey, em carta endere\u00e7ada ao governador em exerc\u00edcio do Rio de Janeiro, Cl\u00e1udio Castro.<\/p>\n\n\n\n<figure class=\"wp-block-image size-large\"><img decoding=\"async\" src=\"https:\/\/www.grandepremio.com\/br\/wp-content\/uploads\/2020\/05\/201911171449123_GPBrasil4_DMa-1.jpg\" alt=\"\" class=\"wp-image-374753\"\/><figcaption>Interlagos e F1 seguem juntos (Foto: AFP)<\/figcaption><\/figure>\n\n\n\n<p class=\"wp-block-paragraph\">Na carta-lobby, Carey confirmou o que o cons\u00f3rcio Rio Motorsports dissera pouco antes: o grupo, que surgiu do zero para receber os direitos de construir um aut\u00f3dromo no lugar ocupado pela \u00faltima floresta de Mata Atl\u00e2ntica do Rio de Janeiro, passara a ter os direitos para realizar uma corrida. Mas isso estava condicionado \u00e0s libera\u00e7\u00f5es ambientais para o projeto. O que n\u00e3o aconteceu, ap\u00f3s um <a href=\"https:\/\/www.grandepremio.com\/br\/f1\/noticias\/inea-divulga-parecer-tecnico-que-breca-licenca-ambiental-de-autodromo-do-rio\/\">parecer totalmente negativo<\/a> do INEA &#8211; Instituto Estadual do Meio Ambiente.<\/p>\n\n\n\n<p class=\"wp-block-paragraph\">A Rio Motorsports, ent\u00e3o, recebeu a possibilidade de adquirir os direitos televisivos da F1 no Brasil a partir de 2021, mas teria 45 dias para provar que tinha condi\u00e7\u00f5es financeiras para tanto. N\u00e3o fez, porque jamais teve condi\u00e7\u00f5es financeiras para nada pr\u00f3ximo a isso. E <a href=\"https:\/\/www.grandepremio.com\/br\/f1\/noticias\/rio-motorsports-desiste-de-direitos-de-transmissao-da-f1-e-inventa-incertezas-da-covid-19-na-europa\/\">acabou culpando<\/a>, de maneira ris\u00edvel, &#8220;incertezas relacionadas \u00e0 Covid-19 na Europa&#8221;. <\/p>\n\n\n\n<p class=\"wp-block-paragraph\">No <a href=\"https:\/\/www.grandepremio.com\/br\/f1\/noticias\/gp-as-10-rio-motorsports-sai-da-disputa-e-globo-volta-a-negociar-direitos-da-f1-no-brasil\/\">GP \u00e0s 10 desta manh\u00e3<\/a> [destacado no come\u00e7o da mat\u00e9ria], Victor Martins e Flavio Gomes falaram sobre a queda da Rio Motorsports e o <a href=\"https:\/\/www.grandepremio.com\/br\/f1\/noticias\/globo-confirma-retomada-de-conversas-com-liberty-media-para-transmitir-f1-em-2021\/\">retorno da Globo<\/a> nas conversas sobre direitos de televis\u00e3o.<\/p>\n\n\n\n<p class=\"wp-block-paragraph\">Com fim da sequ\u00eancia nesta temporada 2020, quando o evento foi cancelado por conta da pandemia do novo coronav\u00edrus, o GP brasileiro foi disputado ininterruptamente em Interlagos desde 1990. Antes disso, esteve no circuito entre 1972-1977 e 1979-1980. Ao todo, s\u00e3o 38 edi\u00e7\u00f5es do GP do Brasil em Interlagos, dos quais 37 foram v\u00e1lidos para a pontua\u00e7\u00e3o do campeonato.<\/p>\n\n\n\n<figure class=\"wp-block-embed is-type-video is-provider-youtube wp-block-embed-youtube wp-embed-aspect-16-9 wp-has-aspect-ratio\"><div class=\"wp-block-embed__wrapper\">\n<iframe loading=\"lazy\" title=\"F1 faz acordo de 5 ANOS com INTERLAGOS e quer GLOBO na TV | GP \u00e0s 10\" width=\"500\" height=\"281\" src=\"https:\/\/www.youtube.com\/embed\/cCybOmCpMCs?feature=oembed\" frameborder=\"0\" allow=\"accelerometer; autoplay; clipboard-write; encrypted-media; gyroscope; picture-in-picture; web-share\" referrerpolicy=\"strict-origin-when-cross-origin\" allowfullscreen><\/iframe>\n<\/div><\/figure>\n\n\n\n<figure class=\"wp-block-embed is-type-video is-provider-twitch\"><div class=\"wp-block-embed__wrapper\">\nhttps:\/\/www.twitch.tv\/videos\/800296442\n<\/div><\/figure>\n","protected":false},"excerpt":{"rendered":"<p>An\u00fancio foi feito pelo governador Jo\u00e3o Doria durante entrevista coletiva realizada nesta quinta-feira. Acordo com S\u00e3o Paulo \u00e9 de 5 anos<\/p>\n","protected":false},"author":0,"featured_media":0,"comment_status":"closed","ping_status":"closed","sticky":false,"template":"","format":"standard","meta":{"42wp_featured_image_caption":"","42wp_featured_image_credits":"","42wp_featured_video":"","42wp_featured_image_hidden":false,"42wp_authors_list":[],"footnotes":""},"categories":[2],"tags":[771,1749,118,157,502,124,1943,25505],"42wp_author":[47120],"class_list":["post-125352","post","type-post","status-publish","format-standard","hentry","category-f1","tag-chase-carey","tag-deodoro","tag-f1-2020","tag-formula-1-2020","tag-gp-do-brasil","tag-interlagos","tag-rio-de-janeiro","tag-sao-paulo-2","42wp_author-pedro-henrique-marum"],"_links":{"self":[{"href":"https:\/\/grandepremio.com\/br\/wp-json\/wp\/v2\/posts\/125352","targetHints":{"allow":["GET"]}}],"collection":[{"href":"https:\/\/grandepremio.com\/br\/wp-json\/wp\/v2\/posts"}],"about":[{"href":"https:\/\/grandepremio.com\/br\/wp-json\/wp\/v2\/types\/post"}],"replies":[{"embeddable":true,"href":"https:\/\/grandepremio.com\/br\/wp-json\/wp\/v2\/comments?post=125352"}],"version-history":[{"count":0,"href":"https:\/\/grandepremio.com\/br\/wp-json\/wp\/v2\/posts\/125352\/revisions"}],"wp:attachment":[{"href":"https:\/\/grandepremio.com\/br\/wp-json\/wp\/v2\/media?parent=125352"}],"wp:term":[{"taxonomy":"category","embeddable":true,"href":"https:\/\/grandepremio.com\/br\/wp-json\/wp\/v2\/categories?post=125352"},{"taxonomy":"post_tag","embeddable":true,"href":"https:\/\/grandepremio.com\/br\/wp-json\/wp\/v2\/tags?post=125352"},{"taxonomy":"42wp_author","embeddable":true,"href":"https:\/\/grandepremio.com\/br\/wp-json\/wp\/v2\/42wp_author?post=125352"}],"curies":[{"name":"wp","href":"https:\/\/api.w.org\/{rel}","templated":true}]}}